{"id":2593,"date":"2012-02-14T09:37:32","date_gmt":"2012-02-14T09:37:32","guid":{"rendered":"http:\/\/www.bbyhaber.com\/bby\/?p=2593"},"modified":"2012-05-02T14:32:49","modified_gmt":"2012-05-02T14:32:49","slug":"koye-hem-kutuphane-kurdular-hem-de-festival-kazandirdilar-sivas","status":"publish","type":"post","link":"https:\/\/www.bbyhaber.com\/bby\/2012\/02\/14\/koye-hem-kutuphane-kurdular-hem-de-festival-kazandirdilar-sivas","title":{"rendered":"K\u00f6ye hem k\u00fct\u00fcphane kurdular hem de festival kazand\u0131rd\u0131lar-Sivas"},"content":{"rendered":"<p style=\"text-align: justify;\">\u00dcniversiteli 6 gen\u00e7, Sivas&#8217;\u0131n Ba\u015fyayla k\u00f6y\u00fcne \u00f6nce bir k\u00fct\u00fcphane sonra da bir festival kazand\u0131rd\u0131. E\u011fitim g\u00f6n\u00fcll\u00fcs\u00fc gen\u00e7lerin s\u0131radaki hedefi ise Yozgat&#8217;\u0131n Karahac\u0131l\u0131 k\u00f6y\u00fc. Onlar T\u00fcrkiye&#8217;yi daha ayd\u0131nl\u0131k yar\u0131nlara ta\u015f\u0131maya kararl\u0131 6 gen\u00e7&#8230; Ankara \u00dcniversitesi Siyasal Bilgiler Fak\u00fcltesi \u00f6\u011frencisi olan 20 ya\u015f\u0131ndaki M\u00fccahit G\u00fcndo\u011fdu ve ayn\u0131 ya\u015ftaki arkada\u015flar\u0131 Ebubekir Elliiki, Yunus \u015eahbaz, Emre Aktan, Vedat Albayrak ve Hamza \u00c7ift\u00e7i, e\u015f, dost ve arkada\u015flar\u0131n\u0131n deste\u011fiyle yakla\u015f\u0131k 3 bin kitap toplad\u0131. <!--more-->Ve Sivas&#8217;\u0131n Alt\u0131nyayla il\u00e7esine ba\u011fl\u0131 Ba\u015fyayla k\u00f6y\u00fcnde ge\u00e7en y\u0131l g\u00f6rkemli bir a\u00e7\u0131l\u0131\u015fla k\u00fct\u00fcphaneyi hizmete soktular. K\u00f6y halk\u0131n\u0131n k\u00fct\u00fcphaneye g\u00f6sterdi\u011fi ilgi \u015fa\u015f\u0131rt\u0131c\u0131yd\u0131. Bin n\u00fcfuslu k\u00f6yde \u00f6zellikle \u00f6\u011frenciler \u00f6devlerini ara\u015ft\u0131racak bir yerin olmamas\u0131 nedeniyle b\u00fcy\u00fck zorluk ya\u015f\u0131yordu. En \u00e7ok onlar sevindi k\u00fct\u00fcphaneye. Bu durum k\u00f6ydeki \u00f6\u011fretmenlerin de i\u015fini kolayla\u015ft\u0131rd\u0131. \u00d6\u011frencilere, daha \u00f6nce veremedikleri ara\u015ft\u0131rma ve okuma \u00f6devlerini rahatl\u0131kla vermeye ba\u015flad\u0131lar.<\/p>\n<p style=\"text-align: justify;\">\u00dcniversiteli e\u011fitim neferleri bununla da kalmad\u0131. Ge\u00e7en y\u0131l temmuz ay\u0131nda &#8216;Farkl\u0131l\u0131klar\u0131m\u0131zla Birlikte Ya\u015fayal\u0131m&#8217; temal\u0131 Ba\u015fyayla K\u00f6y\u00fc 1. K\u00fclt\u00fcr ve Sanat Festivali&#8217;ni d\u00fczenlediler. Tiyatro oyuncusu Ahmet Yenilmez ve yazar Suzan Samanc\u0131&#8217;n\u0131n kat\u0131ld\u0131\u011f\u0131 festivalde \u00e7e\u015fitli sergiler de tertiplendi. M\u00fccahit ve arkada\u015flar\u0131 Ebubekir Elliiki, Yunus \u015eahbaz, Emre Aktan, Vedat Albayrak ve Hamza \u00c7ift\u00e7i \u015fimdi de Yozgat&#8217;\u0131n \u00c7ekerek il\u00e7esine ba\u011fl\u0131 Karahac\u0131l\u0131 k\u00f6y\u00fcne k\u00fct\u00fcphane kazand\u0131rmak i\u00e7in kollar\u0131 s\u0131vad\u0131. &#8220;Her k\u00f6ye bir k\u00fct\u00fcphane&#8221; slogan\u0131yla yola \u00e7\u0131kt\u0131klar\u0131n\u0131 anlatan M\u00fccahit G\u00fcndo\u011fdu \u015funlar\u0131 anlatt\u0131: &#8220;Fak\u00fcltemizde a\u00e7t\u0131\u011f\u0131m\u0131z stantta kitap ba\u011f\u0131\u015flar\u0131n\u0131 kabul ediyoruz. Biz bu g\u00fczel projeyi her sene bir k\u00f6ye k\u00fct\u00fcphane kurarak sistemli bir i\u015f haline getirmeyi hedefliyoruz.&#8221; Toplad\u0131klar\u0131 kitap say\u0131s\u0131 2 bini bulmu\u015f \u015fimdiden. Nisan ay\u0131nda Karahac\u0131l\u0131 k\u00f6y\u00fcnde k\u00fct\u00fcphane a\u00e7\u0131l\u0131\u015f\u0131n\u0131 yapmay\u0131 planlad\u0131klar\u0131n\u0131 s\u00f6yleyen G\u00fcndo\u011fdu, &#8220;Hedefimiz 5 bin kitaptan olu\u015fan bir k\u00fct\u00fcphane kurabilmek. Bunun i\u00e7in herkesten destek bekliyoruz&#8221; dedi.<\/p>\n<p style=\"text-align: justify;\">Kaynak: http:\/\/www.sabah.com.tr<\/p>\n","protected":false},"excerpt":{"rendered":"<p>\u00dcniversiteli 6 gen\u00e7, Sivas&#8217;\u0131n Ba\u015fyayla k\u00f6y\u00fcne \u00f6nce bir k\u00fct\u00fcphane sonra da bir festival kazand\u0131rd\u0131. E\u011fitim g\u00f6n\u00fcll\u00fcs\u00fc gen\u00e7lerin s\u0131radaki hedefi ise Yozgat&#8217;\u0131n Karahac\u0131l\u0131 k\u00f6y\u00fc. Onlar T\u00fcrkiye&#8217;yi daha ayd\u0131nl\u0131k yar\u0131nlara ta\u015f\u0131maya kararl\u0131 6 gen\u00e7&#8230; Ankara \u00dcniversitesi Siyasal Bilgiler Fak\u00fcltesi \u00f6\u011frencisi olan 20 ya\u015f\u0131ndaki M\u00fccahit G\u00fcndo\u011fdu ve ayn\u0131 ya\u015ftaki arkada\u015flar\u0131 Ebubekir Elliiki, Yunus \u015eahbaz, Emre Aktan, Vedat Albayrak [&hellip;]<\/p>\n","protected":false},"author":1,"featured_media":0,"comment_status":"open","ping_status":"open","sticky":false,"template":"","format":"standard","meta":{"footnotes":""},"categories":[1,1492,1497,1498],"tags":[],"class_list":["post-2593","post","type-post","status-publish","format-standard","hentry","category-genel","category-kitap-destek","category-kitap-toplama","category-koy-kutuphaneleri"],"_links":{"self":[{"href":"https:\/\/www.bbyhaber.com\/bby\/wp-json\/wp\/v2\/posts\/2593"}],"collection":[{"href":"https:\/\/www.bbyhaber.com\/bby\/wp-json\/wp\/v2\/posts"}],"about":[{"href":"https:\/\/www.bbyhaber.com\/bby\/wp-json\/wp\/v2\/types\/post"}],"author":[{"embeddable":true,"href":"https:\/\/www.bbyhaber.com\/bby\/wp-json\/wp\/v2\/users\/1"}],"replies":[{"embeddable":true,"href":"https:\/\/www.bbyhaber.com\/bby\/wp-json\/wp\/v2\/comments?post=2593"}],"version-history":[{"count":0,"href":"https:\/\/www.bbyhaber.com\/bby\/wp-json\/wp\/v2\/posts\/2593\/revisions"}],"wp:attachment":[{"href":"https:\/\/www.bbyhaber.com\/bby\/wp-json\/wp\/v2\/media?parent=2593"}],"wp:term":[{"taxonomy":"category","embeddable":true,"href":"https:\/\/www.bbyhaber.com\/bby\/wp-json\/wp\/v2\/categories?post=2593"},{"taxonomy":"post_tag","embeddable":true,"href":"https:\/\/www.bbyhaber.com\/bby\/wp-json\/wp\/v2\/tags?post=2593"}],"curies":[{"name":"wp","href":"https:\/\/api.w.org\/{rel}","templated":true}]}}