{"id":25925,"date":"2019-01-18T18:15:51","date_gmt":"2019-01-18T15:15:51","guid":{"rendered":"http:\/\/www.bbyhaber.com\/bby\/?p=25925"},"modified":"2019-01-25T16:23:44","modified_gmt":"2019-01-25T13:23:44","slug":"kitap-tanitimi-kulturel-kalkinma-icin-yasayan-kutuphaneler-doc-dr-erol-yilmaz","status":"publish","type":"post","link":"https:\/\/www.bbyhaber.com\/bby\/2019\/01\/18\/kitap-tanitimi-kulturel-kalkinma-icin-yasayan-kutuphaneler-doc-dr-erol-yilmaz","title":{"rendered":"Kitap tan\u0131t\u0131m\u0131 \u2013> K\u00fclt\u00fcrel Kalk\u0131nma \u0130\u00e7in Ya\u015fayan K\u00fct\u00fcphaneler | Do\u00e7. Dr. Erol YILMAZ"},"content":{"rendered":"<p><a href=\"http:\/\/www.bbyhaber.com\/bby\/wp-content\/uploads\/2019\/01\/erolyilmaz-kitap1.jpg\"><img loading=\"lazy\" decoding=\"async\" class=\"alignleft wp-image-25926\" src=\"http:\/\/www.bbyhaber.com\/bby\/wp-content\/uploads\/2019\/01\/erolyilmaz-kitap1.jpg\" alt=\"\" width=\"200\" height=\"313\" \/><\/a><strong>K\u00fclt\u00fcrel Kalk\u0131nma \u0130\u00e7in Ya\u015fayan K\u00fct\u00fcphaneler | Do\u00e7. Dr. Erol YILMAZ<\/strong><\/p>\n<p>Nefes alan, nefes al\u0131nabilen, hayat veren\u2026<br \/>\nG\u00fcnl\u00fck gazetelere, haftal\u0131k ve ayl\u0131k edeb\u00ee dergilere en geni\u015f \u015fekilde ve kolayl\u0131kla eri\u015filebilen, doya doya okunabilen\u2026<br \/>\nM\u00fczik de dinlenilebilen, \u00f6zel olarak ayr\u0131lm\u0131\u015f alanlarda iki veya daha \u00e7ok ki\u015fiyle ders de \u00e7al\u0131\u015f\u0131labilen, ileri \u00e7al\u0131\u015fmalar i\u00e7in haz\u0131rl\u0131k da yap\u0131labilen\u2026<br \/>\nFilm izlenilebilen, konferans dinlenilebilen, yazar-okur bulu\u015fmalar\u0131 ile imza g\u00fcnleri d\u00fczenlenebilen\u2026\u00a0\u00a0<!--more--><br \/>\n<img loading=\"lazy\" decoding=\"async\" class=\"alignnone wp-image-25927\" src=\"http:\/\/www.bbyhaber.com\/bby\/wp-content\/uploads\/2019\/01\/erolyilmaz-kitap2.jpg\" alt=\"\" width=\"401\" height=\"204\" srcset=\"https:\/\/www.bbyhaber.com\/bby\/wp-content\/uploads\/2019\/01\/erolyilmaz-kitap2.jpg 521w, https:\/\/www.bbyhaber.com\/bby\/wp-content\/uploads\/2019\/01\/erolyilmaz-kitap2-300x153.jpg 300w\" sizes=\"(max-width: 401px) 100vw, 401px\" \/><\/p>\n<p>Resim, ah\u015fap i\u015fleri, el i\u015fleri gibi sanat ve beceri odakl\u0131 \u00fcr\u00fcnlerin sergilenmesine ve ilgililerle bulu\u015fmas\u0131na f\u0131rsat veren\u2026<br \/>\nK\u0131sacas\u0131, kelimenin tam anlam\u0131yla hizmet verdi\u011fi insan\u00adlar gibi \u201cya\u015fayan\u201d ve i\u00e7erisinde ya\u015fan\u0131lan, \u201cokul-i\u015f-ev\u201d \u00fc\u00e7ge\u00adninin yan\u0131nda \u201c\u00fc\u00e7\u00fcnc\u00fc mek\u00e2n\u201d olarak, bireylerin hayat\u0131n\u0131n tam merkezinde yer alan toplumsal ya\u015fam alanlar\u0131d\u0131r <strong>Ya\u015fa\u00adyan K\u00fct\u00fcphaneler<\/strong>.<br \/>\n\u2026<br \/>\nElinizdeki kitap, esas itibariyle, T\u00fcrkiye\u2019deki k\u00fct\u00fcphaneler ve bu k\u00fct\u00fcphanelerde sunulmakta olan bilgi hizmetlerinin durumu ve k\u00fct\u00fcphaneler konusunda \u00fclkemizin genel manzaras\u0131ndan hareketle, bir model olarak \u201cYa\u015fayan K\u00fct\u00fcphaneler\u201di \u00f6nermekte ve bilhassa halk k\u00fct\u00fcphaneleri oda\u011f\u0131nda b\u00f6yle bir modelin k\u00fclt\u00fcrel kalk\u0131nma ba\u011flam\u0131ndaki ya\u015famsal \u00f6nemine i\u015faret etmektedir.<br \/>\nYa\u015fayan K\u00fct\u00fcphane kavram ve olgusuna ana hatlar\u0131yla de\u011finilen kitap, yukar\u0131da bahsi ge\u00e7en konulara &#8211;<em>bilimsel bir dil kullanmaks\u0131z\u0131n<\/em>&#8211; k\u00fc\u00e7\u00fck dokunu\u015flar yapan denemelerden olu\u015fmaktad\u0131r.<br \/>\n\u2018Kitap\u2019, \u2018bilgi\u2019, \u2018okuma al\u0131\u015fkanl\u0131\u011f\u0131\u2019, \u2018k\u00fct\u00fcphane\u2019 ve bu olgulara dair k\u00fclt\u00fcrlerin (okuma k\u00fclt\u00fcr\u00fc, k\u00fct\u00fcphane k\u00fclt\u00fcr\u00fc vs.) olu\u015fmas\u0131n\u0131n gereklili\u011fi hakk\u0131nda Erol Y\u0131lmaz taraf\u0131ndan kaleme al\u0131nan bu yaz\u0131lar, okuyanlar\u0131n zihninde \u00e7a\u011fr\u0131\u015f\u0131mlar yaparak ve k\u00fc\u00e7\u00fck soru i\u015faretleri olu\u015fturarak, sivil toplum (halk) ve siyasal toplum (devlet) nezdinde fark\u0131ndal\u0131k seviyesini y\u00fckseltmeyi ama\u00e7lamaktad\u0131r.<\/p>\n<p>Yay\u0131n Tarihi 2019-01-02<br \/>\nISBN 6057525222<br \/>\nBask\u0131 Say\u0131s\u0131 1. Bask\u0131<br \/>\nDil T\u00dcRK\u00c7E<br \/>\nSayfa Say\u0131s\u0131 229<br \/>\nCilt Tipi Karton Kapak<br \/>\nKa\u011f\u0131t Cinsi Kitap Ka\u011f\u0131d\u0131<br \/>\nBoyut 13.5 x 21 cm<\/p>\n","protected":false},"excerpt":{"rendered":"<p>K\u00fclt\u00fcrel Kalk\u0131nma \u0130\u00e7in Ya\u015fayan K\u00fct\u00fcphaneler | Do\u00e7. Dr. Erol YILMAZ Nefes alan, nefes al\u0131nabilen, hayat veren\u2026 G\u00fcnl\u00fck gazetelere, haftal\u0131k ve ayl\u0131k edeb\u00ee dergilere en geni\u015f \u015fekilde ve kolayl\u0131kla eri\u015filebilen, doya doya okunabilen\u2026 M\u00fczik de dinlenilebilen, \u00f6zel olarak ayr\u0131lm\u0131\u015f alanlarda iki veya daha \u00e7ok ki\u015fiyle ders de \u00e7al\u0131\u015f\u0131labilen, ileri \u00e7al\u0131\u015fmalar i\u00e7in haz\u0131rl\u0131k da yap\u0131labilen\u2026 Film izlenilebilen, [&hellip;]<\/p>\n","protected":false},"author":1,"featured_media":25926,"comment_status":"open","ping_status":"open","sticky":false,"template":"","format":"standard","meta":{"footnotes":""},"categories":[1,1596],"tags":[1408],"class_list":["post-25925","post","type-post","status-publish","format-standard","has-post-thumbnail","hentry","category-genel","category-prof-dr-erol-yilmaz","tag-kitap-tanitimlari"],"_links":{"self":[{"href":"https:\/\/www.bbyhaber.com\/bby\/wp-json\/wp\/v2\/posts\/25925"}],"collection":[{"href":"https:\/\/www.bbyhaber.com\/bby\/wp-json\/wp\/v2\/posts"}],"about":[{"href":"https:\/\/www.bbyhaber.com\/bby\/wp-json\/wp\/v2\/types\/post"}],"author":[{"embeddable":true,"href":"https:\/\/www.bbyhaber.com\/bby\/wp-json\/wp\/v2\/users\/1"}],"replies":[{"embeddable":true,"href":"https:\/\/www.bbyhaber.com\/bby\/wp-json\/wp\/v2\/comments?post=25925"}],"version-history":[{"count":4,"href":"https:\/\/www.bbyhaber.com\/bby\/wp-json\/wp\/v2\/posts\/25925\/revisions"}],"predecessor-version":[{"id":25993,"href":"https:\/\/www.bbyhaber.com\/bby\/wp-json\/wp\/v2\/posts\/25925\/revisions\/25993"}],"wp:featuredmedia":[{"embeddable":true,"href":"https:\/\/www.bbyhaber.com\/bby\/wp-json\/wp\/v2\/media\/25926"}],"wp:attachment":[{"href":"https:\/\/www.bbyhaber.com\/bby\/wp-json\/wp\/v2\/media?parent=25925"}],"wp:term":[{"taxonomy":"category","embeddable":true,"href":"https:\/\/www.bbyhaber.com\/bby\/wp-json\/wp\/v2\/categories?post=25925"},{"taxonomy":"post_tag","embeddable":true,"href":"https:\/\/www.bbyhaber.com\/bby\/wp-json\/wp\/v2\/tags?post=25925"}],"curies":[{"name":"wp","href":"https:\/\/api.w.org\/{rel}","templated":true}]}}