{"id":25920,"date":"2019-01-18T16:59:27","date_gmt":"2019-01-18T13:59:27","guid":{"rendered":"http:\/\/www.bbyhaber.com\/bby\/?p=25920"},"modified":"2019-01-25T13:51:53","modified_gmt":"2019-01-25T10:51:53","slug":"ankos-personel-degisim-programi-son-basvuru-08-mart-2019","status":"publish","type":"post","link":"https:\/\/www.bbyhaber.com\/bby\/2019\/01\/18\/ankos-personel-degisim-programi-son-basvuru-08-mart-2019","title":{"rendered":"ANKOS Personel De\u011fi\u015fim Program\u0131-Son Ba\u015fvuru-08 Mart 2019"},"content":{"rendered":"<p><a href=\"http:\/\/www.bbyhaber.com\/bby\/wp-content\/uploads\/2019\/01\/ankos-degisim-programi2019.jpg\"><img loading=\"lazy\" decoding=\"async\" class=\"alignleft wp-image-25922 size-full\" src=\"http:\/\/www.bbyhaber.com\/bby\/wp-content\/uploads\/2019\/01\/ankos-degisim-programi2019.jpg\" alt=\"\" width=\"390\" height=\"180\" \/><\/a>ANKOS\u2019un sadece elektronik kaynaklar alan\u0131nda bir pazarl\u0131k y\u00fcr\u00fct\u00fcc\u00fc olmamas\u0131n\u0131n ve T\u00fcrk \u00fcniversite k\u00fct\u00fcphanecili\u011fini ve k\u00fct\u00fcphanecilerini bilgi ve tecr\u00fcbe payla\u015f\u0131m\u0131 konular\u0131nda desteklemeyi ve yak\u0131nla\u015ft\u0131rmay\u0131 da misyon edinmesi kapsam\u0131nda d\u00fczenlenen <strong>ANKOS Personel De\u011fi\u015fim Program\u0131<\/strong> (APDP) <span style=\"color: #ff0000;\"><strong>15-19 Nisan 2019<\/strong> <\/span>tarihleri aras\u0131nda \u0130stanbul\u2019daki 4 kurumun ortakl\u0131\u011f\u0131 ve ev sahipli\u011finde ger\u00e7ekle\u015ftirilecektir.<!--more--> <strong>Ev sahibi kurumlar\u00a0Bah\u00e7e\u015fehir, Bo\u011fazi\u00e7i, Marmara ve \u0130stanbul Teknik \u00dcniversiteleridir.<\/strong><\/p>\n<p><span style=\"color: #ff0000;\"><strong>ANKOS Personel De\u011fi\u015fim Program\u0131 2019<\/strong><\/span><\/p>\n<p><strong><span style=\"color: #ff0000;\">Kat\u0131l\u0131mc\u0131larda Aranan \u00d6zellikler<\/span><\/strong><\/p>\n<ul>\n<li>ANKOS \u00fcyesi bir \u00fcniversite k\u00fct\u00fcphanesinde g\u00f6revli olmak;<\/li>\n<li>Bilgi ve Belge Y\u00f6netimi ya da di\u011fer bir 4 y\u0131ll\u0131k b\u00f6l\u00fcm mezunu olmak;<\/li>\n<li>Meslekte 5 y\u0131l\u0131 doldurmam\u0131\u015f olmak;<\/li>\n<\/ul>\n<h3><span style=\"color: #ff0000;\">Program Tarihi ve S\u00fcresi<\/span><\/h3>\n<p class=\"lead\">Ba\u015fvuru ba\u015flang\u0131\u00e7 tarihi: 04 \u015eubat 2019<\/p>\n<p class=\"lead\">Ba\u015fvuru biti\u015f tarihi: 08 Mart 2019<\/p>\n<p class=\"lead\">Sonu\u00e7lar\u0131n duyurulaca\u011f\u0131 tarih: 15 Mart 2019<\/p>\n<p class=\"lead\">Program\u0131n Yap\u0131laca\u011f\u0131 Tarih: 15 \u2013 19 Nisan 2019<\/p>\n<h3>Programa ev sahipli\u011fi yapacak kurumlar:<\/h3>\n<ol class=\"lead\">\n<li><a href=\"http:\/\/www.library.boun.edu.tr\/\" target=\"_blank\" rel=\"noopener\">Bo\u011fazi\u00e7i \u00dcniversitesi Abdullah Kuran K\u00fct\u00fcphanesi<\/a><\/li>\n<li><a href=\"http:\/\/www.kutuphane.itu.edu.tr\/\/\" target=\"_blank\" rel=\"noopener\">\u0130stanbul Teknik \u00dcniversitesi Mustafa \u0130nan K\u00fct\u00fcphanesi<\/a><\/li>\n<li><a href=\"https:\/\/kutuphane.marmara.edu.tr\/\" target=\"_blank\" rel=\"noopener\">Marmara \u00dcniversitesi Prof. Dr. Orhan O\u011fuz K\u00fct\u00fcphanesi<\/a><\/li>\n<li><a href=\"https:\/\/library.bahcesehir.edu.tr\/\" target=\"_blank\" rel=\"noopener\">Bah\u00e7e\u015fehir \u00dcniversitesi Barbaros K\u00fct\u00fcphanesi<\/a><\/li>\n<\/ol>\n<h3>Ba\u015fvuru S\u00fcreci<\/h3>\n<p>Ba\u015fvuru s\u00fcreleri program duyurular\u0131ndan \u00f6\u011frenilebilir. Ba\u015fvuru i\u00e7in\u00a0<a href=\"http:\/\/apdp.ankos.gen.tr\/?p=6\" target=\"_blank\" rel=\"noopener\">http:\/\/apdp.ankos.gen.tr\/?p=6<\/a>\u00a0adresinde yer alan formun doldurulmas\u0131 gerekmektedir.<\/p>\n<h3>Program<\/h3>\n<p>APDP 2019 Program\u0131 (Duyurulacak)<\/p>\n","protected":false},"excerpt":{"rendered":"<p>ANKOS\u2019un sadece elektronik kaynaklar alan\u0131nda bir pazarl\u0131k y\u00fcr\u00fct\u00fcc\u00fc olmamas\u0131n\u0131n ve T\u00fcrk \u00fcniversite k\u00fct\u00fcphanecili\u011fini ve k\u00fct\u00fcphanecilerini bilgi ve tecr\u00fcbe payla\u015f\u0131m\u0131 konular\u0131nda desteklemeyi ve yak\u0131nla\u015ft\u0131rmay\u0131 da misyon edinmesi kapsam\u0131nda d\u00fczenlenen ANKOS Personel De\u011fi\u015fim Program\u0131 (APDP) 15-19 Nisan 2019 tarihleri aras\u0131nda \u0130stanbul\u2019daki 4 kurumun ortakl\u0131\u011f\u0131 ve ev sahipli\u011finde ger\u00e7ekle\u015ftirilecektir.<\/p>\n","protected":false},"author":1,"featured_media":25922,"comment_status":"open","ping_status":"open","sticky":false,"template":"","format":"standard","meta":{"footnotes":""},"categories":[1],"tags":[1015],"class_list":["post-25920","post","type-post","status-publish","format-standard","has-post-thumbnail","hentry","category-genel","tag-ankos"],"_links":{"self":[{"href":"https:\/\/www.bbyhaber.com\/bby\/wp-json\/wp\/v2\/posts\/25920"}],"collection":[{"href":"https:\/\/www.bbyhaber.com\/bby\/wp-json\/wp\/v2\/posts"}],"about":[{"href":"https:\/\/www.bbyhaber.com\/bby\/wp-json\/wp\/v2\/types\/post"}],"author":[{"embeddable":true,"href":"https:\/\/www.bbyhaber.com\/bby\/wp-json\/wp\/v2\/users\/1"}],"replies":[{"embeddable":true,"href":"https:\/\/www.bbyhaber.com\/bby\/wp-json\/wp\/v2\/comments?post=25920"}],"version-history":[{"count":1,"href":"https:\/\/www.bbyhaber.com\/bby\/wp-json\/wp\/v2\/posts\/25920\/revisions"}],"predecessor-version":[{"id":25923,"href":"https:\/\/www.bbyhaber.com\/bby\/wp-json\/wp\/v2\/posts\/25920\/revisions\/25923"}],"wp:featuredmedia":[{"embeddable":true,"href":"https:\/\/www.bbyhaber.com\/bby\/wp-json\/wp\/v2\/media\/25922"}],"wp:attachment":[{"href":"https:\/\/www.bbyhaber.com\/bby\/wp-json\/wp\/v2\/media?parent=25920"}],"wp:term":[{"taxonomy":"category","embeddable":true,"href":"https:\/\/www.bbyhaber.com\/bby\/wp-json\/wp\/v2\/categories?post=25920"},{"taxonomy":"post_tag","embeddable":true,"href":"https:\/\/www.bbyhaber.com\/bby\/wp-json\/wp\/v2\/tags?post=25920"}],"curies":[{"name":"wp","href":"https:\/\/api.w.org\/{rel}","templated":true}]}}