{"id":25915,"date":"2019-01-18T16:24:54","date_gmt":"2019-01-18T13:24:54","guid":{"rendered":"http:\/\/www.bbyhaber.com\/bby\/?p=25915"},"modified":"2019-01-25T13:52:18","modified_gmt":"2019-01-25T10:52:18","slug":"tapu-ve-kadastro-genel-mudurlugunun-kadrolari-aciklandi-bbykadroistiyor","status":"publish","type":"post","link":"https:\/\/www.bbyhaber.com\/bby\/2019\/01\/18\/tapu-ve-kadastro-genel-mudurlugunun-kadrolari-aciklandi-bbykadroistiyor","title":{"rendered":"Tapu ve Kadastro Genel M\u00fcd\u00fcrl\u00fc\u011f\u00fc&#8217;n\u00fcn kadrolar\u0131 a\u00e7\u0131kland\u0131 #bbykadroistiyor"},"content":{"rendered":"<p><a href=\"http:\/\/www.bbyhaber.com\/bby\/wp-content\/uploads\/2019\/01\/tapuda-son-durum.jpg\"><img loading=\"lazy\" decoding=\"async\" class=\"alignleft wp-image-25916 size-full\" src=\"http:\/\/www.bbyhaber.com\/bby\/wp-content\/uploads\/2019\/01\/tapuda-son-durum.jpg\" alt=\"\" width=\"390\" height=\"180\" \/><\/a>Tapu ve Kadastro Genel M\u00fcd\u00fcrl\u00fc\u011f\u00fc\u2019n\u00fcn s\u00f6zle\u015fmeli personel pozisyonlar\u0131na 657 say\u0131l\u0131 Devlet Memurlar\u0131 Kanununun 4 \u00fcnc\u00fc maddesinin (B) f\u0131kras\u0131na g\u00f6re istihdam edilmek \u00fczere <a href=\"https:\/\/www.osym.gov.tr\/TR,15560\/kpss-20193-cevre-ve-sehircilik-bakanligi-tapu-ve-kadastro-genel-mudurlugunun-sozlesmeli-pozisyonlarina-yerlestirme-yapmak-icin-adaylardan-tercih-alinacak-18012019.html\" target=\"_blank\" rel=\"noopener\">yerle\u015ftirme yap\u0131lacakt\u0131r<\/a>.<\/p>\n<p>Ge\u00e7ti\u011fimiz g\u00fcnlerde TKD Ba\u015fkan\u0131 Ali Fuat KARTAL&#8217;\u0131n da <strong><a href=\"http:\/\/www.bbyhaber.com\/bby\/2019\/01\/09\/tapunun-alim-yapacagi-264-kisilik-kadroda-bby-mezunlari-olmayacak-bbykadroistiyor\" target=\"_blank\" rel=\"noopener\">a\u00e7\u0131klad\u0131\u011f\u0131<\/a><\/strong> gibi bu a\u00e7\u0131lan kadrolar <span style=\"color: #ff0000;\">malesef bizim b\u00f6l\u00fcme a\u00e7\u0131lmam\u0131\u015ft\u0131r.<\/span><!--more--> Farkl\u0131 b\u00f6l\u00fcmlere a\u00e7\u0131lm\u0131\u015ft\u0131r. Yandaki g\u00f6rselden hangi b\u00f6l\u00fcmlere a\u00e7\u0131ld\u0131\u011f\u0131n\u0131 inceleyebilirsiniz.<\/p>\n<p><strong>E\u011fer bundan sonra bu kuruma a\u00e7\u0131lacak kadro olursa, Ar\u015fiv Memuru kadrolar\u0131 bizlerin hakk\u0131d\u0131r ve bizlere a\u00e7\u0131lmal\u0131d\u0131r! Ar\u015fivcilik mesle\u011fimizin temel ta\u015flar\u0131ndan biridir. Bu meslek bizimdir!<\/strong><\/p>\n","protected":false},"excerpt":{"rendered":"<p>Tapu ve Kadastro Genel M\u00fcd\u00fcrl\u00fc\u011f\u00fc\u2019n\u00fcn s\u00f6zle\u015fmeli personel pozisyonlar\u0131na 657 say\u0131l\u0131 Devlet Memurlar\u0131 Kanununun 4 \u00fcnc\u00fc maddesinin (B) f\u0131kras\u0131na g\u00f6re istihdam edilmek \u00fczere yerle\u015ftirme yap\u0131lacakt\u0131r. Ge\u00e7ti\u011fimiz g\u00fcnlerde TKD Ba\u015fkan\u0131 Ali Fuat KARTAL&#8217;\u0131n da a\u00e7\u0131klad\u0131\u011f\u0131 gibi bu a\u00e7\u0131lan kadrolar malesef bizim b\u00f6l\u00fcme a\u00e7\u0131lmam\u0131\u015ft\u0131r.<\/p>\n","protected":false},"author":1,"featured_media":25916,"comment_status":"open","ping_status":"open","sticky":false,"template":"","format":"standard","meta":{"footnotes":""},"categories":[1],"tags":[1096,1398],"class_list":["post-25915","post","type-post","status-publish","format-standard","has-post-thumbnail","hentry","category-genel","tag-arsivcilik","tag-bby-ozluk-haklari"],"_links":{"self":[{"href":"https:\/\/www.bbyhaber.com\/bby\/wp-json\/wp\/v2\/posts\/25915"}],"collection":[{"href":"https:\/\/www.bbyhaber.com\/bby\/wp-json\/wp\/v2\/posts"}],"about":[{"href":"https:\/\/www.bbyhaber.com\/bby\/wp-json\/wp\/v2\/types\/post"}],"author":[{"embeddable":true,"href":"https:\/\/www.bbyhaber.com\/bby\/wp-json\/wp\/v2\/users\/1"}],"replies":[{"embeddable":true,"href":"https:\/\/www.bbyhaber.com\/bby\/wp-json\/wp\/v2\/comments?post=25915"}],"version-history":[{"count":3,"href":"https:\/\/www.bbyhaber.com\/bby\/wp-json\/wp\/v2\/posts\/25915\/revisions"}],"predecessor-version":[{"id":25919,"href":"https:\/\/www.bbyhaber.com\/bby\/wp-json\/wp\/v2\/posts\/25915\/revisions\/25919"}],"wp:featuredmedia":[{"embeddable":true,"href":"https:\/\/www.bbyhaber.com\/bby\/wp-json\/wp\/v2\/media\/25916"}],"wp:attachment":[{"href":"https:\/\/www.bbyhaber.com\/bby\/wp-json\/wp\/v2\/media?parent=25915"}],"wp:term":[{"taxonomy":"category","embeddable":true,"href":"https:\/\/www.bbyhaber.com\/bby\/wp-json\/wp\/v2\/categories?post=25915"},{"taxonomy":"post_tag","embeddable":true,"href":"https:\/\/www.bbyhaber.com\/bby\/wp-json\/wp\/v2\/tags?post=25915"}],"curies":[{"name":"wp","href":"https:\/\/api.w.org\/{rel}","templated":true}]}}