{"id":25902,"date":"2019-01-16T10:34:15","date_gmt":"2019-01-16T07:34:15","guid":{"rendered":"http:\/\/www.bbyhaber.com\/bby\/?p=25902"},"modified":"2019-01-16T10:34:43","modified_gmt":"2019-01-16T07:34:43","slug":"mbb-kutuphane-ve-bilgi-merkezleri-platform-bulteni-5-sayi-yayinlandi","status":"publish","type":"post","link":"https:\/\/www.bbyhaber.com\/bby\/2019\/01\/16\/mbb-kutuphane-ve-bilgi-merkezleri-platform-bulteni-5-sayi-yayinlandi","title":{"rendered":"MBB K\u00fct\u00fcphane ve Bilgi Merkezleri Platform B\u00fclteni 5. Say\u0131 Yay\u0131nland\u0131"},"content":{"rendered":"<p><a href=\"http:\/\/www.bbyhaber.com\/bby\/wp-content\/uploads\/2019\/01\/MBB-K\u00dcT\u00dcPHANE-VE-B\u0130LG\u0130-MERKEZLER\u0130-PLATFORM-B\u00dcLTEN\u0130-5.pdf\" target=\"_blank\" rel=\"noopener\"><img loading=\"lazy\" decoding=\"async\" class=\"alignleft size-medium wp-image-25907\" src=\"http:\/\/www.bbyhaber.com\/bby\/wp-content\/uploads\/2019\/01\/mbbbulten5-217x300.png\" alt=\"\" width=\"217\" height=\"300\" srcset=\"https:\/\/www.bbyhaber.com\/bby\/wp-content\/uploads\/2019\/01\/mbbbulten5-217x300.png 217w, https:\/\/www.bbyhaber.com\/bby\/wp-content\/uploads\/2019\/01\/mbbbulten5.png 618w\" sizes=\"(max-width: 217px) 100vw, 217px\" \/><\/a>B\u00fcltenin be\u015finci say\u0131s\u0131nda, Kayseri B\u00fcy\u00fck\u015fehir Belediyesinin Kilise K\u00fct\u00fcphanesinden, Yazma Eser Koleksiyonu Dijitale ilk aktar\u0131lan k\u00fct\u00fcphaneye; \u0130stanbul B\u00fcy\u00fck\u015fehir Belediyesi K\u00fct\u00fcphane ve M\u00fczeler M\u00fcd\u00fcrl\u00fc\u011f\u00fcn\u00fcn Havadis sergisinden, \u0130stanbul \u00dcniversitesi Bilgi ve Belge Y\u00f6netimi \u00d6\u011frenci Kul\u00fcb\u00fc (BBYON)\u2019n\u00fcn projelerine kadar farkl\u0131, \u00e7e\u015fitli ve k\u0131ymetli yaz\u0131lar yer almakta.<\/p>\n<div dir=\"ltr\">\n<div><\/div>\n<div>B\u00fcltenin alt\u0131nc\u0131 say\u0131s\u0131 i\u00e7in de \u00e7al\u0131\u015fmalara ba\u015flanm\u0131\u015f durumda.<\/div>\n<div><\/div>\n<div>B\u00fcltende yaz\u0131n\u0131z\u0131n yer almas\u0131n\u0131 istiyorsan\u0131z\u00a0<a href=\"mailto:sefa.sahin@marmara.gov.tr\" target=\"_blank\" rel=\"noopener\">sefa.sahin@marmara.gov.tr<\/a>\u00a0adresinden ula\u015ft\u0131rabilirsiniz.<\/div>\n<div><\/div>\n<\/div>\n<div>[button color=&#8221;red&#8221; size=&#8221;medium&#8221; link=&#8221;http:\/\/www.bbyhaber.com\/bby\/wp-content\/uploads\/2019\/01\/MBB-K\u00dcT\u00dcPHANE-VE-B\u0130LG\u0130-MERKEZLER\u0130-PLATFORM-B\u00dcLTEN\u0130-5.pdf&#8221; icon=&#8221;&#8221; target=&#8221;true&#8221;]B\u00fcltene Ula\u015fmak \u0130\u00e7in T\u0131klay\u0131n\u0131z![\/button]<\/div>\n<div dir=\"ltr\">\n<div><\/div>\n<\/div>\n","protected":false},"excerpt":{"rendered":"<p>B\u00fcltenin be\u015finci say\u0131s\u0131nda, Kayseri B\u00fcy\u00fck\u015fehir Belediyesinin Kilise K\u00fct\u00fcphanesinden, Yazma Eser Koleksiyonu Dijitale ilk aktar\u0131lan k\u00fct\u00fcphaneye; \u0130stanbul B\u00fcy\u00fck\u015fehir Belediyesi K\u00fct\u00fcphane ve M\u00fczeler M\u00fcd\u00fcrl\u00fc\u011f\u00fcn\u00fcn Havadis sergisinden, \u0130stanbul \u00dcniversitesi Bilgi ve Belge Y\u00f6netimi \u00d6\u011frenci Kul\u00fcb\u00fc (BBYON)\u2019n\u00fcn projelerine kadar farkl\u0131, \u00e7e\u015fitli ve k\u0131ymetli yaz\u0131lar yer almakta. B\u00fcltenin alt\u0131nc\u0131 say\u0131s\u0131 i\u00e7in de \u00e7al\u0131\u015fmalara ba\u015flanm\u0131\u015f durumda. B\u00fcltende yaz\u0131n\u0131z\u0131n yer almas\u0131n\u0131 istiyorsan\u0131z\u00a0sefa.sahin@marmara.gov.tr\u00a0adresinden [&hellip;]<\/p>\n","protected":false},"author":129,"featured_media":25907,"comment_status":"open","ping_status":"open","sticky":false,"template":"","format":"standard","meta":{"footnotes":""},"categories":[1],"tags":[],"class_list":["post-25902","post","type-post","status-publish","format-standard","has-post-thumbnail","hentry","category-genel"],"_links":{"self":[{"href":"https:\/\/www.bbyhaber.com\/bby\/wp-json\/wp\/v2\/posts\/25902"}],"collection":[{"href":"https:\/\/www.bbyhaber.com\/bby\/wp-json\/wp\/v2\/posts"}],"about":[{"href":"https:\/\/www.bbyhaber.com\/bby\/wp-json\/wp\/v2\/types\/post"}],"author":[{"embeddable":true,"href":"https:\/\/www.bbyhaber.com\/bby\/wp-json\/wp\/v2\/users\/129"}],"replies":[{"embeddable":true,"href":"https:\/\/www.bbyhaber.com\/bby\/wp-json\/wp\/v2\/comments?post=25902"}],"version-history":[{"count":3,"href":"https:\/\/www.bbyhaber.com\/bby\/wp-json\/wp\/v2\/posts\/25902\/revisions"}],"predecessor-version":[{"id":25910,"href":"https:\/\/www.bbyhaber.com\/bby\/wp-json\/wp\/v2\/posts\/25902\/revisions\/25910"}],"wp:featuredmedia":[{"embeddable":true,"href":"https:\/\/www.bbyhaber.com\/bby\/wp-json\/wp\/v2\/media\/25907"}],"wp:attachment":[{"href":"https:\/\/www.bbyhaber.com\/bby\/wp-json\/wp\/v2\/media?parent=25902"}],"wp:term":[{"taxonomy":"category","embeddable":true,"href":"https:\/\/www.bbyhaber.com\/bby\/wp-json\/wp\/v2\/categories?post=25902"},{"taxonomy":"post_tag","embeddable":true,"href":"https:\/\/www.bbyhaber.com\/bby\/wp-json\/wp\/v2\/tags?post=25902"}],"curies":[{"name":"wp","href":"https:\/\/api.w.org\/{rel}","templated":true}]}}