{"id":25901,"date":"2019-01-16T10:28:26","date_gmt":"2019-01-16T07:28:26","guid":{"rendered":"http:\/\/www.bbyhaber.com\/bby\/?p=25901"},"modified":"2019-01-25T13:53:40","modified_gmt":"2019-01-25T10:53:40","slug":"bergama-3-cocuk-kitaplari-senligi-23-27-ocak-2019","status":"publish","type":"post","link":"https:\/\/www.bbyhaber.com\/bby\/2019\/01\/16\/bergama-3-cocuk-kitaplari-senligi-23-27-ocak-2019","title":{"rendered":"Bergama 3.\u00c7ocuk Kitaplar\u0131 \u015eenli\u011fi-23-27 Ocak 2019"},"content":{"rendered":"<p><a href=\"http:\/\/www.bbyhaber.com\/bby\/wp-content\/uploads\/2019\/01\/bergama-cocuk-kitaplari-senligi.jpg\"><img loading=\"lazy\" decoding=\"async\" class=\"alignleft wp-image-25904 size-full\" src=\"http:\/\/www.bbyhaber.com\/bby\/wp-content\/uploads\/2019\/01\/bergama-cocuk-kitaplari-senligi.jpg\" alt=\"\" width=\"390\" height=\"180\" \/><\/a>\u0130lki 2017 y\u0131l\u0131nda ger\u00e7ekle\u015ftirilen ve bu\u00a0y\u0131l \u00fc\u00e7\u00fcnc\u00fcs\u00fc d\u00fczenlenecek olan <span style=\"color: #ff0000;\"><strong>Bergama Belediyesi \u00c7ocuk Kitaplar\u0131 \u015eenli\u011fi 23 Ocak 2019 \u00c7ar\u015famba g\u00fcn\u00fc saat 13.00\u2019<\/strong><\/span>da \u015fenli\u011fin onur konu\u011fu olan yazar-\u00e7izer Behi\u00e7 Ak ve Bergama Belediye Ba\u015fkan\u0131 Mehmet G\u00f6nen\u00e7\u2019in kat\u0131l\u0131m\u0131 ile a\u00e7\u0131lacak. \u015eenli\u011fin kitap fuar\u0131na nitelikli \u00c7ocuk ve Gen\u00e7lik yay\u0131nlar\u0131 \u00fcreten 20 se\u00e7kin yay\u0131n evi kat\u0131lacak. Be\u015f g\u00fcn s\u00fcrecek \u015fenlikte birbirinden farkl\u0131 e\u011flenceli etkinlikler ger\u00e7ekle\u015fecek.<!--more--><\/p>\n<p>K\u0130TAP DOLU N\u0130TEL\u0130KL\u0130 B\u0130R PROGRAM<\/p>\n<p>\u015eenli\u011fin ilk etkinli\u011finde yazar-\u00e7izer Behi\u00e7 Ak \u201c\u00c7ocuklar i\u00e7in yazmak, \u00e7ocuklar i\u00e7in \u00e7izmek\u201d ba\u015fl\u0131kl\u0131 s\u00f6yle\u015fide \u00e7ocuklarla bulu\u015facak. Yarat\u0131c\u0131 yazma, yarat\u0131c\u0131 okuma, arkeoloji, foto\u011fraf, drama ve sanat at\u00f6lyeleri, m\u00fcze gezileri ve \u00e7ocuk kitaplar\u0131 \u015fenli\u011fi konseri, bisiklet turu ile dolu dolu ge\u00e7ecek \u00e7ocuk kitaplar\u0131 \u015fenli\u011finde Bergamal\u0131 \u00e7ocuklar tatilde keyifli zaman ge\u00e7irecek. S\u00f6yle\u015fi ve \u00f6yk\u00fc yazma at\u00f6lyelerine kat\u0131lan \u00e7ocuklara yazarlar\u0131ndan imzal\u0131 kitap arma\u011fanlar\u0131yla kitap dolu bir tatilin tad\u0131n\u0131 \u00e7\u0131karacak.<\/p>\n<p>A\u00e7\u0131lan \u00e7ocuk kitaplar\u0131 fuar\u0131nda \u00e7a\u011fda\u015f \u00e7ocuk gen\u00e7lik edebiyat\u0131n\u0131n nitelikli \u00fcr\u00fcnlerini indirimli olarak sat\u0131n alabilecek. \u015eenlik 27 Ocak Pazar ak\u015fam\u0131 sona erecek.<\/p>\n<p>\u015eENL\u0130\u011eE KATILAN YAZAR- \u00c7\u0130ZER \u2013 E\u011e\u0130TMEN VE SANAT\u00c7ILAR<\/p>\n<p>Behi\u00e7 Ak (Yazar-\u00c7izer), Ahmet \u00d6nel (Yazar), Ayd\u0131n \u0130leri (K\u00fct\u00fcphaneci-Yazar), Aysun Timurcan (Drama E\u011fitmeni-M\u00fczisyen-S\u00f6z Yazar\u0131), B\u00fclent T\u00fcrkmen (Arkeolog), Ya\u011fmur Ekin Karayelli (Tiyatro Oyuncusu-Drama E\u011fitmeni), Atabey Pusat (Foto\u011fraf Sanat\u00e7\u0131s\u0131), Vedat Ate\u015f (Foto\u011fraf Sanat\u00e7\u0131s\u0131) Dilara Elag\u00f6zl\u00fc (M\u00fczisyen \u2013 Fl\u00fct Sanat\u00e7\u0131s\u0131) Burak \u015een\u0131\u015f\u0131k (M\u00fczisyen &#8211; Keman Sanat\u00e7\u0131s\u0131)<\/p>\n<p><strong><span style=\"color: #ff0000;\">BERGAMA BELED\u0130YES\u0130 3.\u00c7OCUK K\u0130TAPLARI \u015eENL\u0130\u011e\u0130<\/span><\/strong><br \/>\n<strong><span style=\"color: #ff0000;\">23 \u2013 27 OCAK 2019<\/span><\/strong><\/p>\n<p><strong><span style=\"color: #ff0000;\">PROGRAM<\/span><\/strong><br \/>\n&#8212;&#8212;&#8212;&#8212;&#8212;&#8212;&#8212;&#8212;&#8212;&#8212;&#8212;&#8212;&#8211;<br \/>\n<strong>1. G\u00dcN<\/strong><br \/>\n23 OCAK 2019 \u00c7AR\u015eAMBA<br \/>\n&#8212;&#8212;&#8212;&#8212;&#8212;&#8212;&#8212;&#8212;&#8212;&#8212;&#8212;&#8212;&#8211;<br \/>\nSaat 13.00: Bergama Belediyesi Bergama \u00c7ocuk Kul\u00fcb\u00fc Bergama 3. \u00c7ocuk Kitaplar\u0131 \u015eenli\u011fi A\u00e7\u0131l\u0131\u015f Etkinli\u011fi (Bergama \u00c7ocuk Kitaplar\u0131 \u015eenli\u011fi Onur Konu\u011fu Yazar \u2013\u00c7izer Behi\u00e7 Ak\u2019\u0131n kat\u0131l\u0131m\u0131 ile)<br \/>\nYer: BerKM Fuaye Saat 13.00<\/p>\n<p>Saat 13.15 &#8211; 14.30: \u00c7ocuklar \u0130\u00e7in Okur -Yazar Bulu\u015fmas\u0131<br \/>\n\u201c\u00c7ocuklar i\u00e7in yazmak, \u00e7ocuklar i\u00e7in \u00e7izmek\u2026\u201d<br \/>\nKonu\u015fmac\u0131: Yazar-\u00c7izer: Behi\u00e7 Ak<br \/>\nYer: BerKM Salon<\/p>\n<p>Saat 15.00: Tatilde M\u00fcze Gezisi<br \/>\n\u201c\u00c7ocuklarla Bergama M\u00fczesini Geziyoruz\u201d<br \/>\n(Kontenjan say\u0131s\u0131: 25)<br \/>\nBergama Belediyesi UNESCO D\u00fcnya Miras\u0131 Ofisi<br \/>\nArkeolog: B\u00fclent T\u00fcrkmen<br \/>\nBulu\u015fma Yeri: BerKM Fuaye<\/p>\n<p>Saat 18.00-19.00: Nitelikli \u00c7ocuk Edebiyat\u0131 ve Okuma K\u00fclt\u00fcr\u00fc<br \/>\n(\u00d6\u011fretmen-Anne-Baba ve \u00c7ocuk Bulu\u015fmas\u0131)<br \/>\nKonu\u015fmac\u0131: Yazar-\u00c7izer: Behi\u00e7 Ak<br \/>\nModerat\u00f6r: Ayd\u0131n \u0130leri<br \/>\nYer: BerKM Salon<br \/>\n&#8212;&#8212;&#8212;&#8212;&#8212;&#8212;&#8212;&#8212;&#8212;&#8212;&#8212;&#8212;&#8211;<br \/>\n<strong>2.G\u00dcN<\/strong><br \/>\n24 OCAK 2019 PER\u015eEMBE<br \/>\n&#8212;&#8212;&#8212;&#8212;&#8212;&#8212;&#8212;&#8212;&#8212;&#8212;&#8212;&#8212;&#8211;<br \/>\nSaat 12.00 &#8211; 13.30: \u00c7ocuklar \u0130\u00e7in Foto\u011fraf At\u00f6lyesi<br \/>\n(8-14 ya\u015f aral\u0131\u011f\u0131)<br \/>\nE\u011fitmenler: Atabey Pusat\/ Vedat Ate\u015f<br \/>\n(90 Dakikal\u0131k At\u00f6lye)<br \/>\nYer: BerKM Salon<\/p>\n<p>Saat 14.00: Bergama Kermesi Belgeseli G\u00f6sterimi<br \/>\n\u201cTarihin I\u015f\u0131\u011f\u0131nda Cumhuriyet\u2019in \u0130lk \u015eenli\u011fi Bergama Kermesi\u201d<br \/>\nY\u00f6netmen: Gazeteci-Yazar Nebil \u00d6zgent\u00fcrk<br \/>\nBirinci B\u00f6l\u00fcm: \u201cUygarl\u0131\u011f\u0131n \u0130zinde Bergama ve Ata\u2019n\u0131n Vasiyeti\u201d,<br \/>\n\u0130kinci B\u00f6l\u00fcm: \u201cYak\u0131n Tarihin ve Bug\u00fcn\u00fcn \u015eenli\u011fi\u201d<br \/>\nYer: BerKM Salon<\/p>\n<p>Saat 16.00-17.30: \u00c7ocuklar \u0130\u00e7in Arkeoloji<br \/>\n\u201cYeni Ba\u015flayanlar \u0130\u00e7in Bergama\u201d<br \/>\n(Herkesin kat\u0131l\u0131m\u0131na a\u00e7\u0131kt\u0131r)<br \/>\nArkeolog: B\u00fclent T\u00fcrkmen<br \/>\nBergama Belediyesi UNESCO D\u00fcnya Miras\u0131 Ofisi<br \/>\nYer: BerKM Salon<br \/>\n&#8212;&#8212;&#8212;&#8212;&#8212;&#8212;&#8212;&#8212;&#8212;&#8212;<br \/>\n<strong>3.G\u00dcN<\/strong><br \/>\n25 OCAK 2019 CUMA<br \/>\n&#8212;&#8212;&#8212;&#8212;&#8212;&#8212;&#8212;&#8212;&#8212;&#8212;<br \/>\nSaat 11.00: Aysun Timurcan \u0130le \u00c7ocuklar \u0130\u00e7in Drama At\u00f6lyesi<br \/>\n(m\u00fczik, ritim, drama ve dans)<br \/>\nOkul \u00f6ncesi 5 ve 6 ya\u015flar \u00e7ocuklar<br \/>\n(16 ki\u015filik kontenjan)<br \/>\nYer: BerKM Salon<\/p>\n<p>Saat 12.00-14.00: \u00c7ocuklar\u0131n G\u00f6z\u00fcyle Bergama\u2019y\u0131 Foto\u011frafl\u0131yoruz\u2026<br \/>\nE\u011fitmenler: Atabey Pusat\/ Vedat Ate\u015f<br \/>\n8-14 ya\u015f aral\u0131\u011f\u0131<br \/>\nBulu\u015fma Yeri: BerKM Fuaye<\/p>\n<p>Saat 14.00: Aysun Timurcan \u0130le \u00c7ocuklar \u0130\u00e7in Drama At\u00f6lyesi<br \/>\n(m\u00fczik, ritim, drama ve dans)<br \/>\n7, 8, 9 ya\u015f \u00e7ocuklarla<br \/>\n(20 ki\u015filik kontenjan)<br \/>\nYer: BerKM Salon<\/p>\n<p>Saat 16.00: Aysun Timurcan \u0130le \u00c7ocuklar \u0130\u00e7in Drama At\u00f6lyesi<br \/>\n(m\u00fczik, ritim, drama ve dans)<br \/>\n10, 11, 12 ya\u015f \u00e7ocuklarla<br \/>\n(20 ki\u015filik kontenjan)<br \/>\nYer: BerKM Salon<br \/>\n&#8212;&#8212;&#8212;&#8212;&#8212;&#8212;&#8212;&#8212;&#8212;&#8212;&#8212;&#8212;&#8212;<br \/>\n<strong>4.G\u00dcN<\/strong><br \/>\n26 OCAK 2019 CUMARTES\u0130<br \/>\n&#8212;&#8212;&#8212;&#8212;&#8212;&#8212;&#8212;&#8212;&#8212;&#8212;&#8212;&#8212;&#8212;<br \/>\nSaat 11.00 -11.50: &#8220;Drama ile E\u011fleniyoruz&#8221;<br \/>\n\u00c7ocuklar \u0130\u00e7in Drama At\u00f6lyesi<br \/>\nBergama Belediyesi \u015eehir Tiyatrosu<br \/>\n7-10 Ya\u015f Aras\u0131<br \/>\n(Kontenjan 25 ki\u015filiktir)<br \/>\nYer: BerKM Salon<\/p>\n<p>Saat 12.00 -13.00: Ahmet \u00d6nel&#8217;le Mizahl\u0131 Edebiyat S\u00f6yle\u015fisi ve<br \/>\nTorbadan \u00d6yk\u00fc \u00c7\u0131kt\u0131 Yazma At\u00f6lyesi<br \/>\n1.2.3. 4. S\u0131n\u0131flar<br \/>\n(Kontenjan 45 ki\u015fi ile s\u0131n\u0131rl\u0131d\u0131r.)<br \/>\nYer: BerKM Bergama Ara\u015ft\u0131rmalar\u0131 K\u00fct\u00fcphanesi<\/p>\n<p>Saat 13.15: Tatilde M\u00fcze;<br \/>\n\u00c7ocuklarla Bergama M\u00fczesini Geziyoruz<br \/>\n(Kontenjan say\u0131s\u0131: 25)<br \/>\nBergama Belediyesi UNESCO D\u00fcnya Miras\u0131 Ofisi<br \/>\nArkeolog: B\u00fclent T\u00fcrkmen<br \/>\nBulu\u015fma Yeri: BerKM Fuaye<\/p>\n<p>Saat 14.00 -15.00: Ahmet \u00d6nel&#8217;le Mizahl\u0131 Edebiyat S\u00f6yle\u015fisi ve<br \/>\nTorbadan \u00d6yk\u00fc \u00c7\u0131kt\u0131 Yazma At\u00f6lyesi<br \/>\n5.6.7. 8. S\u0131n\u0131flar<br \/>\n(Kontenjan 45 ki\u015fi ile s\u0131n\u0131rl\u0131d\u0131r)<br \/>\nYer: BerKM Bergama Ara\u015ft\u0131rmalar\u0131 K\u00fct\u00fcphanesi<\/p>\n<p>Saat 17.00: \u00c7ocuk Kitaplar\u0131 \u015eenli\u011fi Konseri<br \/>\nKlasik Gitar ve Vokal: Aysun Timurcan<br \/>\nFl\u00fct: Dilara Elag\u00f6zl\u00fc<br \/>\nKeman: Burak \u015een\u0131\u015f\u0131k<br \/>\nYer: BerKM Salon<\/p>\n<p>Konserde s\u00f6z ve m\u00fczikleri Aysun Timurcan\u2019a ait olan, \u00e7ocuk \u015fark\u0131lar\u0131 seslendirecek. Klasik enstr\u00fcmantal eserlerden \u00e7ocuklar i\u00e7in se\u00e7kin \u00f6rnekler \u00e7al\u0131nacak.<br \/>\n&#8212;&#8212;&#8212;&#8212;&#8212;&#8212;&#8212;&#8212;&#8212;&#8212;&#8211;<br \/>\n<strong>5.G\u00dcN<\/strong><br \/>\n27 OCAK 2019 PAZAR<br \/>\n&#8212;&#8212;&#8212;&#8212;&#8212;&#8212;&#8212;&#8212;&#8212;&#8212;&#8211;<br \/>\nSaat 11.30-12.20: Ahmet \u00d6nel&#8217;le Mizahl\u0131 Edebiyat S\u00f6yle\u015fisi ve<br \/>\nTorbadan \u00d6yk\u00fc \u00c7\u0131kt\u0131 Yazma At\u00f6lyesi<br \/>\n2. 3. 4. 5. 6. s\u0131n\u0131flar<br \/>\n(Kontenjan 45 ki\u015fi ile s\u0131n\u0131rl\u0131d\u0131r.)<br \/>\nYer: BerKM Bergama Ara\u015ft\u0131rmalar\u0131 K\u00fct\u00fcphanesi<\/p>\n<p>Saat 12.30: \u00c7ocuk Kitaplar\u0131 \u015eenli\u011fi Bisiklet Turu<br \/>\n\u201c\u00c7ocuklarla Okumak \u0130\u00e7in Pedall\u0131yoruz\u201d<br \/>\n(Bisikleti olan 7\u2019den 77\u2019ye t\u00fcm \u00e7ocuklar\u0131n kat\u0131l\u0131m\u0131na a\u00e7\u0131kt\u0131r)<br \/>\nBulu\u015fma Yeri: BerKM Fuaye<\/p>\n<p>Bisiklet Turu Bergama Belediyesi \u00c7ocuk Kul\u00fcb\u00fc, Bergama Aktif Bisiklet\u00e7iler ve Pergamon Bisiklet Kul\u00fcb\u00fc ve Bisikletliler Derne\u011fi Bergama Temsilcili\u011fi \u0130\u015fbirli\u011fi ile d\u00fczenlenmektedir. G\u00fczerg\u00e2h k\u0131sa bir tur olup BerKM \u00f6n\u00fcnde bulu\u015farak \u0130stiklal Meydan\u0131na -\u0130stiklal Meydan\u0131ndan tekrar BerKM&#8217;ye d\u00f6n\u00fc\u015f olarak planlanm\u0131\u015ft\u0131r.<\/p>\n<p>Saat 14.30 -15.30: &#8220;Drama ile E\u011fleniyoruz&#8221;<br \/>\n\u00c7ocuklar \u0130\u00e7in Drama At\u00f6lyesi<br \/>\nBergama Belediyesi \u015eehir Tiyatrosu<br \/>\n7-10 Ya\u015f Aras\u0131<br \/>\n(Kontenjan 25 ki\u015filiktir)<br \/>\nYer: BerKM Salon<\/p>\n<p>Saat 16.00- 17.00: &#8220;Drama ile E\u011fleniyoruz&#8221;<br \/>\n\u00c7ocuklar \u0130\u00e7in Drama At\u00f6lyesi<br \/>\nBergama Belediyesi \u015eehir Tiyatrosu<br \/>\n11-14 Ya\u015f Aras\u0131<br \/>\n(Kontenjan 25 ki\u015filiktir)<br \/>\nYer: BerKM Salon<\/p>\n<p>Not: Kontenjanl\u0131 at\u00f6lyeler i\u00e7in BerKM\u2019de Bergama Ara\u015ft\u0131rmalar\u0131 K\u00fct\u00fcphanesi\u2019ne kay\u0131t yapt\u0131rman\u0131z gereklidir.<\/p>\n<p>Kaynak: Ayd\u0131n \u0130leri<\/p>\n","protected":false},"excerpt":{"rendered":"<p>\u0130lki 2017 y\u0131l\u0131nda ger\u00e7ekle\u015ftirilen ve bu\u00a0y\u0131l \u00fc\u00e7\u00fcnc\u00fcs\u00fc d\u00fczenlenecek olan Bergama Belediyesi \u00c7ocuk Kitaplar\u0131 \u015eenli\u011fi 23 Ocak 2019 \u00c7ar\u015famba g\u00fcn\u00fc saat 13.00\u2019da \u015fenli\u011fin onur konu\u011fu olan yazar-\u00e7izer Behi\u00e7 Ak ve Bergama Belediye Ba\u015fkan\u0131 Mehmet G\u00f6nen\u00e7\u2019in kat\u0131l\u0131m\u0131 ile a\u00e7\u0131lacak. \u015eenli\u011fin kitap fuar\u0131na nitelikli \u00c7ocuk ve Gen\u00e7lik yay\u0131nlar\u0131 \u00fcreten 20 se\u00e7kin yay\u0131n evi kat\u0131lacak. Be\u015f g\u00fcn s\u00fcrecek \u015fenlikte [&hellip;]<\/p>\n","protected":false},"author":1,"featured_media":25904,"comment_status":"open","ping_status":"open","sticky":false,"template":"","format":"standard","meta":{"footnotes":""},"categories":[1],"tags":[1451,409,1439],"class_list":["post-25901","post","type-post","status-publish","format-standard","has-post-thumbnail","hentry","category-genel","tag-belediye-kutuphaneleri","tag-cocuk-kitaplari-haftasi","tag-cocuk-kutuphaneleri"],"_links":{"self":[{"href":"https:\/\/www.bbyhaber.com\/bby\/wp-json\/wp\/v2\/posts\/25901"}],"collection":[{"href":"https:\/\/www.bbyhaber.com\/bby\/wp-json\/wp\/v2\/posts"}],"about":[{"href":"https:\/\/www.bbyhaber.com\/bby\/wp-json\/wp\/v2\/types\/post"}],"author":[{"embeddable":true,"href":"https:\/\/www.bbyhaber.com\/bby\/wp-json\/wp\/v2\/users\/1"}],"replies":[{"embeddable":true,"href":"https:\/\/www.bbyhaber.com\/bby\/wp-json\/wp\/v2\/comments?post=25901"}],"version-history":[{"count":1,"href":"https:\/\/www.bbyhaber.com\/bby\/wp-json\/wp\/v2\/posts\/25901\/revisions"}],"predecessor-version":[{"id":25906,"href":"https:\/\/www.bbyhaber.com\/bby\/wp-json\/wp\/v2\/posts\/25901\/revisions\/25906"}],"wp:featuredmedia":[{"embeddable":true,"href":"https:\/\/www.bbyhaber.com\/bby\/wp-json\/wp\/v2\/media\/25904"}],"wp:attachment":[{"href":"https:\/\/www.bbyhaber.com\/bby\/wp-json\/wp\/v2\/media?parent=25901"}],"wp:term":[{"taxonomy":"category","embeddable":true,"href":"https:\/\/www.bbyhaber.com\/bby\/wp-json\/wp\/v2\/categories?post=25901"},{"taxonomy":"post_tag","embeddable":true,"href":"https:\/\/www.bbyhaber.com\/bby\/wp-json\/wp\/v2\/tags?post=25901"}],"curies":[{"name":"wp","href":"https:\/\/api.w.org\/{rel}","templated":true}]}}