{"id":25830,"date":"2019-01-07T10:48:01","date_gmt":"2019-01-07T07:48:01","guid":{"rendered":"http:\/\/www.bbyhaber.com\/bby\/?p=25830"},"modified":"2019-02-25T10:17:06","modified_gmt":"2019-02-25T07:17:06","slug":"kebikec-seminerleri-10-turkiyede-ozel-konu-kutuphaneleri","status":"publish","type":"post","link":"https:\/\/www.bbyhaber.com\/bby\/2019\/01\/07\/kebikec-seminerleri-10-turkiyede-ozel-konu-kutuphaneleri","title":{"rendered":"Kebike\u00e7 Seminerleri 10 | T\u00fcrkiye&#8217;de \u00d6zel Konu K\u00fct\u00fcphaneleri"},"content":{"rendered":"<p><img loading=\"lazy\" decoding=\"async\" class=\"alignleft wp-image-25831 \" src=\"http:\/\/www.bbyhaber.com\/bby\/wp-content\/uploads\/2019\/01\/49467919_254543658772109_990515103084314624_n-717x1024.jpg\" alt=\"\" width=\"347\" height=\"496\" srcset=\"https:\/\/www.bbyhaber.com\/bby\/wp-content\/uploads\/2019\/01\/49467919_254543658772109_990515103084314624_n-717x1024.jpg 717w, https:\/\/www.bbyhaber.com\/bby\/wp-content\/uploads\/2019\/01\/49467919_254543658772109_990515103084314624_n-210x300.jpg 210w, https:\/\/www.bbyhaber.com\/bby\/wp-content\/uploads\/2019\/01\/49467919_254543658772109_990515103084314624_n-768x1097.jpg 768w\" sizes=\"(max-width: 347px) 100vw, 347px\" \/><\/p>\n<p>&nbsp;<\/p>\n<p>MBB K\u00fct\u00fcphane ve Bilgi Merkezleri Platform toplant\u0131s\u0131nda al\u0131nan kararla ba\u015flat\u0131lan Kebike\u00e7 Seminerleri\u2019nin onuncusu 17 Ocak 2019, Per\u015fembe g\u00fcn\u00fc saat 14:00\u2019te \u201cT\u00fcrkiye\u2019de \u00d6zel Konu K\u00fct\u00fcphaneleri\u201d konu ba\u015fl\u0131\u011f\u0131 ile ger\u00e7ekle\u015fecektir. Programda, M\u00fczik ve Sa\u011fl\u0131k Bilimleri K\u00fct\u00fcphaneleri ele al\u0131nacakt\u0131r. Uygulama \u00f6rnekleri \u00fczerinden ger\u00e7ekle\u015ftirilecek seminerde, \u0130stanbul Teknik \u00dcniversitesi Dr. Erol \u00dc\u00e7er M\u00fczik \u0130leri Ara\u015ft\u0131rmalar\u0131 Merkezi ve Ko\u00e7 \u00dcniversitesi Sa\u011fl\u0131k Bilimleri K\u00fct\u00fcphanesi konu edilecektir.<!--more--><\/p>\n<p>Marmara Belediyeler Birli\u011fi H\u0131z\u0131r Bey \u00c7elebi Salonu\u2019nda yap\u0131lacak s\u00f6z konusu toplant\u0131ya, kat\u0131l\u0131mc\u0131 isimlerinin 14 Ocak 2019, Pazartesi g\u00fcn\u00fcne kadar a\u015fa\u011f\u0131daki kay\u0131t ba\u011flant\u0131s\u0131 veya <a href=\"mailto:sefa.sahin@marmara.gov.tr\">sefa.sahin@marmara.gov.tr<\/a> e-posta adresine bildirerek kay\u0131t olabilirsiniz.<\/p>\n<p>&nbsp;<\/p>\n<p><a href=\"https:\/\/docs.google.com\/forms\/d\/e\/1FAIpQLSfJKHY12wrKgpDOM-zDKwUy1CXIOatkEDsmp9oPVUfEw1BGxA\/viewform\">Kay\u0131t Olmak \u0130\u00e7in T\u0131klay\u0131n\u0131z.<\/a><\/p>\n","protected":false},"excerpt":{"rendered":"<p>&nbsp; MBB K\u00fct\u00fcphane ve Bilgi Merkezleri Platform toplant\u0131s\u0131nda al\u0131nan kararla ba\u015flat\u0131lan Kebike\u00e7 Seminerleri\u2019nin onuncusu 17 Ocak 2019, Per\u015fembe g\u00fcn\u00fc saat 14:00\u2019te \u201cT\u00fcrkiye\u2019de \u00d6zel Konu K\u00fct\u00fcphaneleri\u201d konu ba\u015fl\u0131\u011f\u0131 ile ger\u00e7ekle\u015fecektir. Programda, M\u00fczik ve Sa\u011fl\u0131k Bilimleri K\u00fct\u00fcphaneleri ele al\u0131nacakt\u0131r. Uygulama \u00f6rnekleri \u00fczerinden ger\u00e7ekle\u015ftirilecek seminerde, \u0130stanbul Teknik \u00dcniversitesi Dr. Erol \u00dc\u00e7er M\u00fczik \u0130leri Ara\u015ft\u0131rmalar\u0131 Merkezi ve Ko\u00e7 \u00dcniversitesi [&hellip;]<\/p>\n","protected":false},"author":129,"featured_media":25831,"comment_status":"open","ping_status":"open","sticky":false,"template":"","format":"standard","meta":{"footnotes":""},"categories":[1],"tags":[1395],"class_list":["post-25830","post","type-post","status-publish","format-standard","has-post-thumbnail","hentry","category-genel","tag-bby-mesleki-etkinlikler-arsivi"],"_links":{"self":[{"href":"https:\/\/www.bbyhaber.com\/bby\/wp-json\/wp\/v2\/posts\/25830"}],"collection":[{"href":"https:\/\/www.bbyhaber.com\/bby\/wp-json\/wp\/v2\/posts"}],"about":[{"href":"https:\/\/www.bbyhaber.com\/bby\/wp-json\/wp\/v2\/types\/post"}],"author":[{"embeddable":true,"href":"https:\/\/www.bbyhaber.com\/bby\/wp-json\/wp\/v2\/users\/129"}],"replies":[{"embeddable":true,"href":"https:\/\/www.bbyhaber.com\/bby\/wp-json\/wp\/v2\/comments?post=25830"}],"version-history":[{"count":3,"href":"https:\/\/www.bbyhaber.com\/bby\/wp-json\/wp\/v2\/posts\/25830\/revisions"}],"predecessor-version":[{"id":25834,"href":"https:\/\/www.bbyhaber.com\/bby\/wp-json\/wp\/v2\/posts\/25830\/revisions\/25834"}],"wp:featuredmedia":[{"embeddable":true,"href":"https:\/\/www.bbyhaber.com\/bby\/wp-json\/wp\/v2\/media\/25831"}],"wp:attachment":[{"href":"https:\/\/www.bbyhaber.com\/bby\/wp-json\/wp\/v2\/media?parent=25830"}],"wp:term":[{"taxonomy":"category","embeddable":true,"href":"https:\/\/www.bbyhaber.com\/bby\/wp-json\/wp\/v2\/categories?post=25830"},{"taxonomy":"post_tag","embeddable":true,"href":"https:\/\/www.bbyhaber.com\/bby\/wp-json\/wp\/v2\/tags?post=25830"}],"curies":[{"name":"wp","href":"https:\/\/api.w.org\/{rel}","templated":true}]}}