{"id":25767,"date":"2018-12-30T15:03:41","date_gmt":"2018-12-30T12:03:41","guid":{"rendered":"http:\/\/www.bbyhaber.com\/bby\/?p=25767"},"modified":"2019-01-14T17:30:01","modified_gmt":"2019-01-14T14:30:01","slug":"adnan-menderes-universitesi-3-ogretim-gorevlisi-ilani-son-basvuru-14-01-2019","status":"publish","type":"post","link":"https:\/\/www.bbyhaber.com\/bby\/2018\/12\/30\/adnan-menderes-universitesi-3-ogretim-gorevlisi-ilani-son-basvuru-14-01-2019","title":{"rendered":"Adnan Menderes \u00dcniversitesi 3 \u00d6\u011eRET\u0130M G\u00d6REVL\u0130S\u0130 \u0130lan\u0131-Son Ba\u015fvuru-14.01.2019"},"content":{"rendered":"<p style=\"text-align: justify;\"><a href=\"http:\/\/www.bbyhaber.com\/bby\/wp-content\/uploads\/2018\/12\/aydin-adnan-menderes-universitesi.jpg\"><img loading=\"lazy\" decoding=\"async\" class=\"alignleft wp-image-25734 size-full\" src=\"http:\/\/www.bbyhaber.com\/bby\/wp-content\/uploads\/2018\/12\/aydin-adnan-menderes-universitesi.jpg\" alt=\"\" width=\"390\" height=\"180\" \/><\/a>Ayd\u0131n Adnan Menderes \u00dcniversitesi;&#8221;K\u00fct\u00fcphane ve Dok\u00fcmantasyon Daire Ba\u015fkanl\u0131\u011f\u0131nda G\u00f6revlendirilmek \u00dczere; K\u00fct\u00fcphanecilik veya Enformasyon ve Dok\u00fcmantasyon veya Bilgi ve Belge Y\u00f6netimi B\u00f6l\u00fcm\u00fc Lisans Mezunu Olmak. <strong>Bu Alanlar\u0131n Birinden Tezli Y\u00fcksek Lisans Yapm\u0131\u015f Olmak<\/strong>.&#8221; \u00f6zel \u015fart\u0131 ile <span style=\"color: #ff0000;\"><strong>3<\/strong>\u00a0<\/span><strong>\u00d6\u011eR.G\u00d6R.\u00a0<\/strong>al\u0131nacakt\u0131r.<br \/>\n<!--more--><\/p>\n<table style=\"color: #000000; font-family: Arial, Tahoma, Verdana; font-size: 15px; line-height: 18px;\" border=\"1\" width=\"344\" cellspacing=\"0\" cellpadding=\"0\">\n<colgroup>\n<col width=\"233\" \/>\n<col width=\"111\" \/> <\/colgroup>\n<tbody>\n<tr>\n<td width=\"233\" height=\"20\">Kadro Unvan<\/td>\n<td width=\"111\"><strong>\u00d6\u011eRET\u0130M G\u00d6REVL\u0130S\u0130<\/strong><\/td>\n<\/tr>\n<tr>\n<td height=\"20\">ALES<\/td>\n<td><strong>70<\/strong><\/td>\n<\/tr>\n<tr>\n<td height=\"20\">YABANCI D\u0130L<\/td>\n<td><span style=\"color: #0000ff;\"><strong><a href=\"http:\/\/www.resmigazete.gov.tr\/main.aspx?home=http:\/\/www.resmigazete.gov.tr\/eskiler\/2018\/12\/20181230.htm&amp;main=http:\/\/www.resmigazete.gov.tr\/eskiler\/2018\/12\/20181230.htm\" target=\"_blank\" rel=\"noopener\">t\u0131klay\u0131n\u0131z<\/a><\/strong><\/span><\/td>\n<\/tr>\n<tr>\n<td height=\"20\">Kadro Say\u0131s\u0131<\/td>\n<td><span style=\"color: #ff0000;\"><b>3<\/b><\/span><\/td>\n<\/tr>\n<tr>\n<td height=\"20\">Kadro Derecesi<\/td>\n<td>5<\/td>\n<\/tr>\n<tr>\n<td height=\"20\">Ba\u015fvuru Tipi<\/td>\n<td>Posta, \u015eahsen<\/td>\n<\/tr>\n<tr>\n<td height=\"20\"><strong><span style=\"color: #0000ff;\">\u00d6zel \u015eart<\/span><\/strong><\/td>\n<td style=\"text-align: left;\">K\u00fct\u00fcphane ve Dok\u00fcmantasyon Daire Ba\u015fkanl\u0131\u011f\u0131nda G\u00f6revlendirilmek \u00dczere; K\u00fct\u00fcphanecilik veya Enformasyon ve Dok\u00fcmantasyon veya Bilgi ve Belge Y\u00f6netimi B\u00f6l\u00fcm\u00fc Lisans Mezunu Olmak. Bu Alanlar\u0131n Birinden Tezli Y\u00fcksek Lisans Yapm\u0131\u015f Olmak.<\/td>\n<\/tr>\n<tr>\n<td height=\"20\">Ba\u015fvuru Yeri<\/td>\n<td style=\"text-align: left;\"><a href=\"http:\/\/www.idari.adu.edu.tr\/db\/personel\/\" target=\"_blank\" rel=\"noopener\">Rekt\u00f6rl\u00fck Binas\u0131 Personel Dairesi Ba\u015fkanl\u0131\u011f\u0131 Efeler\/AYDIN<\/a><\/td>\n<\/tr>\n<tr>\n<td height=\"20\"><strong style=\"color: #ff0000; font-family: Arial, Tahoma, Verdana; font-size: 15px; line-height: 18px;\">Son Ba\u015fvuru Tarihi<\/strong><\/td>\n<td><span style=\"font-family: Arial, Tahoma, Verdana;\"><span style=\"font-size: 15px;\"><strong>14.01.2019<\/strong><\/span><\/span><\/td>\n<\/tr>\n<tr>\n<td height=\"20\">\u00d6n De\u011ferlendirme Tarihi<\/td>\n<td><span style=\"font-family: Arial, Tahoma, Verdana;\"><span style=\"font-size: 15px;\"><strong>18.01.2019<\/strong><\/span><\/span><\/td>\n<\/tr>\n<tr>\n<td height=\"20\">S\u0131nav Giri\u015f Tarihi<\/td>\n<td><span style=\"font-family: Arial, Tahoma, Verdana;\"><span style=\"font-size: 15px;\"><strong>22.01.2019<\/strong><\/span><\/span><\/td>\n<\/tr>\n<tr>\n<td height=\"20\"><span style=\"color: #0000ff;\"><strong>Sonu\u00e7 A\u00e7\u0131klama Tarihi<\/strong><\/span><\/td>\n<td><span style=\"font-family: Arial, Tahoma, Verdana;\"><span style=\"font-size: 15px;\"><strong>25.01.2019<\/strong><\/span><\/span><\/td>\n<\/tr>\n<\/tbody>\n<\/table>\n<p><span style=\"color: #0000ff;\"><strong><a href=\"http:\/\/www.resmigazete.gov.tr\/main.aspx?home=http:\/\/www.resmigazete.gov.tr\/eskiler\/2018\/12\/20181230.htm&amp;main=http:\/\/www.resmigazete.gov.tr\/eskiler\/2018\/12\/20181230.htm\" target=\"_blank\" rel=\"noopener\">Daha fazla bilgi ve belge i\u00e7in t\u0131klay\u0131n\u0131z<\/a><\/strong><\/span><\/p>\n","protected":false},"excerpt":{"rendered":"<p>Ayd\u0131n Adnan Menderes \u00dcniversitesi;&#8221;K\u00fct\u00fcphane ve Dok\u00fcmantasyon Daire Ba\u015fkanl\u0131\u011f\u0131nda G\u00f6revlendirilmek \u00dczere; K\u00fct\u00fcphanecilik veya Enformasyon ve Dok\u00fcmantasyon veya Bilgi ve Belge Y\u00f6netimi B\u00f6l\u00fcm\u00fc Lisans Mezunu Olmak. Bu Alanlar\u0131n Birinden Tezli Y\u00fcksek Lisans Yapm\u0131\u015f Olmak.&#8221; \u00f6zel \u015fart\u0131 ile 3\u00a0\u00d6\u011eR.G\u00d6R.\u00a0al\u0131nacakt\u0131r.<\/p>\n","protected":false},"author":1,"featured_media":25768,"comment_status":"open","ping_status":"open","sticky":false,"template":"","format":"standard","meta":{"footnotes":""},"categories":[],"tags":[1393],"class_list":["post-25767","post","type-post","status-publish","format-standard","has-post-thumbnail","hentry","tag-bby-is-ilanlari-arsivi"],"_links":{"self":[{"href":"https:\/\/www.bbyhaber.com\/bby\/wp-json\/wp\/v2\/posts\/25767"}],"collection":[{"href":"https:\/\/www.bbyhaber.com\/bby\/wp-json\/wp\/v2\/posts"}],"about":[{"href":"https:\/\/www.bbyhaber.com\/bby\/wp-json\/wp\/v2\/types\/post"}],"author":[{"embeddable":true,"href":"https:\/\/www.bbyhaber.com\/bby\/wp-json\/wp\/v2\/users\/1"}],"replies":[{"embeddable":true,"href":"https:\/\/www.bbyhaber.com\/bby\/wp-json\/wp\/v2\/comments?post=25767"}],"version-history":[{"count":7,"href":"https:\/\/www.bbyhaber.com\/bby\/wp-json\/wp\/v2\/posts\/25767\/revisions"}],"predecessor-version":[{"id":25782,"href":"https:\/\/www.bbyhaber.com\/bby\/wp-json\/wp\/v2\/posts\/25767\/revisions\/25782"}],"wp:featuredmedia":[{"embeddable":true,"href":"https:\/\/www.bbyhaber.com\/bby\/wp-json\/wp\/v2\/media\/25768"}],"wp:attachment":[{"href":"https:\/\/www.bbyhaber.com\/bby\/wp-json\/wp\/v2\/media?parent=25767"}],"wp:term":[{"taxonomy":"category","embeddable":true,"href":"https:\/\/www.bbyhaber.com\/bby\/wp-json\/wp\/v2\/categories?post=25767"},{"taxonomy":"post_tag","embeddable":true,"href":"https:\/\/www.bbyhaber.com\/bby\/wp-json\/wp\/v2\/tags?post=25767"}],"curies":[{"name":"wp","href":"https:\/\/api.w.org\/{rel}","templated":true}]}}