{"id":25612,"date":"2018-12-10T10:15:39","date_gmt":"2018-12-10T07:15:39","guid":{"rendered":"http:\/\/www.bbyhaber.com\/bby\/?p=25612"},"modified":"2018-12-10T10:15:39","modified_gmt":"2018-12-10T07:15:39","slug":"tkd-istanbul-subesi-diger-bby-topluluklari-ile-gorus-alisverisinde-bulundular","status":"publish","type":"post","link":"https:\/\/www.bbyhaber.com\/bby\/2018\/12\/10\/tkd-istanbul-subesi-diger-bby-topluluklari-ile-gorus-alisverisinde-bulundular","title":{"rendered":"TKD \u0130stanbul \u015eubesi di\u011fer BBY topluluklar\u0131 ile g\u00f6r\u00fc\u015f al\u0131\u015fveri\u015finde bulundular"},"content":{"rendered":"<p><a href=\"http:\/\/www.bbyhaber.com\/bby\/wp-content\/uploads\/2018\/12\/tkd-istanbul-ve-diger-gruplar.png\"><img loading=\"lazy\" decoding=\"async\" class=\"alignleft wp-image-25613 size-full\" src=\"http:\/\/www.bbyhaber.com\/bby\/wp-content\/uploads\/2018\/12\/tkd-istanbul-ve-diger-gruplar.png\" alt=\"\" width=\"390\" height=\"180\" \/><\/a><strong>TKD \u0130stanbul \u015eubesi<\/strong>\u00a0\u00fcyeleri di\u011fer BBY topluluklar\u0131 ile \u00f6n\u00fcm\u00fczdeki y\u0131l i\u00e7inde yapacaklar\u0131 etkinlikler hakk\u0131nda g\u00f6r\u00fc\u015f al\u0131\u015fveri\u015finde bulunmak i\u00e7in Ankara&#8217;ya gitti ve TKD Genel Merkezi&#8217;nde bir toplant\u0131 d\u00fczenlediler. Toplant\u0131ya dair \u015fu a\u00e7\u0131klamay\u0131 yapt\u0131lar:&#8221; VARDIK, VARIZ, VAROLACA\u011eIZ&#8230; Herkese, hepinize, hepimize Yeni Mutluluklarla, yeni Umutlar, Yeni insanlarla bir Ankara dolusu Merhaba,<!--more--><\/p>\n<p>Neresinden ba\u015flarsak daha g\u00fczel ifade edebiliriz diye g\u00fcnlerce d\u00fc\u015f\u00fcnmemiz gereken koskocaman iki g\u00fcn\u00fc geride b\u0131rakt\u0131k. Geli\u015f amac\u0131m\u0131z, birli\u011fimizi g\u00fc\u00e7lendirmek, var olan bu birlikteli\u011fe yeni umut tohumlar\u0131 ekmek ve birlikten nas\u0131l bir g\u00fc\u00e7 do\u011faca\u011f\u0131n\u0131 g\u00f6stermekti. Bunu fazlas\u0131yla hissetmi\u015f olman\u0131n gururu ve mutlulu\u011fu \u015fu tarafta dursun, meslek b\u00fcy\u00fcklerimizin ve hocalar\u0131m\u0131z\u0131n \u00e7abalar\u0131yla bug\u00fcne getirdi\u011fi bu bayra\u011f\u0131 ileriye, daha ileriye g\u00f6t\u00fcrece\u011fimizi g\u00f6n\u00fcl rahatl\u0131\u011f\u0131yla s\u00f6yleyebiliriz.<\/p>\n<p>Ortak g\u00fcndemimizde, Bolu da var olan ve Nisan ay\u0131nda bitirip zenginle\u015ftirece\u011fimiz projemiz vard\u0131. T\u00fcrk K\u00fct\u00fcphaneciler Derne\u011fi Genel Merkezi ev sahipli\u011finde, Ankara&#8217;daki Bilgi ve Belge Y\u00f6netimi topluluklar\u0131n\u0131n ayr\u0131 ayr\u0131 fikirleri al\u0131nd\u0131, tecr\u00fcbeleri konu\u015fmalara \u00e7ok farkl\u0131 bir hava katt\u0131, s\u00fcre\u00e7ler konu\u015fuldu ve ileriye d\u00f6n\u00fck neler yap\u0131labilir diye bir s\u00fcr\u00fc mesleki konu\u015fmalar yap\u0131ld\u0131. Proje ba\u011flam\u0131nda netle\u015fen, netle\u015ftik\u00e7e g\u00fczelle\u015fen kararlar al\u0131nd\u0131. Bu konuda gerekli duyarl\u0131l\u0131\u011f\u0131 ve hassasiyeti g\u00f6steren ve bize \u00e7ok\u00e7a zaman ay\u0131ran b\u00fct\u00fcn topluluklara \u00e7ok te\u015fekk\u00fcr ederiz.<br \/>\nHer\u015feye, herkese ve b\u00fct\u00fcn \u015fartlara ra\u011fmen \u015funu \u00e7ok net s\u00f6ylememiz ve g\u00f6rmemiz gerekiyor ki ; Bir&#8217;iz, Diri&#8217;yiz, Birlikteyiz, bug\u00fcn ve yar\u0131n hep i\u00e7 i\u00e7eyiz, her zaman birbirimizleyiz.&#8221;<\/p>\n<p><a href=\"https:\/\/twitter.com\/tkdgenelmerkez\" target=\"_blank\" rel=\"noopener\">@tkdgenelmerkez<\/a><br \/>\n<a href=\"https:\/\/twitter.com\/tkdistanbulsube\" target=\"_blank\" rel=\"noopener\">@tkdistanbulsube<\/a><br \/>\n<a href=\"https:\/\/twitter.com\/tkdkampus\" target=\"_blank\" rel=\"noopener\">@tkdkampus<\/a><br \/>\n<a href=\"https:\/\/twitter.com\/toplulugu_bilgi\" target=\"_blank\" rel=\"noopener\">@aubilgitoplulugu<\/a><br \/>\n@<a href=\"https:\/\/www.instagram.com\/hacettepebilgitoplulugu\/?hl=tr\" target=\"_blank\" rel=\"noopener\">hacettepebilgitoplulugu<\/a><br \/>\n@aybubilgitoplulugu<br \/>\n<a href=\"https:\/\/twitter.com\/ku_biltoplulugu\" target=\"_blank\" rel=\"noopener\">@k.u.bilgitoplulugu<\/a><br \/>\n<a href=\"https:\/\/twitter.com\/medeniyetbilgi\" target=\"_blank\" rel=\"noopener\">@medeniyetbilgitoplulugu<\/a><\/p>\n","protected":false},"excerpt":{"rendered":"<p>TKD \u0130stanbul \u015eubesi\u00a0\u00fcyeleri di\u011fer BBY topluluklar\u0131 ile \u00f6n\u00fcm\u00fczdeki y\u0131l i\u00e7inde yapacaklar\u0131 etkinlikler hakk\u0131nda g\u00f6r\u00fc\u015f al\u0131\u015fveri\u015finde bulunmak i\u00e7in Ankara&#8217;ya gitti ve TKD Genel Merkezi&#8217;nde bir toplant\u0131 d\u00fczenlediler. Toplant\u0131ya dair \u015fu a\u00e7\u0131klamay\u0131 yapt\u0131lar:&#8221; VARDIK, VARIZ, VAROLACA\u011eIZ&#8230; Herkese, hepinize, hepimize Yeni Mutluluklarla, yeni Umutlar, Yeni insanlarla bir Ankara dolusu Merhaba,<\/p>\n","protected":false},"author":1,"featured_media":25613,"comment_status":"open","ping_status":"open","sticky":false,"template":"","format":"standard","meta":{"footnotes":""},"categories":[],"tags":[1430,272],"class_list":["post-25612","post","type-post","status-publish","format-standard","has-post-thumbnail","hentry","tag-tkd-calisma-gruplari","tag-tkd-istanbul-subesi"],"_links":{"self":[{"href":"https:\/\/www.bbyhaber.com\/bby\/wp-json\/wp\/v2\/posts\/25612"}],"collection":[{"href":"https:\/\/www.bbyhaber.com\/bby\/wp-json\/wp\/v2\/posts"}],"about":[{"href":"https:\/\/www.bbyhaber.com\/bby\/wp-json\/wp\/v2\/types\/post"}],"author":[{"embeddable":true,"href":"https:\/\/www.bbyhaber.com\/bby\/wp-json\/wp\/v2\/users\/1"}],"replies":[{"embeddable":true,"href":"https:\/\/www.bbyhaber.com\/bby\/wp-json\/wp\/v2\/comments?post=25612"}],"version-history":[{"count":1,"href":"https:\/\/www.bbyhaber.com\/bby\/wp-json\/wp\/v2\/posts\/25612\/revisions"}],"predecessor-version":[{"id":25614,"href":"https:\/\/www.bbyhaber.com\/bby\/wp-json\/wp\/v2\/posts\/25612\/revisions\/25614"}],"wp:featuredmedia":[{"embeddable":true,"href":"https:\/\/www.bbyhaber.com\/bby\/wp-json\/wp\/v2\/media\/25613"}],"wp:attachment":[{"href":"https:\/\/www.bbyhaber.com\/bby\/wp-json\/wp\/v2\/media?parent=25612"}],"wp:term":[{"taxonomy":"category","embeddable":true,"href":"https:\/\/www.bbyhaber.com\/bby\/wp-json\/wp\/v2\/categories?post=25612"},{"taxonomy":"post_tag","embeddable":true,"href":"https:\/\/www.bbyhaber.com\/bby\/wp-json\/wp\/v2\/tags?post=25612"}],"curies":[{"name":"wp","href":"https:\/\/api.w.org\/{rel}","templated":true}]}}