{"id":25595,"date":"2018-12-05T09:42:30","date_gmt":"2018-12-05T06:42:30","guid":{"rendered":"http:\/\/www.bbyhaber.com\/bby\/?p=25595"},"modified":"2018-12-05T09:42:30","modified_gmt":"2018-12-05T06:42:30","slug":"pamukkale-universitesi-kutuphanesi-gorme-engellilere-isik-oluyor","status":"publish","type":"post","link":"https:\/\/www.bbyhaber.com\/bby\/2018\/12\/05\/pamukkale-universitesi-kutuphanesi-gorme-engellilere-isik-oluyor","title":{"rendered":"Pamukkale \u00dcniversitesi K\u00fct\u00fcphanesi G\u00f6rme Engellilere I\u015f\u0131k Oluyor"},"content":{"rendered":"<p><a href=\"http:\/\/www.bbyhaber.com\/bby\/wp-content\/uploads\/2018\/12\/pau-gorme-engellilere-isik-olacak.jpg\"><img loading=\"lazy\" decoding=\"async\" class=\"alignleft wp-image-25596 size-full\" src=\"http:\/\/www.bbyhaber.com\/bby\/wp-content\/uploads\/2018\/12\/pau-gorme-engellilere-isik-olacak.jpg\" alt=\"\" width=\"390\" height=\"180\" \/><\/a>Pamukkale \u00dcniversitesi, g\u00f6rme engellilerin hayat\u0131n\u0131 kolayla\u015ft\u0131racak, akademik yay\u0131nlar\u0131 ula\u015f\u0131labilir k\u0131lacak donan\u0131mlara sahip G\u00f6rme Engelliler \u00c7al\u0131\u015fma Salonu\u2019nu hayata ge\u00e7irdi. Rekt\u00f6rl\u00fckteki K\u00fct\u00fcphane i\u00e7erisinde yer alan salonun a\u00e7\u0131l\u0131\u015f\u0131n\u0131 Rekt\u00f6r Prof. Dr. H\u00fcseyin Ba\u011f, Rekt\u00f6r Yard\u0131mc\u0131lar\u0131 Prof. Dr. Erdin\u00e7 Duru, Prof. Dr. Rafet K\u0131l\u0131n\u00e7arslan ve Prof. Dr. Osman \u00c7ift\u00e7i, Genel Sekreter Prof. Dr. Mehmet Ali Sar\u0131, Fen-Edebiyat Fak\u00fcltesi Dekan\u0131 Prof. Dr. Ertu\u011frul \u0130\u015fler, T\u00fcrk Dili ve Edebiyat\u0131 B\u00f6l\u00fcm Ba\u015fkan\u0131 Prof. Dr. Mustafa Arslan, Alt\u0131 Nokta K\u00f6rler Derne\u011fi Denizli \u015eube Ba\u015fkan\u0131 Re\u015fat G\u00f6cen ve dernek \u00fcyeleri yapt\u0131.\u00a0<!--more--><\/p>\n<p>Kurdele kesiminin ard\u0131ndan beraberindeki heyetle salonu gezen Rekt\u00f6r Prof. Dr. H\u00fcseyin Ba\u011f, salon i\u00e7erisinde hizmet verecek olan profesyonel kitap seslendirme kabini, Braille yaz\u0131c\u0131 sistemi ve di\u011fer teknik donan\u0131mlar hakk\u0131nda, Do\u00e7. Dr. Mehmet Surur \u00c7elepi\u2019den bilgi ald\u0131.<\/p>\n<p><strong>PA\u00dc\u2019ye \u00d6vg\u00fc Dolu Te\u015fekk\u00fcr<\/strong><\/p>\n<p>A\u00e7\u0131l\u0131\u015fa kat\u0131lan Alt\u0131 Nokta K\u00f6rler Derne\u011fi Ba\u015fkan\u0131 Re\u015fat G\u00f6cen, merkezin kurulumunda eme\u011fi ge\u00e7enlere te\u015fekk\u00fcr etti. G\u00f6cen, \u201cElektronik ve sesli k\u00fct\u00fcphane ad\u0131na \u00fcniversitemizin atm\u0131\u015f oldu\u011fu ad\u0131m\u0131 sevin\u00e7le kar\u015f\u0131lad\u0131k. Bunlar g\u00f6rme engelli \u00f6\u011frencilerimiz i\u00e7in \u00e7ok b\u00fcy\u00fck kolayl\u0131k. S\u0131nava haz\u0131rl\u0131k anlam\u0131nda \u00f6\u011frencilerimiz b\u00fcy\u00fck kazan\u0131m elde edecektir. Di\u011fer \u00f6\u011frencilerle e\u015fit hale gelecektir. Eme\u011fi ge\u00e7enlere \u015f\u00fckranlar\u0131m\u0131 sunuyorum\u201d diye konu\u015ftu.<\/p>\n<p>Alt\u0131 Nokta K\u00f6rler Derne\u011fi \u00dcyesi Azmi Ermi\u015f ise, \u00dcniversitenin kendilerine \u0131\u015f\u0131k oldu\u011funu belirterek \u015fu s\u00f6zleri s\u00f6yledi: \u201cBir insan\u0131n di\u011fer insanlar\u0131n sorunlar\u0131n\u0131, tasas\u0131n\u0131 payla\u015f\u0131p \u00e7\u00f6z\u00fcm\u00fcne katk\u0131da bulunabilmesi do\u011frultusunda insanl\u0131k \u00f6l\u00e7\u00fcs\u00fc de art\u0131yor. Bilim insanlar\u0131, toplumun daha duyarl\u0131 hale gelmesi do\u011frultusunda ger\u00e7ekten b\u00fcy\u00fck g\u00f6rev \u00fcstleniyorlar ve bunu da hissetmek gerekiyor. Pamukkale \u00dcniversitesi\u2019nin bu konudaki \u00e7abas\u0131na te\u015fekk\u00fcr ediyorum. Bu \u00e7evreye en g\u00fczel \u0131\u015f\u0131k tutman\u0131n taraf\u0131. \u00dcniversite \u0131\u015f\u0131k olacak, \u00fclkenin her bir yan\u0131na yay\u0131lacak. Ba\u015fta Rekt\u00f6r\u00fcm\u00fcz olmak \u00fczere eme\u011fi ge\u00e7enlere te\u015fekk\u00fcrlerimi sunuyorum.\u201d<\/p>\n<p><strong>Rekt\u00f6r Ba\u011f, Engelsiz PA\u00dc Akademisi\u2019nin M\u00fcjdesini Verdi<\/strong><\/p>\n<p>Engellilere kar\u015f\u0131 duyarl\u0131 olduklar\u0131n\u0131 belirten Rekt\u00f6r Prof. Dr. H\u00fcseyin Ba\u011f, projelerin devam edece\u011fini ifade etti. Bir m\u00fcjdeyi de duyuran Rekt\u00f6r Ba\u011f, \u201cBizim projelerimiz devam ediyor. Engelsiz PA\u00dc Akademisi projemizi hayata ge\u00e7irece\u011fiz. Bununla ilgili \u00e7al\u0131\u015fmalar\u0131m\u0131z devam ediyor. Orada da gerekli olan t\u00fcm donan\u0131m ve te\u00e7hizat\u0131 da biz sa\u011flayaca\u011f\u0131z. Biz; \u00f6zellikle engelli \u00f6\u011frencilerimize, personelimize, karde\u015flerimize kar\u015f\u0131 bu noktada olduk\u00e7a duyarl\u0131y\u0131z; bu anlamda da T\u00fcrkiye\u2019de ilkleri olu\u015fturmu\u015f oluyoruz. Yine ba\u015fka ilklerle de devam edece\u011fiz.\u201d s\u00f6zlerini kulland\u0131.<\/p>\n<p><strong>Merkez G\u00f6rme Engellilere I\u015f\u0131k Olacak<\/strong><\/p>\n<p>G\u00f6rme engellilerin ya\u015fam\u0131n\u0131 kolayla\u015ft\u0131racak ve di\u011fer bireylerle fark ya\u015famadan g\u00fcndelik vakitlerini ge\u00e7irecekleri G\u00f6rme Engelliler \u00c7al\u0131\u015fma Salonu\u2019na, se\u00e7ici kurul ile g\u00f6n\u00fcll\u00fc akademisyen ve \u00f6\u011frenciler destek verecek. Profesyonel kitap seslendirme kabinlerinde g\u00f6n\u00fcll\u00fclerce g\u00f6rme engellilere akademik yay\u0131nlar aktar\u0131lacak. Ayr\u0131ca, profesyonel kitap seslendirme kabininde olu\u015fturulan sesli kitaplar da di\u011fer \u00fcniversitelere ula\u015ft\u0131r\u0131lacak. Braille yaz\u0131c\u0131 ile g\u00f6rme engelli \u00f6\u011frenciler k\u00fct\u00fcphaneden temin ettikleri kitaplar\u0131 kendi Braille alfabesine \u00e7evirip \u00e7\u0131kt\u0131 alacak. Bir di\u011fer yandan Pearl cihaz\u0131 ile kendi istedikleri kitaplar\u0131 tarayabilecek veya sesli \u00e7eviriye d\u00f6n\u00fc\u015ft\u00fcrebilecekler.<\/p>\n<p><strong>\u2018Engelleri A\u015fan Kariyerler\u2019 Paneli Yap\u0131ld\u0131<\/strong><\/p>\n<p>3 Aral\u0131k D\u00fcnya Engelliler G\u00fcn\u00fc kapsam\u0131nda Engelleri A\u015fan Kariyerler paneli de PA\u00dc Kongre ve K\u00fclt\u00fcr Merkezi\u2019nde ger\u00e7ekle\u015fti. Engelli \u00d6\u011frenci Birimi Koordinat\u00f6rl\u00fc\u011f\u00fc ve PA\u00dc Engelsiz Yar\u0131nlar Toplulu\u011fu taraf\u0131ndan d\u00fczenlenen panele Rekt\u00f6r Yard\u0131mc\u0131s\u0131 Prof. Dr. Rafet K\u0131l\u0131n\u00e7arslan, PA\u00dc Engelli \u00d6\u011frenci Birim Koordinat\u00f6r\u00fc Prof. Dr. Ali Kiti\u015f, PA\u00dc Engelsiz Yar\u0131nlar Toplulu\u011fu Dan\u0131\u015fman\u0131 Dr. \u00d6\u011fr. \u00dcyesi Arzum I\u015f\u0131tan ve PA\u00dc Engelsiz Yar\u0131nlar Toplulu\u011fu Ba\u015fkan\u0131 Cemil Kobak ile birlikte akademisyenler ve \u00f6\u011frenciler kat\u0131l\u0131m g\u00f6sterdi.<\/p>\n<p>Panelin a\u00e7\u0131l\u0131\u015f konu\u015fmalar\u0131n\u0131 s\u0131ras\u0131yla PA\u00dc Engelsiz Yar\u0131nlar Toplulu\u011fu Ba\u015fkan\u0131 Cemil Kobak, Topluluk Dan\u0131\u015fman\u0131 Dr. \u00d6\u011fr. \u00dcyesi Arzum I\u015f\u0131tan, Rekt\u00f6r Yard\u0131mc\u0131s\u0131 Prof. Dr. Rafet K\u0131l\u0131n\u00e7arslan ger\u00e7ekle\u015ftirdi.<\/p>\n<p><strong>&#8221;Engelli \u00f6\u011frencilerimizin \u00f6\u011frenim olanaklar\u0131n\u0131 kolayla\u015ft\u0131r\u0131yoruz&#8221;<\/strong><\/p>\n<p>Rekt\u00f6r Yard\u0131mc\u0131s\u0131 Prof. Dr. Rafet K\u0131l\u0131n\u00e7arslan yapt\u0131\u011f\u0131 a\u00e7\u0131l\u0131\u015f konu\u015fmas\u0131nda \u015funlar\u0131 dile getirdi: \u2018\u2018Engelli vatanda\u015flar\u0131m\u0131z\u0131n bizim par\u00e7am\u0131z ve ger\u00e7e\u011fimiz oldu\u011funu kavrayarak, bu duruma g\u00f6re tav\u0131r geli\u015ftirmek zorunda oldu\u011fumuzun bilinci ile \u00dcniversitemizde altyap\u0131lar\u0131m\u0131z\u0131, e\u011fitim materyallerini yeniden d\u00fczenleyerek, yeniden in\u015fa ederek engelli \u00f6\u011frencilerimizin e\u011fitiminin \u00f6n\u00fcndeki engelleri tek tek kald\u0131rmaya \u00e7al\u0131\u015f\u0131yoruz. \u00dcniversitemizde \u00f6\u011frenim g\u00f6ren engelli \u00f6\u011frencilerin, \u00f6\u011frenim olanaklar\u0131n\u0131 kolayla\u015ft\u0131rmak i\u00e7in gerekli akademik ortam\u0131 haz\u0131rlamak amac\u0131yla \u00dcniversitemiz senatosunu 2 May\u0131s 2017 tarihinde al\u0131nan kararla \u2018Engelli \u00d6\u011frenci Birimi Y\u00f6nergesi\u2019 kapsam\u0131nda \u2018Engelli \u00d6\u011frenci Birim Koordinat\u00f6rl\u00fc\u011f\u00fcm\u00fcz\u00fc olu\u015fturduk. \u0130lgili daire ba\u015fkanl\u0131klar\u0131m\u0131z ile koordineli bir \u015fekilde \u00e7al\u0131\u015fmalar\u0131m\u0131z devam etmektedir.\u2019\u2019<\/p>\n<p>PA\u00dc Kongre ve K\u00fclt\u00fcr Merkezi Konferans Salonu\u2019nda ger\u00e7ekle\u015fen \u2018Engelleri A\u015fan Kariyerler\u2019 adl\u0131 panelin konuklar\u0131 ise Alt\u0131nokta K\u00f6rler Derne\u011fi \u015eube Ba\u015fkan\u0131 Re\u015fat G\u00f6cen, \u00d6\u011fretmen P\u0131nar G\u00f6cen ve Yazar Eda Urhan oldu.<\/p>\n<p>Panel sonras\u0131nda ise, PA\u00dc Engelsiz Yar\u0131nlar Toplulu\u011fu taraf\u0131ndan Engelsiz Proje Yar\u0131\u015fmas\u0131 d\u00fczenlendi. Yar\u0131\u015fmaya kat\u0131lan 11 adet projeden birinci Hanife G\u00f6kkan, Harun Dillice ve G\u00f6kt\u00fcrk Tuncel\u2019in \u2018De\u011fi\u015fen Tork Oranl\u0131 Yoku\u015fta Arkaya Devrilmeyen El ile Tahrikli Tekerlekli Sandalye\u2019 adl\u0131 projesi, ikinci Bekta\u015f Zorlu ve \u0130brahim Demirkol\u2019un \u2018Arduino Kontroll\u00fc EMG Sens\u00f6rl\u00fc Biyonik El\u2019 adl\u0131 projesi, \u00fc\u00e7\u00fcnc\u00fc ise Mohamad Diaa Edriss, Okan \u00c7a\u011flar ve Muharrem Engin Dokuyucu\u2019nun \u2018Ultravipe Bastonu\u2019 adl\u0131 projesi oldu.<\/p>\n<p>Yar\u0131\u015fman\u0131n ard\u0131ndan, Pamukkale \u00dcniversitesi E\u011fitim Fak\u00fcltesi Resim-\u0130\u015f e\u011fitimi Anabilim Dal\u0131 \u00d6\u011frencilerinin PA\u00dc Kongre ve K\u00fclt\u00fcr Sergi Salonu\u2019nda d\u00fczenledi\u011fi \u2018Engel\u2019 temal\u0131 karma sergi ve yar\u0131\u015fmaya kat\u0131lan projelerin poster sunumlar\u0131 ile etkinlikler sona erdi.<\/p>\n<p><a href=\"http:\/\/haber.pau.edu.tr\/\" target=\"_blank\" rel=\"noopener\">Kaynak<\/a><\/p>\n","protected":false},"excerpt":{"rendered":"<p>Pamukkale \u00dcniversitesi, g\u00f6rme engellilerin hayat\u0131n\u0131 kolayla\u015ft\u0131racak, akademik yay\u0131nlar\u0131 ula\u015f\u0131labilir k\u0131lacak donan\u0131mlara sahip G\u00f6rme Engelliler \u00c7al\u0131\u015fma Salonu\u2019nu hayata ge\u00e7irdi. Rekt\u00f6rl\u00fckteki K\u00fct\u00fcphane i\u00e7erisinde yer alan salonun a\u00e7\u0131l\u0131\u015f\u0131n\u0131 Rekt\u00f6r Prof. Dr. H\u00fcseyin Ba\u011f, Rekt\u00f6r Yard\u0131mc\u0131lar\u0131 Prof. Dr. Erdin\u00e7 Duru, Prof. Dr. Rafet K\u0131l\u0131n\u00e7arslan ve Prof. Dr. Osman \u00c7ift\u00e7i, Genel Sekreter Prof. Dr. Mehmet Ali Sar\u0131, Fen-Edebiyat Fak\u00fcltesi Dekan\u0131 [&hellip;]<\/p>\n","protected":false},"author":1,"featured_media":25596,"comment_status":"open","ping_status":"open","sticky":false,"template":"","format":"standard","meta":{"footnotes":""},"categories":[1484,1487,1503],"tags":[465,1443,1437],"class_list":["post-25595","post","type-post","status-publish","format-standard","has-post-thumbnail","hentry","category-engelliler-icin-bilgi-merkezleri","category-gorme-engelli-kutuphane","category-sesli-kutuphane","tag-gorme-engelli-e-kitap","tag-sesli-kutuphaneler","tag-univ-arastirma-kutuphaneleri"],"_links":{"self":[{"href":"https:\/\/www.bbyhaber.com\/bby\/wp-json\/wp\/v2\/posts\/25595"}],"collection":[{"href":"https:\/\/www.bbyhaber.com\/bby\/wp-json\/wp\/v2\/posts"}],"about":[{"href":"https:\/\/www.bbyhaber.com\/bby\/wp-json\/wp\/v2\/types\/post"}],"author":[{"embeddable":true,"href":"https:\/\/www.bbyhaber.com\/bby\/wp-json\/wp\/v2\/users\/1"}],"replies":[{"embeddable":true,"href":"https:\/\/www.bbyhaber.com\/bby\/wp-json\/wp\/v2\/comments?post=25595"}],"version-history":[{"count":1,"href":"https:\/\/www.bbyhaber.com\/bby\/wp-json\/wp\/v2\/posts\/25595\/revisions"}],"predecessor-version":[{"id":25597,"href":"https:\/\/www.bbyhaber.com\/bby\/wp-json\/wp\/v2\/posts\/25595\/revisions\/25597"}],"wp:featuredmedia":[{"embeddable":true,"href":"https:\/\/www.bbyhaber.com\/bby\/wp-json\/wp\/v2\/media\/25596"}],"wp:attachment":[{"href":"https:\/\/www.bbyhaber.com\/bby\/wp-json\/wp\/v2\/media?parent=25595"}],"wp:term":[{"taxonomy":"category","embeddable":true,"href":"https:\/\/www.bbyhaber.com\/bby\/wp-json\/wp\/v2\/categories?post=25595"},{"taxonomy":"post_tag","embeddable":true,"href":"https:\/\/www.bbyhaber.com\/bby\/wp-json\/wp\/v2\/tags?post=25595"}],"curies":[{"name":"wp","href":"https:\/\/api.w.org\/{rel}","templated":true}]}}