{"id":25587,"date":"2018-12-04T15:08:55","date_gmt":"2018-12-04T12:08:55","guid":{"rendered":"http:\/\/www.bbyhaber.com\/bby\/?p=25587"},"modified":"2018-12-04T15:08:55","modified_gmt":"2018-12-04T12:08:55","slug":"sabanci-universitesi-bilgi-merkezinde-bir-tanitim-sureci-bm-gunun-ipucu-kosesi-cem-ozel","status":"publish","type":"post","link":"https:\/\/www.bbyhaber.com\/bby\/2018\/12\/04\/sabanci-universitesi-bilgi-merkezinde-bir-tanitim-sureci-bm-gunun-ipucu-kosesi-cem-ozel","title":{"rendered":"Sabanc\u0131 \u00dcniversitesi Bilgi Merkezi\u2019nde Bir Tan\u0131t\u0131m S\u00fcreci: \u201cBM G\u00fcn\u00fcn \u0130pucu\u201d K\u00f6\u015fesi | Cem \u00d6ZEL"},"content":{"rendered":"<p>[avatar user=&#8221;cemozel&#8221; \/]<a href=\"http:\/\/www.bbyhaber.com\/bby\/author\/cemozel\"><br \/>\nCem \u00d6ZEL<\/a><br \/>\n<strong>Kullan\u0131c\u0131 Hizmetleri Y\u00f6neticisi\/Sabanc\u0131 \u00dcniversitesi Bilgi Merkezi<\/strong><\/p>\n<p><img loading=\"lazy\" decoding=\"async\" class=\"alignleft wp-image-25588 size-full\" src=\"http:\/\/www.bbyhaber.com\/bby\/wp-content\/uploads\/2018\/12\/sabanci-bm.jpg\" alt=\"\" width=\"390\" height=\"180\" \/><a href=\"https:\/\/www.sabanciuniv.edu\/bm\/tr\/front-page\" target=\"_blank\" rel=\"noopener\"><strong>Sabanc\u0131 \u00dcniversitesi Bilgi Merkezi<\/strong><\/a>\u2019nin <strong>Referans Ekibi<\/strong>, koleksiyonunda bulunan bas\u0131l\u0131 kaynaklar\u0131n\u0131 ya da eri\u015fim sa\u011flad\u0131\u011f\u0131 elektronik kaynaklar\u0131n\u0131 kullan\u0131c\u0131larla bulu\u015fturmak i\u00e7in \u00e7ok \u00e7e\u015fitli tan\u0131t\u0131m ve pazarlama faaliyetleri d\u00fczenlemektedir. Bunlardan biri de \u201c<strong>BM G\u00fcn\u00fcn \u0130pucu<\/strong>\u201d k\u00f6\u015fesi.<!--more--><\/p>\n<p>\u201cBM G\u00fcn\u00fcn \u0130pucu\u201d k\u00f6\u015fesi her k\u00fct\u00fcphane\/bilgi merkezinin uygulayabilece\u011fi etkili bir kaynak tan\u0131t\u0131m y\u00f6ntemidir. Bu hizmeti nas\u0131l verdi\u011fimizi t\u00fcm meslekta\u015flar\u0131m\u0131zla payla\u015fmak isteriz.<\/p>\n<p>Uzun y\u0131llard\u0131r s\u00fcrd\u00fcrd\u00fc\u011f\u00fcm\u00fcz bu hizmeti <strong>Referans Ekibi<\/strong> vermektedir. Hafta i\u00e7inde b\u00fct\u00fcn Sabanc\u0131 \u00dcniversitesi mensuplar\u0131n\u0131n g\u00f6rebilece\u011fi bir hizmet bu. Biraz me\u015fakkatli bir s\u00fcreci var. Bu s\u00fcre\u00e7te koleksiyonumuzda var olan bir kitap hakk\u0131nda, BM G\u00fcn\u00fcn \u0130pucu ba\u015fl\u0131\u011f\u0131yla t\u00fcm \u00fcniversitemizin g\u00f6rebilece\u011fi \u015fekilde duyuruya \u00e7\u0131k\u0131lmaktad\u0131r. <strong>Burada en \u00f6nemli hususlardan birisi,<\/strong> <strong>tan\u0131t\u0131lacak kitab\u0131n mutlaka Referans Ekibi b\u00fcnyesinde okunmu\u015f olmas\u0131d\u0131r<\/strong>. Zira okumad\u0131\u011f\u0131n\u0131z kitab\u0131 g\u00f6n\u00fcl rahatl\u0131\u011f\u0131yla tan\u0131tman\u0131z m\u00fcmk\u00fcn de\u011fildir.<\/p>\n<p>Kitab\u0131 tan\u0131t\u0131rken kitab\u0131n b\u00f6l\u00fcmlerinden \u00e7arp\u0131c\u0131 k\u0131s\u0131mlar\u0131 al\u0131p fragman tad\u0131nda bir videoya de\u011fil de metne \u00e7evirip, ilgi \u00e7ekici bir ba\u015fl\u0131kla duyurumuz kanal\u0131yla servis ediyoruz.<\/p>\n<p>Esasen geri d\u00f6n\u00fc\u015fler itibariyle hem Bilgi Merkezi i\u00e7in hem de Referans Ekibi i\u00e7in b\u00fcy\u00fck bir motivasyon kayna\u011f\u0131 da denilebilir. O hafta tan\u0131tt\u0131\u011f\u0131n\u0131z kitab\u0131n, duyuru sonras\u0131 \u00f6d\u00fcn\u00e7 al\u0131n\u0131p al\u0131nmad\u0131\u011f\u0131n\u0131 takip etmek b\u00fcy\u00fck bir zevke d\u00f6n\u00fc\u015f\u00fcyor. \u00d6d\u00fcn\u00e7 al\u0131nmas\u0131 ayr\u0131 bir keyif, ne kadar s\u00fcre sonra al\u0131nd\u0131\u011f\u0131 ayr\u0131 ve \u00fczerinde ba\u015fka kullan\u0131c\u0131lar taraf\u0131ndan konulan \u201chold\u201d veya \u201choldlar\u201d\u0131n varl\u0131\u011f\u0131 ayr\u0131 bir keyif veriyor. Bu esnada telefon edilerek, duyuru metninin be\u011fenildi\u011fini duymak da \u00e7ok ayr\u0131 bir keyif. Hatta ge\u00e7enlerde, yine tan\u0131tm\u0131\u015f oldu\u011fumuz bir kitab\u0131 \u00f6d\u00fcn\u00e7 alan \u00f6\u011fretim \u00fcyemizin kendi twitter sayfas\u0131nda bu kitaptan bahsetmesi bizim i\u00e7in ayr\u0131 bir \u00f6v\u00fcn\u00e7 kayna\u011f\u0131 diyebiliriz. Bu t\u00fcr geri d\u00f6n\u00fc\u015fler olduk\u00e7a da bu hizmeti verme s\u00fcreklili\u011fimiz ve kararl\u0131l\u0131\u011f\u0131m\u0131z art\u0131yor.<\/p>\n<p>Bu duyurular\u0131n kapsam\u0131 da \u015fu \u015fekildedir:<\/p>\n<p>\u00d6ncelikle \u00e7arp\u0131c\u0131 bir ba\u015fl\u0131k buluyoruz; \u00e7\u00fcnk\u00fc kullan\u0131c\u0131lar\u0131n ilgisini bu y\u00f6ne \u00e7ekmeye \u00e7al\u0131\u015f\u0131yoruz. Kullan\u0131c\u0131n\u0131n ba\u015fl\u0131ktan etkilenip yaz\u0131n\u0131n i\u00e7ine girmesi en \u00f6nemli ad\u0131m. Sonras\u0131 \u00e7orap s\u00f6k\u00fc\u011f\u00fc gibi geliyor zaten.<\/p>\n<p>\u0130\u00e7erik metni olarak da kitap i\u00e7indeki ilgi \u00e7ekici yerlerden esinlenip tan\u0131t\u0131m metnimizi olu\u015fturuyoruz. Metnin alt\u0131na da kitab\u0131n g\u00f6rselini koyuyoruz. Bahsi ge\u00e7en kitab\u0131 \u00f6d\u00fcn\u00e7 almak isteyenler i\u00e7in, o kitab\u0131 hangi rafta tuttu\u011fumuzu da metin i\u00e7inde belirtiyoruz. A\u015fa\u011f\u0131da iki adet \u00f6rnek \u201cBM G\u00fcn\u00fcn \u0130pucu\u201d k\u00f6\u015fesini g\u00f6rebilirsiniz. Burada \u00fcniversitemizin i\u00e7 sayfas\u0131nda g\u00f6r\u00fclen Duyurular k\u0131sm\u0131nda nas\u0131l g\u00f6r\u00fcnd\u00fc\u011f\u00fcn\u00fc \u015fu g\u00f6rselle g\u00f6sterelim.<\/p>\n<p><img loading=\"lazy\" decoding=\"async\" class=\"alignnone wp-image-25589 size-full\" src=\"http:\/\/www.bbyhaber.com\/bby\/wp-content\/uploads\/2018\/12\/sabanci-bm1.jpg\" alt=\"\" width=\"300\" height=\"300\" \/><\/p>\n<p>Yukar\u0131daki g\u00f6rselde yer alan ba\u015fl\u0131\u011fa t\u0131klad\u0131\u011f\u0131m\u0131zda ise i\u00e7erikle kar\u015f\u0131la\u015f\u0131yorsunuz:<\/p>\n<p><a href=\"http:\/\/www.bbyhaber.com\/bby\/wp-content\/uploads\/2018\/12\/sabanci-bm2.jpg\"><img loading=\"lazy\" decoding=\"async\" class=\"alignnone wp-image-25590 size-full\" src=\"http:\/\/www.bbyhaber.com\/bby\/wp-content\/uploads\/2018\/12\/sabanci-bm2.jpg\" alt=\"\" width=\"300\" height=\"300\" \/><\/a><\/p>\n<p>Bir ba\u015fka \u00f6rnek daha payla\u015fal\u0131m:<\/p>\n<p><a href=\"http:\/\/www.bbyhaber.com\/bby\/wp-content\/uploads\/2018\/12\/sabanci-bm3.jpg\"><img loading=\"lazy\" decoding=\"async\" class=\"alignnone wp-image-25591 \" src=\"http:\/\/www.bbyhaber.com\/bby\/wp-content\/uploads\/2018\/12\/sabanci-bm3.jpg\" alt=\"\" width=\"300\" height=\"300\" \/><\/a><\/p>\n<p><a href=\"http:\/\/www.bbyhaber.com\/bby\/wp-content\/uploads\/2018\/12\/sabanci-bm4.jpg\"><img loading=\"lazy\" decoding=\"async\" class=\"alignnone wp-image-25592 size-full\" src=\"http:\/\/www.bbyhaber.com\/bby\/wp-content\/uploads\/2018\/12\/sabanci-bm4.jpg\" alt=\"\" width=\"300\" height=\"300\" \/><\/a><\/p>\n<p>A\u015fa\u011f\u0131da da g\u00f6r\u00fclece\u011fi \u00fczere, kitab\u0131n \u00f6d\u00fcn\u00e7 al\u0131nd\u0131\u011f\u0131n\u0131 g\u00f6rmek ve \u00fczerinde ay\u0131rt\u0131lm\u0131\u015f ibaresi yer alan 2 adet \u201chold\u201dun varl\u0131\u011f\u0131, b\u00fct\u00fcn yorgunlu\u011fumuzu att\u0131r\u0131yor.<\/p>\n<p><a href=\"http:\/\/www.bbyhaber.com\/bby\/wp-content\/uploads\/2018\/12\/sabanci-bm5.jpg\"><img loading=\"lazy\" decoding=\"async\" class=\"alignnone wp-image-25593\" src=\"http:\/\/www.bbyhaber.com\/bby\/wp-content\/uploads\/2018\/12\/sabanci-bm5.jpg\" alt=\"\" width=\"784\" height=\"114\" srcset=\"https:\/\/www.bbyhaber.com\/bby\/wp-content\/uploads\/2018\/12\/sabanci-bm5.jpg 1490w, https:\/\/www.bbyhaber.com\/bby\/wp-content\/uploads\/2018\/12\/sabanci-bm5-300x43.jpg 300w, https:\/\/www.bbyhaber.com\/bby\/wp-content\/uploads\/2018\/12\/sabanci-bm5-768x111.jpg 768w, https:\/\/www.bbyhaber.com\/bby\/wp-content\/uploads\/2018\/12\/sabanci-bm5-1024x148.jpg 1024w\" sizes=\"(max-width: 784px) 100vw, 784px\" \/><\/a><\/p>\n<p>Art\u0131k o kadar \u00e7ok kaynak var ki okunmay\u0131 bekleyen. Bize d\u00fc\u015fen g\u00f6rev ise bu g\u00fczelim eserlerle kullan\u0131c\u0131lar aras\u0131nda deyim yerindeyse \u00e7\u00f6p\u00e7atanl\u0131k yapmakt\u0131r.<\/p>\n","protected":false},"excerpt":{"rendered":"<p>[avatar user=&#8221;cemozel&#8221; \/] Cem \u00d6ZEL Kullan\u0131c\u0131 Hizmetleri Y\u00f6neticisi\/Sabanc\u0131 \u00dcniversitesi Bilgi Merkezi Sabanc\u0131 \u00dcniversitesi Bilgi Merkezi\u2019nin Referans Ekibi, koleksiyonunda bulunan bas\u0131l\u0131 kaynaklar\u0131n\u0131 ya da eri\u015fim sa\u011flad\u0131\u011f\u0131 elektronik kaynaklar\u0131n\u0131 kullan\u0131c\u0131larla bulu\u015fturmak i\u00e7in \u00e7ok \u00e7e\u015fitli tan\u0131t\u0131m ve pazarlama faaliyetleri d\u00fczenlemektedir. Bunlardan biri de \u201cBM G\u00fcn\u00fcn \u0130pucu\u201d k\u00f6\u015fesi.<\/p>\n","protected":false},"author":143,"featured_media":25588,"comment_status":"open","ping_status":"open","sticky":false,"template":"","format":"standard","meta":{"footnotes":""},"categories":[1478],"tags":[1460],"class_list":["post-25587","post","type-post","status-publish","format-standard","has-post-thumbnail","hentry","category-cem-ozel","tag-kose-yazarlari"],"_links":{"self":[{"href":"https:\/\/www.bbyhaber.com\/bby\/wp-json\/wp\/v2\/posts\/25587"}],"collection":[{"href":"https:\/\/www.bbyhaber.com\/bby\/wp-json\/wp\/v2\/posts"}],"about":[{"href":"https:\/\/www.bbyhaber.com\/bby\/wp-json\/wp\/v2\/types\/post"}],"author":[{"embeddable":true,"href":"https:\/\/www.bbyhaber.com\/bby\/wp-json\/wp\/v2\/users\/143"}],"replies":[{"embeddable":true,"href":"https:\/\/www.bbyhaber.com\/bby\/wp-json\/wp\/v2\/comments?post=25587"}],"version-history":[{"count":1,"href":"https:\/\/www.bbyhaber.com\/bby\/wp-json\/wp\/v2\/posts\/25587\/revisions"}],"predecessor-version":[{"id":25594,"href":"https:\/\/www.bbyhaber.com\/bby\/wp-json\/wp\/v2\/posts\/25587\/revisions\/25594"}],"wp:featuredmedia":[{"embeddable":true,"href":"https:\/\/www.bbyhaber.com\/bby\/wp-json\/wp\/v2\/media\/25588"}],"wp:attachment":[{"href":"https:\/\/www.bbyhaber.com\/bby\/wp-json\/wp\/v2\/media?parent=25587"}],"wp:term":[{"taxonomy":"category","embeddable":true,"href":"https:\/\/www.bbyhaber.com\/bby\/wp-json\/wp\/v2\/categories?post=25587"},{"taxonomy":"post_tag","embeddable":true,"href":"https:\/\/www.bbyhaber.com\/bby\/wp-json\/wp\/v2\/tags?post=25587"}],"curies":[{"name":"wp","href":"https:\/\/api.w.org\/{rel}","templated":true}]}}