{"id":25572,"date":"2018-12-03T11:13:49","date_gmt":"2018-12-03T08:13:49","guid":{"rendered":"http:\/\/www.bbyhaber.com\/bby\/?p=25572"},"modified":"2018-12-03T11:13:49","modified_gmt":"2018-12-03T08:13:49","slug":"sesli-kutuphane-gorme-engellilere-isik-oluyor","status":"publish","type":"post","link":"https:\/\/www.bbyhaber.com\/bby\/2018\/12\/03\/sesli-kutuphane-gorme-engellilere-isik-oluyor","title":{"rendered":"&#8216;Sesli K\u00fct\u00fcphane&#8217; G\u00f6rme Engellilere I\u015f\u0131k Oluyor"},"content":{"rendered":"<p><a href=\"http:\/\/www.bbyhaber.com\/bby\/wp-content\/uploads\/2018\/12\/sesli-kutuphane-istanbul.jpg\"><img loading=\"lazy\" decoding=\"async\" class=\"alignleft size-full wp-image-25573\" src=\"http:\/\/www.bbyhaber.com\/bby\/wp-content\/uploads\/2018\/12\/sesli-kutuphane-istanbul.jpg\" alt=\"\" width=\"390\" height=\"180\" \/><\/a>T\u00fcrkiye\u2019de ya\u015fayan binlerce g\u00f6rme engellinin ya\u015fam\u0131na \u0131\u015f\u0131k tutmak i\u00e7in \u0130stanbul B\u00fcy\u00fck\u015fehir Belediyesi taraf\u0131ndan alt\u0131 y\u0131l \u00f6nce kurulan <strong><a href=\"https:\/\/seslikutuphane.ibb.gov.tr\/tr\/\" target=\"_blank\" rel=\"noopener\">Sesli K\u00fct\u00fcphane<\/a><\/strong>, \u00e7ok say\u0131da g\u00f6rme engelliye hizmet veriyor. K\u00fct\u00fcphanede bulunan romanlardan ders kitaplar\u0131na her t\u00fcrl\u00fc kitap, y\u00fczlerce g\u00f6n\u00fcll\u00fc taraf\u0131ndan engelli \u00fcyelerin ihtiya\u00e7lar\u0131na g\u00f6re seslendiriliyor.<!--more--><br \/>\n<strong>\u0130nternet \u00fczerinden t\u00fcm T\u00fcrkiye\u2019ye ula\u015f\u0131yor<\/strong><\/p>\n<p>Hizmetten sadece \u0130stanbul\u2019da ya\u015fayan engelliler de\u011fil di\u011fer \u015fehirlerdeki g\u00f6rme engelliler de yararlanabiliyor. G\u00f6n\u00fcll\u00fclerin okuduklar\u0131 kitaplar, \u0130BB arac\u0131l\u0131\u011f\u0131yla sesli k\u00fct\u00fcphane mobil uygulamas\u0131na ve internet sitesine y\u00fckleniyor, oradan da g\u00f6rme engellilere ula\u015ft\u0131r\u0131l\u0131yor. Ayr\u0131ca ihtiya\u00e7 sahiplerinin iste\u011fine g\u00f6re sesli kitap CD\u2019ye kopyalanarak da adreslere g\u00f6nderilebiliyor.<\/p>\n<p>Sesli K\u00fct\u00fcphane\u2019nin alt\u0131 y\u0131ld\u0131r sorumlulu\u011funu y\u00fcr\u00fcten Esra Korkmaz, merkezle ilgili \u015fu bilgileri verdi:<\/p>\n<p>\u201cG\u00f6n\u00fcll\u00fc olarak okuma yapan ki\u015filer haftada bir g\u00fcn, en az iki saat s\u00fcreyle merkezimize gelip kitap okuyorlar. Biz de seslendirilen kitaplar\u0131 sisteme y\u00fckl\u00fcyoruz. Daha sonra g\u00f6rme engelli vatanda\u015flar\u0131m\u0131z, mobil uygulamam\u0131zdan ve internet sayfam\u0131zdan online olarak kitaplar\u0131 indirip dinleyebiliyorlar.\u201d<\/p>\n<p><iframe loading=\"lazy\" src=\"https:\/\/www.amerikaninsesi.com\/embed\/player\/0\/4681220.html?type=video\" width=\"640\" height=\"360\" frameborder=\"0\" scrolling=\"no\" allowfullscreen=\"allowfullscreen\"><\/iframe><\/p>\n<p><strong>G\u00f6n\u00fcll\u00fc \u00fcniversitelilerden ders<\/strong><\/p>\n<p>Merkezde, g\u00f6rme engelli gen\u00e7lere ihtiya\u00e7lar\u0131na g\u00f6re g\u00f6n\u00fcll\u00fc \u00fcniversite \u00f6\u011frencileri taraf\u0131ndan bire bir ders verildi\u011finden de bahseden Korkmaz, \u00f6\u011frenciler haftai\u00e7i okulda olduklar\u0131 i\u00e7in \u00f6zel ders hizmetinin sadece cumartesi g\u00fcnleri verildi\u011fini s\u00f6yledi.<\/p>\n<p>Yapt\u0131klar\u0131 mobil uygulama sayesinde T\u00fcrkiye\u2019nin bir\u00e7ok \u015fehrinde bulunan engelli vatanda\u015flar\u0131n kendilerine kolay bir \u015fekilde ula\u015fabildi\u011fini s\u00f6yleyen Korkmaz, \u201cHerhangi bir \u015fehirden ihtiya\u00e7 sahibi, bize dinlemek istedi\u011fi kitab\u0131 bildiriyor. K\u00fct\u00fcphaneci arkada\u015flar\u0131m\u0131z da uygun olan kitaplar\u0131 g\u00f6n\u00fcll\u00fclere okutuyor ve ki\u015finin talebini bu \u015fekilde yerine getirmi\u015f oluyoruz\u201d diye konu\u015ftu.<\/p>\n<p><strong>Okuma g\u00f6n\u00fcll\u00fcleri de \u015fevkle \u00e7al\u0131\u015f\u0131yor<\/strong><\/p>\n<p>Okumaya gelen g\u00f6n\u00fcll\u00fclerin \u00e7ok mutlu oldu\u011funu g\u00f6zlemledi\u011fini belirten Korkmaz, \u201c5-6 y\u0131ld\u0131r mesaiye gelir gibi randevusuna gelen okuyucular\u0131m\u0131z var. Y\u0131l i\u00e7erisinde 10-20 aras\u0131 kitap bitiriyorlar. Okuyucular\u0131n b\u00f6yle mutlu \u015fekilde i\u015flerini yapmas\u0131 bizi de g\u00f6rme engellileri de \u00e7ok mutlu ediyor\u2019 dedi.<\/p>\n<p>Sesli K\u00fct\u00fcphane\u2019de 8 ayd\u0131r g\u00f6n\u00fcll\u00fc olarak kitap okuyan Nermin Emaneto\u011flu, projeyi bir arkada\u015f\u0131 vas\u0131tas\u0131yla \u00f6\u011frendi\u011fini ve hemen kat\u0131lmaya karar verdi\u011fini s\u00f6yledi. Diksiyonunu daha iyi hale getirmek i\u00e7in diksiyon dersleri ald\u0131\u011f\u0131n\u0131 ifade eden Emaneto\u011flu, \u201cOkurken vurgular\u0131m\u0131za dikkat etmemiz gerekiyor. Ba\u015flad\u0131\u011f\u0131m\u0131z gibi bitirmek yerine tiyatral bir \u015feyler katmal\u0131y\u0131z. \u00c7\u00fcnk\u00fc g\u00f6rmeyen arkada\u015flar\u0131m\u0131z dinlerken o hissiyat\u0131 almal\u0131\u201d diye konu\u015ftu.<\/p>\n<p>G\u00f6rme engeliler i\u00e7in seslendirdi\u011fi kitaplar\u0131n kendisinde manevi bir tatmin yaratt\u0131\u011f\u0131n\u0131 da belirten Emaneto\u011flu, s\u00f6zlerine \u015f\u00f6yle devam etti:<\/p>\n<p>\u201cBiz bu kitaplar\u0131 g\u00f6rmeyen dostlar\u0131m\u0131z i\u00e7in okuyoruz. Sonra seslendirdi\u011fimiz bu kitaplar\u0131 g\u00f6rme engelli dostlar\u0131m\u0131z dinleyerek okuyorlar.\u201d<\/p>\n<p><strong>G\u00f6rme engelli \u00f6\u011frenci: \u201c\u00f6devlerime yard\u0131mc\u0131 oluyor\u201d<\/strong><\/p>\n<p>11. s\u0131n\u0131fa giden g\u00f6rme engelli Abdulsamet Mercan, k\u00fct\u00fcphanede hem sesli kitap hizmetinden yararland\u0131\u011f\u0131n\u0131 hem de geri kald\u0131\u011f\u0131 dersleri i\u00e7in destek ald\u0131\u011f\u0131n\u0131 s\u00f6yledi.<\/p>\n<p>Mercan, \u201cBu hizmet \u00e7ok g\u00fczel. \u0130stedi\u011fimiz kitap seslendiriliyor. Buraya geldi\u011fim i\u00e7in \u00e7ok mutluyum \u00e7\u00fcnk\u00fc ihtiya\u00e7 duydu\u011fum dersleri \u00e7al\u0131\u015fma \u015fans\u0131m da oluyor. Okuldaki \u00f6devlerimi yapmam konusunda bana yard\u0131mc\u0131 oluyorlar\u201d dedi.<\/p>\n<p><a href=\"https:\/\/www.amerikaninsesi.com\" target=\"_blank\" rel=\"noopener\">Kaynak<\/a><\/p>\n","protected":false},"excerpt":{"rendered":"<p>T\u00fcrkiye\u2019de ya\u015fayan binlerce g\u00f6rme engellinin ya\u015fam\u0131na \u0131\u015f\u0131k tutmak i\u00e7in \u0130stanbul B\u00fcy\u00fck\u015fehir Belediyesi taraf\u0131ndan alt\u0131 y\u0131l \u00f6nce kurulan Sesli K\u00fct\u00fcphane, \u00e7ok say\u0131da g\u00f6rme engelliye hizmet veriyor. K\u00fct\u00fcphanede bulunan romanlardan ders kitaplar\u0131na her t\u00fcrl\u00fc kitap, y\u00fczlerce g\u00f6n\u00fcll\u00fc taraf\u0131ndan engelli \u00fcyelerin ihtiya\u00e7lar\u0131na g\u00f6re seslendiriliyor.<\/p>\n","protected":false},"author":1,"featured_media":25573,"comment_status":"open","ping_status":"open","sticky":false,"template":"","format":"standard","meta":{"footnotes":""},"categories":[1487,1503],"tags":[1443],"class_list":["post-25572","post","type-post","status-publish","format-standard","has-post-thumbnail","hentry","category-gorme-engelli-kutuphane","category-sesli-kutuphane","tag-sesli-kutuphaneler"],"_links":{"self":[{"href":"https:\/\/www.bbyhaber.com\/bby\/wp-json\/wp\/v2\/posts\/25572"}],"collection":[{"href":"https:\/\/www.bbyhaber.com\/bby\/wp-json\/wp\/v2\/posts"}],"about":[{"href":"https:\/\/www.bbyhaber.com\/bby\/wp-json\/wp\/v2\/types\/post"}],"author":[{"embeddable":true,"href":"https:\/\/www.bbyhaber.com\/bby\/wp-json\/wp\/v2\/users\/1"}],"replies":[{"embeddable":true,"href":"https:\/\/www.bbyhaber.com\/bby\/wp-json\/wp\/v2\/comments?post=25572"}],"version-history":[{"count":1,"href":"https:\/\/www.bbyhaber.com\/bby\/wp-json\/wp\/v2\/posts\/25572\/revisions"}],"predecessor-version":[{"id":25574,"href":"https:\/\/www.bbyhaber.com\/bby\/wp-json\/wp\/v2\/posts\/25572\/revisions\/25574"}],"wp:featuredmedia":[{"embeddable":true,"href":"https:\/\/www.bbyhaber.com\/bby\/wp-json\/wp\/v2\/media\/25573"}],"wp:attachment":[{"href":"https:\/\/www.bbyhaber.com\/bby\/wp-json\/wp\/v2\/media?parent=25572"}],"wp:term":[{"taxonomy":"category","embeddable":true,"href":"https:\/\/www.bbyhaber.com\/bby\/wp-json\/wp\/v2\/categories?post=25572"},{"taxonomy":"post_tag","embeddable":true,"href":"https:\/\/www.bbyhaber.com\/bby\/wp-json\/wp\/v2\/tags?post=25572"}],"curies":[{"name":"wp","href":"https:\/\/api.w.org\/{rel}","templated":true}]}}