{"id":2556,"date":"2012-02-11T11:22:15","date_gmt":"2012-02-11T11:22:15","guid":{"rendered":"http:\/\/www.bbyhaber.com\/bby\/?p=2556"},"modified":"2012-06-08T07:27:16","modified_gmt":"2012-06-08T07:27:16","slug":"kutuphane-karincalari-kutuphaneler-kuruyor","status":"publish","type":"post","link":"https:\/\/www.bbyhaber.com\/bby\/2012\/02\/11\/kutuphane-karincalari-kutuphaneler-kuruyor","title":{"rendered":"K\u00fct\u00fcphane Kar\u0131ncalar\u0131 K\u00fct\u00fcphaneler Kuruyor"},"content":{"rendered":"<p style=\"text-align: justify;\"><a href=\"http:\/\/egitimtercihi.com\/images\/7_Ozel_Okul\/karincalar-kutuphane-kuruyor.jpg\"><img loading=\"lazy\" decoding=\"async\" class=\"alignleft\" src=\"http:\/\/egitimtercihi.com\/images\/7_Ozel_Okul\/karincalar-kutuphane-kuruyor.jpg\" alt=\"\" width=\"299\" height=\"157\" \/><\/a>Bah\u00e7e\u015fehir Kolejleri ve Be\u015fikta\u015f Koleji \u201cKitaplar\u0131n\u0131z Raflarda Durmas\u0131n Minik Ellerde Par\u0131ldas\u0131n\u201d slogan\u0131yla \u201cK\u00fct\u00fcphane Kar\u0131ncalar\u0131 K\u00fct\u00fcphaneler Kuruyor\u201d projesi ba\u015flatt\u0131. Proje kapsam\u0131nda ihtiyac\u0131 olan okullara k\u00fct\u00fcphaneler kurulacak.<!--more--> <strong>Kampanyaya destek vermek i\u00e7in 15 Ocak \u2013 15 May\u0131s 2012<\/strong> tarihleri aras\u0131nda en yak\u0131n K\u00fct\u00fcphane Kar\u0131ncas\u0131 \u00f6\u011frencisine kitaplar\u0131n\u0131z\u0131 ula\u015ft\u0131rabilirsiniz. \u00d6te yandan proje kapsam\u0131nda hedeflenen kitap say\u0131s\u0131 ise 150 bin olarak a\u00e7\u0131kland\u0131.<\/p>\n<p style=\"text-align: justify;\">Proje i\u00e7in toplanmas\u0131 planlanan kitaplar \u015f\u00f6yle:\u00a0 Milli E\u011fitim Bakanl\u0131\u011f\u0131\u2019n\u0131n \u00f6ng\u00f6rd\u00fc\u011f\u00fc yay\u0131nlar ile gen\u00e7lik klasikleri, \u00e7ocuk klasikleri, klasikler, \u00fcniversite ve Anadolu liseleri haz\u0131rl\u0131k kitaplar\u0131, \u00e7ocuk hik\u00e2yeleri, psikoloji kitaplar\u0131, \u00e7ocuk romanlar\u0131, anaokulu \u00e7ocuklar\u0131na y\u00f6nelik kitaplar, bilimsel ve edebi kitaplar, dergiler ve \u00f6\u011fretmen e\u011fitim kitaplar.<\/p>\n<p style=\"text-align: justify;\">Evinizde okudu\u011funuz veya vazge\u00e7ebilece\u011finiz kitaplar\u0131n\u0131z varsa, \u00e7al\u0131\u015fmaya destek vermek i\u00e7in kitaplar\u0131 15 May\u0131s 2012 tarihine kadar Bah\u00e7e\u015fehir veya BJK kolejlerinden birine ula\u015ft\u0131rman\u0131z gerekiyor. Kitaplar ta\u015f\u0131yamayaca\u011f\u0131n\u0131z kadar \u00e7oksa, 0 212 270 75 25 no\u2019lu telefonu aray\u0131p evinize bir g\u00f6revlinin gelip kitaplar\u0131 teslim almas\u0131n\u0131 isteyebilirsiniz.<\/p>\n<p style=\"text-align: justify;\">Kaynak: http:\/\/egitimtercihi.com<\/p>\n","protected":false},"excerpt":{"rendered":"<p>Bah\u00e7e\u015fehir Kolejleri ve Be\u015fikta\u015f Koleji \u201cKitaplar\u0131n\u0131z Raflarda Durmas\u0131n Minik Ellerde Par\u0131ldas\u0131n\u201d slogan\u0131yla \u201cK\u00fct\u00fcphane Kar\u0131ncalar\u0131 K\u00fct\u00fcphaneler Kuruyor\u201d projesi ba\u015flatt\u0131. Proje kapsam\u0131nda ihtiyac\u0131 olan okullara k\u00fct\u00fcphaneler kurulacak.<\/p>\n","protected":false},"author":1,"featured_media":0,"comment_status":"open","ping_status":"open","sticky":false,"template":"","format":"standard","meta":{"footnotes":""},"categories":[],"tags":[317,845],"class_list":["post-2556","post","type-post","status-publish","format-standard","hentry","tag-kutuphane-karincalari","tag-okul-kutuphaneleri"],"_links":{"self":[{"href":"https:\/\/www.bbyhaber.com\/bby\/wp-json\/wp\/v2\/posts\/2556"}],"collection":[{"href":"https:\/\/www.bbyhaber.com\/bby\/wp-json\/wp\/v2\/posts"}],"about":[{"href":"https:\/\/www.bbyhaber.com\/bby\/wp-json\/wp\/v2\/types\/post"}],"author":[{"embeddable":true,"href":"https:\/\/www.bbyhaber.com\/bby\/wp-json\/wp\/v2\/users\/1"}],"replies":[{"embeddable":true,"href":"https:\/\/www.bbyhaber.com\/bby\/wp-json\/wp\/v2\/comments?post=2556"}],"version-history":[{"count":0,"href":"https:\/\/www.bbyhaber.com\/bby\/wp-json\/wp\/v2\/posts\/2556\/revisions"}],"wp:attachment":[{"href":"https:\/\/www.bbyhaber.com\/bby\/wp-json\/wp\/v2\/media?parent=2556"}],"wp:term":[{"taxonomy":"category","embeddable":true,"href":"https:\/\/www.bbyhaber.com\/bby\/wp-json\/wp\/v2\/categories?post=2556"},{"taxonomy":"post_tag","embeddable":true,"href":"https:\/\/www.bbyhaber.com\/bby\/wp-json\/wp\/v2\/tags?post=2556"}],"curies":[{"name":"wp","href":"https:\/\/api.w.org\/{rel}","templated":true}]}}