{"id":2550,"date":"2012-02-10T12:53:14","date_gmt":"2012-02-10T12:53:14","guid":{"rendered":"http:\/\/www.bbyhaber.com\/bby\/?p=2550"},"modified":"2012-05-22T06:39:02","modified_gmt":"2012-05-22T06:39:02","slug":"ragip-pasa-kutuphanesi-yenileniyor","status":"publish","type":"post","link":"https:\/\/www.bbyhaber.com\/bby\/2012\/02\/10\/ragip-pasa-kutuphanesi-yenileniyor","title":{"rendered":"Rag\u0131p Pa\u015fa K\u00fct\u00fcphanesi Yenileniyor"},"content":{"rendered":"<p style=\"text-align: justify;\">18.y\u00fczy\u0131l Osmanl\u0131 mimarisinin tipik \u00f6rneklerinden olan k\u00fct\u00fcphane, T\u00fcrk k\u00fct\u00fcphanecilik tarihi a\u00e7\u0131s\u0131ndan b\u00fcy\u00fck \u00f6nem ta\u015f\u0131yor. \u0130stanbul&#8217;un Laleli semtinde Beyaz\u0131t&#8217;tan Aksaray&#8217;a inerken \u0130stanbul \u00dcniversitesi Edebiyat Fak\u00fcltesi kar\u015f\u0131s\u0131nda, 18.y\u00fczy\u0131l Osmanl\u0131 mimarisinin tipik \u00f6rneklerinden Koca Rag\u0131p Pa\u015fa K\u00fct\u00fcphanesi t\u00fcm heybetiyle \u00f6n\u00fcn\u00fczde durur. \u0130\u015fte bu heybetli yap\u0131y\u0131 \u00d6zel \u0130dare t\u00fcm ayr\u0131nt\u0131lar\u0131n\u0131 asl\u0131na uygun olmas\u0131na dikkat ederek restore ediyor.<!--more--><\/p>\n<p style=\"text-align: justify;\">Rag\u0131p Pa\u015fa K\u00fclliyesi i\u00e7inde yer alan k\u00fct\u00fcphane, T\u00fcrk k\u00fct\u00fcphanecilik tarihi a\u00e7\u0131s\u0131ndan da b\u00fcy\u00fck \u00f6nem ta\u015f\u0131yor. \u0130stanbul \u0130l \u00d6zel \u0130daresi, k\u00fclt\u00fcr miras\u0131 as\u0131rl\u0131k k\u00fct\u00fcphanenin restorasyon \u00e7al\u0131\u015fmalar\u0131nda zemin kat, t\u00fcm cephelerin onar\u0131m i\u015fi, tavan ve \u00e7evre d\u00fczenlenmesinde sona yakla\u015f\u0131yor. 17 A\u011fustos depreminde b\u00fcy\u00fck zarar g\u00f6ren Rag\u0131p Pa\u015fa K\u00fct\u00fcphanesi onar\u0131m\u0131n\u0131n tamamlanmas\u0131yla birlikte eski ar\u015fivine de kavu\u015fmu\u015f olacak.<\/p>\n<p style=\"text-align: justify;\">Rag\u0131p Pa\u015fa K\u00fct\u00fcphanesi hakk\u0131nda;<\/p>\n<p style=\"text-align: justify;\">Dikd\u00f6rtgen planl\u0131 mek\u00e2n bir b\u00fcy\u00fck, yedi k\u00fc\u00e7\u00fck tonoz bi\u00e7imli kubbe ile \u00f6rt\u00fcl\u00fcd\u00fcr. Avluya ve caddeye bakan alt\u0131\u015far cam\u0131 ile g\u00fcn\u00fcn her saati ayd\u0131nl\u0131k olan, 90 ki\u015filik okuma salonu bulunmaktad\u0131r. Merdivenlerden inip tekrar avluya \u00e7\u0131karak as\u0131l k\u00fct\u00fcphane binas\u0131na ula\u015fmak i\u00e7in ad\u0131mlad\u0131\u011f\u0131m\u0131zda sa\u011f\u0131m\u0131zda bir \u00c7e\u015fme, solumuzda ise Koca Rag\u0131p Pa\u015fa ve yak\u0131nlar\u0131na ait mezarlarla kar\u015f\u0131la\u015f\u0131l\u0131r. Mermer s\u00f6veli ve mermer kemerli as\u0131l giri\u015f kap\u0131s\u0131 k\u00fcndek\u00e2ri bir i\u015f\u00e7ilikle s\u00fcsl\u00fcd\u00fcr.<\/p>\n<p style=\"text-align: justify;\">K\u00fct\u00fcphane binas\u0131 kenarlar\u0131 14 metre olan kare planl\u0131 bir yap\u0131d\u0131r. Binay\u0131 \u00f6rten dokuz kubbeyi, s\u00fctunlara oturmu\u015f kemerler ta\u015f\u0131maktad\u0131r. Ortadaki b\u00fcy\u00fck kubbenin alt\u0131nda s\u00fcsl\u00fc tun\u00e7 parmakl\u0131klarla \u00e7evrili kitap dolaplar\u0131 vard\u0131r. \u00d6zellikle zengin s\u00fcslemeli tun\u00e7 parmakl\u0131klar\u0131n bir di\u011fer \u00f6rne\u011fi yoktur. Dantel gibi i\u015flenmi\u015f bu koruma parmakl\u0131klar\u0131n\u0131n i\u00e7inde \u00f6nl\u00fc arkal\u0131 ve camek\u00e2nl\u0131 \u00fc\u00e7 s\u0131ral\u0131 kitap raflar\u0131 yine devrinin \u00f6zelliklerini yans\u0131tmaktad\u0131r.<\/p>\n<p style=\"text-align: justify;\">Duvarlarda ise 18. y\u00fczy\u0131l \u00fcsl\u00fbbu u\u00e7uk mavi renkte geometrik d\u00fczenli bitki ve \u00e7i\u00e7ek desenleri mek\u00e2na ayr\u0131 bir g\u00fczellik katmaktad\u0131r. \u0130stanbul \u0130l \u00d6zel \u0130daresi, k\u00fct\u00fcphane ile birlikte Rag\u0131p Pa\u015fa K\u00fclliyesi&#8217;nde yer almakta olan S\u0131byan Mektebi, avlu, \u00c7e\u015fme ve helalarda da restorasyon \u00e7al\u0131\u015fmalar\u0131n\u0131 s\u00fcrd\u00fcr\u00fcyor.<\/p>\n<p style=\"text-align: justify;\">Kaynak: http:\/\/www.gazetekaraman.com<\/p>\n","protected":false},"excerpt":{"rendered":"<p>18.y\u00fczy\u0131l Osmanl\u0131 mimarisinin tipik \u00f6rneklerinden olan k\u00fct\u00fcphane, T\u00fcrk k\u00fct\u00fcphanecilik tarihi a\u00e7\u0131s\u0131ndan b\u00fcy\u00fck \u00f6nem ta\u015f\u0131yor. \u0130stanbul&#8217;un Laleli semtinde Beyaz\u0131t&#8217;tan Aksaray&#8217;a inerken \u0130stanbul \u00dcniversitesi Edebiyat Fak\u00fcltesi kar\u015f\u0131s\u0131nda, 18.y\u00fczy\u0131l Osmanl\u0131 mimarisinin tipik \u00f6rneklerinden Koca Rag\u0131p Pa\u015fa K\u00fct\u00fcphanesi t\u00fcm heybetiyle \u00f6n\u00fcn\u00fczde durur. \u0130\u015fte bu heybetli yap\u0131y\u0131 \u00d6zel \u0130dare t\u00fcm ayr\u0131nt\u0131lar\u0131n\u0131 asl\u0131na uygun olmas\u0131na dikkat ederek restore ediyor.<\/p>\n","protected":false},"author":1,"featured_media":0,"comment_status":"open","ping_status":"open","sticky":false,"template":"","format":"standard","meta":{"footnotes":""},"categories":[1],"tags":[],"class_list":["post-2550","post","type-post","status-publish","format-standard","hentry","category-genel"],"_links":{"self":[{"href":"https:\/\/www.bbyhaber.com\/bby\/wp-json\/wp\/v2\/posts\/2550"}],"collection":[{"href":"https:\/\/www.bbyhaber.com\/bby\/wp-json\/wp\/v2\/posts"}],"about":[{"href":"https:\/\/www.bbyhaber.com\/bby\/wp-json\/wp\/v2\/types\/post"}],"author":[{"embeddable":true,"href":"https:\/\/www.bbyhaber.com\/bby\/wp-json\/wp\/v2\/users\/1"}],"replies":[{"embeddable":true,"href":"https:\/\/www.bbyhaber.com\/bby\/wp-json\/wp\/v2\/comments?post=2550"}],"version-history":[{"count":0,"href":"https:\/\/www.bbyhaber.com\/bby\/wp-json\/wp\/v2\/posts\/2550\/revisions"}],"wp:attachment":[{"href":"https:\/\/www.bbyhaber.com\/bby\/wp-json\/wp\/v2\/media?parent=2550"}],"wp:term":[{"taxonomy":"category","embeddable":true,"href":"https:\/\/www.bbyhaber.com\/bby\/wp-json\/wp\/v2\/categories?post=2550"},{"taxonomy":"post_tag","embeddable":true,"href":"https:\/\/www.bbyhaber.com\/bby\/wp-json\/wp\/v2\/tags?post=2550"}],"curies":[{"name":"wp","href":"https:\/\/api.w.org\/{rel}","templated":true}]}}