{"id":25464,"date":"2018-11-12T08:48:21","date_gmt":"2018-11-12T05:48:21","guid":{"rendered":"http:\/\/www.bbyhaber.com\/bby\/?p=25464"},"modified":"2019-04-05T08:40:05","modified_gmt":"2019-04-05T05:40:05","slug":"ankoslink-2019-dijital-kuresellesme-ve-surdurulebilir-kutuphaneler-02-05-nisan-2019-antalya","status":"publish","type":"post","link":"https:\/\/www.bbyhaber.com\/bby\/2018\/11\/12\/ankoslink-2019-dijital-kuresellesme-ve-surdurulebilir-kutuphaneler-02-05-nisan-2019-antalya","title":{"rendered":"ANKOSLink 2019-Dijital K\u00fcreselle\u015fme ve S\u00fcrd\u00fcr\u00fclebilir K\u00fct\u00fcphaneler, 02-05 Nisan 2019, Antalya"},"content":{"rendered":"<p><a href=\"http:\/\/www.bbyhaber.com\/bby\/wp-content\/uploads\/2018\/11\/ankos2019.jpg\"><img loading=\"lazy\" decoding=\"async\" class=\"alignleft size-full wp-image-25465\" src=\"http:\/\/www.bbyhaber.com\/bby\/wp-content\/uploads\/2018\/11\/ankos2019.jpg\" alt=\"\" width=\"390\" height=\"180\" \/><\/a>\u00d6n\u00fcm\u00fczdeki y\u0131l ger\u00e7ekle\u015ftirilecek olan <strong>ANKOSLink 2019<\/strong>&#8216;un ana temas\u0131 ve tarihi a\u00e7\u0131kland\u0131. Ana tema&#8217;n\u0131n &#8220;<strong>Dijital K\u00fcreselle\u015fme ve S\u00fcrd\u00fcr\u00fclebilir K\u00fct\u00fcphaneler<\/strong>&#8221; oldu\u011fu ve <span style=\"color: #ff0000;\"><strong>02-05 Nisan 2019<\/strong><\/span> tarihinde\u00a0<strong>Royal Seginus Hotel, Lara, Antalya<\/strong> otelinde yap\u0131laca\u011f\u0131 belirtildi.<!--more--><\/p>\n<p><strong>ANKOSLink 2019<\/strong>\u00a0son geli\u015fmeleri takip edebilmek, yeni hizmetler geli\u015ftirme ve mevcut hizmetleri iyile\u015ftirmek i\u00e7in gerekli t\u00fcm kaynaklar\u0131n bir \u00e7at\u0131 alt\u0131nda topland\u0131\u011f\u0131 uluslararas\u0131 bir konferanst\u0131r.<\/p>\n<p><strong>ANKOSLink 2019<\/strong>\u00a0firmalara kendilerini ve \u00fcr\u00fcnlerini tan\u0131tabilecekleri ortam\u0131 sunabilecekleri zengin sergi imkan\u0131na paralel olarak sekt\u00f6re ait en yeni geli\u015fmelerin tart\u0131\u015f\u0131laca\u011f\u0131 akademik bir program\u00a0da i\u00e7ermektedir. Sayg\u0131n konu\u015fmac\u0131lar bu program dahilinde sekt\u00f6r\u00fcn gelece\u011fini \u015fekillendirecek konular\u0131 tart\u0131\u015facaklard\u0131r.<\/p>\n<p><strong>Bilgi Profesyonelleri i\u00e7in ANKOS Link 2019<\/strong><\/p>\n<p><strong>End\u00fcstri liderlerinden haberler<\/strong><\/p>\n<p>ANKOSLink 2019\u00a0akademik ve ara\u015ft\u0131rma k\u00fct\u00fcphanelerinde ve hatta ar\u015fiv ve m\u00fczelerde \u00e7al\u0131\u015fan bilgi profesyonelleri i\u00e7in ka\u00e7\u0131r\u0131lmamas\u0131 gereken bir toplant\u0131d\u0131r. Bu toplant\u0131da her d\u00fczeyde g\u00f6rev yapan bilgi profesyonelleri tecr\u00fcbe payla\u015f\u0131m\u0131, \u00f6\u011frenme ve tan\u0131\u015fma amac\u0131yla bir araya gelecektir.<\/p>\n<p><strong>Sekt\u00f6rdeki payda\u015flarla tan\u0131\u015fma<\/strong><\/p>\n<p>ANKOSLink 2019\u00a0toplant\u0131s\u0131nda sizinle ayn\u0131 zorluklar\u0131 payla\u015fan kesimlerle tan\u0131\u015fabilirsiniz. Yay\u0131nc\u0131lar, \u00e7evrimi\u00e7i bilgi sa\u011flay\u0131c\u0131lar\u0131, e\u011fitimciler bu kesimler aras\u0131nda say\u0131labilir.<\/p>\n<p><strong>Herkes i\u00e7in bir \u015fey var:<\/strong><\/p>\n<p>ANKOSLink 2019\u00a0y\u00f6neticiden \u00f6\u011frenciye, her d\u00fczeyde g\u00f6rev yapan bilgi profesyonelleri i\u00e7in uygun i\u00e7erik sunmaktad\u0131r.<\/p>\n<p><strong>ANKOSLink 2019\u2019a kat\u0131lmas\u0131 \u00f6nerilen gruplar:<\/strong><\/p>\n<ul>\n<li>Bilgi Profesyonelleri<\/li>\n<li>K\u00fct\u00fcphaneciler<\/li>\n<li>Akademisyenler<\/li>\n<li>\u00d6\u011frenme &amp; \u00d6\u011fretme Ofisleri<\/li>\n<li>Teknologlar<\/li>\n<li>Bilgi ve Belge Y\u00f6netimi \u00f6\u011frencileri<\/li>\n<li>Ara\u015ft\u0131rma K\u00fct\u00fcphanecileri<\/li>\n<li>Bilgi Y\u00f6neticileri<\/li>\n<li>Ar\u015fiv Uzmanlar\u0131<\/li>\n<li>Yay\u0131nc\u0131lar ve \u00e7evrimi\u00e7i bilgi sa\u011flay\u0131c\u0131lar\u0131 \u2026<\/li>\n<\/ul>\n<p><a href=\"http:\/\/www.ankoslink.org.tr\/2019\/index.php?lang=tr\" target=\"_blank\" rel=\"noopener\"><strong>Web sayfas\u0131 i\u00e7in t\u0131klay\u0131n\u0131z<\/strong><\/a><\/p>\n","protected":false},"excerpt":{"rendered":"<p>\u00d6n\u00fcm\u00fczdeki y\u0131l ger\u00e7ekle\u015ftirilecek olan ANKOSLink 2019&#8216;un ana temas\u0131 ve tarihi a\u00e7\u0131kland\u0131. Ana tema&#8217;n\u0131n &#8220;Dijital K\u00fcreselle\u015fme ve S\u00fcrd\u00fcr\u00fclebilir K\u00fct\u00fcphaneler&#8221; oldu\u011fu ve 02-05 Nisan 2019 tarihinde\u00a0Royal Seginus Hotel, Lara, Antalya otelinde yap\u0131laca\u011f\u0131 belirtildi.<\/p>\n","protected":false},"author":1,"featured_media":25465,"comment_status":"open","ping_status":"open","sticky":false,"template":"","format":"standard","meta":{"footnotes":""},"categories":[1537],"tags":[1395],"class_list":["post-25464","post","type-post","status-publish","format-standard","has-post-thumbnail","hentry","category-ankoslink","tag-bby-mesleki-etkinlikler-arsivi"],"_links":{"self":[{"href":"https:\/\/www.bbyhaber.com\/bby\/wp-json\/wp\/v2\/posts\/25464"}],"collection":[{"href":"https:\/\/www.bbyhaber.com\/bby\/wp-json\/wp\/v2\/posts"}],"about":[{"href":"https:\/\/www.bbyhaber.com\/bby\/wp-json\/wp\/v2\/types\/post"}],"author":[{"embeddable":true,"href":"https:\/\/www.bbyhaber.com\/bby\/wp-json\/wp\/v2\/users\/1"}],"replies":[{"embeddable":true,"href":"https:\/\/www.bbyhaber.com\/bby\/wp-json\/wp\/v2\/comments?post=25464"}],"version-history":[{"count":1,"href":"https:\/\/www.bbyhaber.com\/bby\/wp-json\/wp\/v2\/posts\/25464\/revisions"}],"predecessor-version":[{"id":25466,"href":"https:\/\/www.bbyhaber.com\/bby\/wp-json\/wp\/v2\/posts\/25464\/revisions\/25466"}],"wp:featuredmedia":[{"embeddable":true,"href":"https:\/\/www.bbyhaber.com\/bby\/wp-json\/wp\/v2\/media\/25465"}],"wp:attachment":[{"href":"https:\/\/www.bbyhaber.com\/bby\/wp-json\/wp\/v2\/media?parent=25464"}],"wp:term":[{"taxonomy":"category","embeddable":true,"href":"https:\/\/www.bbyhaber.com\/bby\/wp-json\/wp\/v2\/categories?post=25464"},{"taxonomy":"post_tag","embeddable":true,"href":"https:\/\/www.bbyhaber.com\/bby\/wp-json\/wp\/v2\/tags?post=25464"}],"curies":[{"name":"wp","href":"https:\/\/api.w.org\/{rel}","templated":true}]}}