{"id":25451,"date":"2018-11-09T16:53:51","date_gmt":"2018-11-09T13:53:51","guid":{"rendered":"http:\/\/www.bbyhaber.com\/bby\/?p=25451"},"modified":"2018-11-14T14:26:41","modified_gmt":"2018-11-14T11:26:41","slug":"ataturk-bir-insana-ne-kazandirabilir","status":"publish","type":"post","link":"https:\/\/www.bbyhaber.com\/bby\/2018\/11\/09\/ataturk-bir-insana-ne-kazandirabilir","title":{"rendered":"Atat\u00fcrk, Bir \u0130nsana Ne Kazand\u0131rabilir?  | Cem \u00d6ZEL"},"content":{"rendered":"<p>[avatar user=&#8221;cemozel&#8221; \/]<a href=\"http:\/\/www.bbyhaber.com\/bby\/author\/cemozel\"><br \/>\nCem \u00d6ZEL<\/a><br \/>\n<strong>Kullan\u0131c\u0131 Hizmetleri Y\u00f6neticisi\/Sabanc\u0131 \u00dcniversitesi Bilgi Merkezi<\/strong><\/p>\n<p><a href=\"http:\/\/www.bbyhaber.com\/bby\/wp-content\/uploads\/2018\/11\/ataturk-bir-insana-ne-kazandirabilir.jpg\"><img loading=\"lazy\" decoding=\"async\" class=\"alignleft size-full wp-image-25452\" src=\"http:\/\/www.bbyhaber.com\/bby\/wp-content\/uploads\/2018\/11\/ataturk-bir-insana-ne-kazandirabilir.jpg\" alt=\"\" width=\"390\" height=\"180\" \/><\/a><strong>Atat\u00fcrk<\/strong>\u2019ten bana kalan en b\u00fcy\u00fck miraslardan birisi O\u2019nun vatan sevgisidir. Onun \u015fu konu\u015fmas\u0131 g\u00f6nl\u00fcme kaz\u0131l\u0131d\u0131r:<\/p>\n<p><em>\u201c\u0130\u015fittim ki, baz\u0131 arkada\u015flar yoksullu\u011fumuzu bahane ederek memleketlerine d\u00f6nmek istiyorlarm\u0131\u015f. Ben kimseyi zorla milli meclise davet etmedim. Herkes karar\u0131nda \u00f6zg\u00fcrd\u00fcr, bunlara ba\u015fkalar\u0131 da kat\u0131labilirler. Ben bu mukaddes davaya inanm\u0131\u015f bir insan s\u0131fat\u0131 ile buradan bir yere gitmemeye karar verdim. Hatta, hepiniz gidebilirsiniz. Asker Mustafa Kemal mavzerini eline al\u0131r, fi\u015feklerini g\u00f6\u011fs\u00fcne dizer, bir eline de bayra\u011f\u0131n\u0131 al\u0131r, bu \u015fekilde <strong>Elmada\u011f\u0131<\/strong>\u2019na \u00e7\u0131kar, orada tek kur\u015funum kalana kadar vatan\u0131 savunurum. Kur\u015funlar\u0131m bitince de bu aciz v\u00fccudumu bayra\u011f\u0131ma sarar, d\u00fc\u015fman kur\u015funlar\u0131 ile yaralan\u0131r, temiz kan\u0131m\u0131, mukaddes bayra\u011f\u0131ma i\u00e7ire i\u00e7ire tek ba\u015f\u0131ma can veririm. Ben buna and i\u00e7tim.\u201d<\/em><!--more--><\/p>\n<p>\u015eu ana kadar okudu\u011fum hi\u00e7bir kitapta \u201cvatan sevgisi\u201d b\u00f6ylesine g\u00fczel, \u00a0b\u00f6ylesine i\u00e7ten dillendirilmemi\u015fti.<\/p>\n<p>\u00c7ocuklu\u011fumdan beri a\u015finay\u0131m <strong>Atat\u00fcrk<\/strong>\u2019e. B\u00fct\u00fcn akrabalar\u0131m\u0131zda oldu\u011fu gibi bizim evimizde de <strong>Atat\u00fcrk<\/strong>\u2019\u00fcn bir foto\u011fraf\u0131 as\u0131l\u0131yd\u0131. \u015eu anda da as\u0131l\u0131d\u0131r; ama en g\u00fczeli b\u00fcy\u00fck amcam\u0131n evindeki \u015fu a\u015fa\u011f\u0131daki foto\u011fraf\u0131d\u0131r.<\/p>\n<p><a href=\"http:\/\/www.bbyhaber.com\/bby\/wp-content\/uploads\/2018\/11\/ataturk.jpg\"><img loading=\"lazy\" decoding=\"async\" class=\"alignnone wp-image-25453 size-full\" src=\"http:\/\/www.bbyhaber.com\/bby\/wp-content\/uploads\/2018\/11\/ataturk.jpg\" alt=\"\" width=\"242\" height=\"353\" srcset=\"https:\/\/www.bbyhaber.com\/bby\/wp-content\/uploads\/2018\/11\/ataturk.jpg 242w, https:\/\/www.bbyhaber.com\/bby\/wp-content\/uploads\/2018\/11\/ataturk-206x300.jpg 206w\" sizes=\"(max-width: 242px) 100vw, 242px\" \/><\/a><\/p>\n<p><strong>Atat\u00fcrk<\/strong> en nihayetinde insand\u0131. Yanl\u0131\u015flar\u0131 da olmu\u015f olabilir, hen\u00fcz hi\u00e7bir kitapta denk gelmesem de. <strong>Atat\u00fcrk<\/strong>\u2019\u00fc herkes sevmek zorunda de\u011fil. Buna kimse k\u0131zmamal\u0131 da. G\u00fcne\u015fin bal\u00e7\u0131kla s\u0131vanmayaca\u011f\u0131n\u0131 da biliyoruz hepimiz.<\/p>\n<p>\u0130nsan, <strong>Atat\u00fcrk<\/strong> hakk\u0131nda \u00e7ok kitap okuyunca, \u00e7ok fazla konferansa kat\u0131l\u0131nca ve \u00fcniversite ortam\u0131nda \u00e7al\u0131\u015f\u0131nca, O\u2019nun kahramanl\u0131klar\u0131ndan ziyade k\u00fclt\u00fcrel ve bilimsel yan\u0131yla daha \u00e7ok ilgilenmeye ba\u015fl\u0131yor. Bug\u00fcn Sabanc\u0131 \u00dcniversitesi\u2019nde yap\u0131lan <strong>Atat\u00fcrk<\/strong>\u2019\u00fc Anma T\u00f6reni\u2019nde konu\u015fmac\u0131 Zafer Toprak\u2019\u0131n s\u00f6yledikleri o kadar sade ve abart\u0131s\u0131zd\u0131 ki, <strong>Atat\u00fcrk<\/strong>\u2019\u00fc bu yan\u0131yla da \u00e7ok sevdim bir kez daha. Farkl\u0131 farkl\u0131 y\u00f6nlerine de\u011findi Atat\u00fcrk\u2019\u00fcn. Mesela, T\u00fcrk Tarih Kongresi\u2019ne kat\u0131lan Atat\u00fcrk\u2019le ilgili \u00f6zetle \u015funlar\u0131 s\u00f6yledi. \u201c\u015eimdi bu t\u00fcr kongrelere kat\u0131lan b\u00fcy\u00fckler, toplant\u0131n\u0131n ilk b\u00f6l\u00fcm\u00fcne kat\u0131l\u0131rlar ve ilk arada, alandan ayr\u0131l\u0131rlar; ama Atat\u00fcrk, alt\u0131 g\u00fcn s\u00fcren T\u00fcrk Tarih Kongresinde, bilfiil alt\u0131 g\u00fcn de orada yer alm\u0131\u015ft\u0131r.\u201d<\/p>\n<p>Yine konu\u015fman\u0131n bir yerinde eski b\u00fcy\u00fckel\u00e7i Bilal N. \u015eim\u015fir\u2019den aktard\u0131\u011f\u0131 \u00fczere, <strong>Atat\u00fcrk<\/strong> kadar yurtd\u0131\u015f\u0131ndan kitap sipari\u015f eden hi\u00e7bir lider olmad\u0131\u011f\u0131n\u0131 s\u00f6yledi. K\u00fct\u00fcphanecilik a\u00e7\u0131s\u0131ndan d\u00fc\u015f\u00fcn\u00fcyorum da, T\u00fcrkiye i\u00e7in <strong>Koleksiyon Geli\u015ftirme<\/strong> i\u015fine bile soyunmu\u015f Atat\u00fcrk.<\/p>\n<p>Akl\u0131ma bir de <strong>e\u011fitime<\/strong> verdi\u011fi \u00f6nem geldi. Biliyorsunuz daha Kurtulu\u015f Sava\u015f\u0131 devam ederken cepheden Ankara\u2019ya gelip Maarif yani E\u011fitim Kongresine kat\u0131lm\u0131\u015f. Bu nas\u0131l bir \u00f6ng\u00f6r\u00fcd\u00fcr ki, elbette bu sava\u015flar bitecek, dahas\u0131 bu sava\u015flardan zaferle \u00e7\u0131kaca\u011f\u0131z ve as\u0131l sava\u015fa yani e\u011fitim sava\u015f\u0131na ba\u015flayaca\u011f\u0131z diye ba\u015fka bir cepheye Maarif Kongresi\u2019ne kat\u0131lm\u0131\u015f.<\/p>\n<p>Ben <strong>Atat\u00fcrk<\/strong>\u2019\u00fc \u00e7ok sevdim. \u0130lkokulun birinci s\u0131n\u0131f\u0131nda anne \u00f6zlemi \u00e7ekerken gizli gizli a\u011flard\u0131m ve bu \u00f6zlemini birisiyle payla\u015fmak iste\u011fi de duyard\u0131m. Okulun bah\u00e7esindeki <strong>Atat\u00fcrk<\/strong> b\u00fcst\u00fcne gidip <strong>O<\/strong>\u2019na a\u011flard\u0131m. Beni duyar gibiydi. \u0130yice a\u011flad\u0131ktan sonra rahatlar sonra gerisin geri s\u0131n\u0131f\u0131ma d\u00f6nerdim. San\u0131r\u0131m sab\u0131rla dinlemeyi de <strong>Atat\u00fcrk<\/strong>\u2019ten \u00f6\u011frendim.<\/p>\n<p>\u00c7ok fazla kitap okudum <strong>Atat\u00fcrk<\/strong>\u2019e dair. Ne zaman ba\u015f\u0131m s\u0131k\u0131\u015fsa mutlaka bu kitaplardan birine ba\u015fvururum.<\/p>\n<p>G\u00f6n\u00fclden tavsiye edebilece\u011fim baz\u0131 kitaplar var. Bu kitaplardan ilk ikisi onun g\u00fcnl\u00fck hayat\u0131ndaki an\u0131lar\u0131ndan anekdotlar i\u00e7eriyor ki, bu nedenle onlar\u0131 ayr\u0131 seviyorum. Mesela <strong>Atat\u00fcrk<\/strong> \u00f6ld\u00fc\u011f\u00fcnde Dolmabah\u00e7e Saray\u0131\u2019ndaki T\u00fcrk Bayra\u011f\u0131n\u0131 yar\u0131ya indirenin <strong>O<\/strong>\u2019nun <strong>k\u00fct\u00fcphanecisi<\/strong> oldu\u011funu bilmek t\u00fcylerimi diken diken etmi\u015fti. Bu tatta bir s\u00fcr\u00fc anekdot var <strong>Atat\u00fcrk<\/strong>\u2019\u00fc anlatan bu iki kitapta. \u00d6ncelikle onlar\u0131 tavsiye etmek istedim. Di\u011fer okudu\u011fum kitaplar\u0131 da a\u015fa\u011f\u0131da s\u0131ralad\u0131m:<\/p>\n<p><strong>Atat\u00fcrk&#8217;\u00fcn yan\u0131 ba\u015f\u0131nda: \u00c7ankaya K\u00f6\u015fk\u00fc k\u00fct\u00fcphanecisi Nuri Ulusu&#8217;nun hat\u0131ralar\u0131 \/ compiled by Mustafa Kemal Ulusu. <\/strong><\/p>\n<p><strong>Ali \u00c7avu\u015f: Mustafa Kemal&#8217;in can yolda\u015f\u0131 \/ Zeynel L\u00fcle. <\/strong><\/p>\n<p>Bana Atat\u00fcrk\u2019\u00fc anlatt\u0131lar \/ H\u0131fz\u0131 Topuz<\/p>\n<p>Ya\u015fam\u0131n i\u00e7inden Atat\u00fcrk An\u0131lar\u0131 \/ Hanri Benazus<\/p>\n<p>Y\u00f6neticiler i\u00e7in yeni bir bak\u0131\u015f: Mustafa Kemal Atat\u00fcrk&#8217;\u00fcn liderlik s\u0131rlar\u0131 \/ Adnan Nur Baykal<\/p>\n<p>Bilinmeyen Atat\u00fcrk: Celal Bayar anlat\u0131yor \/ \u0130smet Bozda\u011f<\/p>\n<p>Yaveri Atat\u00fcrk&#8217;\u00fc anlat\u0131yor \/ Salih Bozok<\/p>\n<p>Sar\u0131 Zeybek \/ Can D\u00fcndar<\/p>\n<p>Atat\u00fcrk&#8217;ten an\u0131lar \/ Kemal Ar\u0131burnu<\/p>\n<p>A\u011fabeyim Mustafa Kem\u00e2l. Makbule Atadan anlat\u0131yor<\/p>\n<p>Atat\u00fcrk&#8217;\u00fcn son g\u00fcnleri \/ Cemal Kutay<\/p>\n<p>Atat\u00fcrk&#8217;\u00fc ya\u015fayanlar: an\u0131 \/ G\u00f6n\u00fcl Bakay, Leyla Pekcan<\/p>\n<p>Atat\u00fcrk&#8217;ten hi\u00e7 yay\u0131nlanmam\u0131\u015f an\u0131lar: Atat\u00fcrk&#8217;\u00fcn kurtulu\u015f i\u00e7in ba\u015flatt\u0131\u011f\u0131 ilk hareket Atat\u00fcrk&#8217;\u00fcn n\u00f6bet tutmas\u0131 hediye edilen evi orduya ba\u011f\u0131\u015flamas\u0131 ramazanlarda Atat\u00fcrk radyoda yay\u0131nlanan ilk mevlit \/ Yurdakul Yurdakul<\/p>\n<p>Atat\u00fcrk&#8217;le ya\u015fad\u0131klar\u0131n\u0131 anlatt\u0131lar: an\u0131 &#8211; s\u00f6yle\u015fi \/ Nazmi Kal<\/p>\n<p>Atat\u00fcrk gibi d\u00fc\u015f\u00fcnmek \/ Celal Bayar<\/p>\n<p>Atat\u00fcrk\u2019\u00fcn sosyal g\u00f6r\u00fc\u015fleri \/ \u00c7etin Altan<\/p>\n<p>Bozkurt \/ Amstrong<\/p>\n<p>Tek adam I: Mustafa Kemal \/ \u015eevket S\u00fcreyya Aydemir.<\/p>\n<p>Tek adam II: Mustafa Kemal \/ \u015eevket S\u00fcreyya Aydemir.<\/p>\n<p>Tek adam III: Mustafa Kemal \/ \u015eevket S\u00fcreyya Aydemir.<\/p>\n<p>1938: Son y\u0131l \/ Orhan \u00c7eki\u00e7<\/p>\n<p>Bir ABD b\u00fcy\u00fckel\u00e7isinin T\u00fcrkiye hat\u0131ralar\u0131: Mustafa Kemal<\/p>\n","protected":false},"excerpt":{"rendered":"<p>[avatar user=&#8221;cemozel&#8221; \/] Cem \u00d6ZEL Kullan\u0131c\u0131 Hizmetleri Y\u00f6neticisi\/Sabanc\u0131 \u00dcniversitesi Bilgi Merkezi Atat\u00fcrk\u2019ten bana kalan en b\u00fcy\u00fck miraslardan birisi O\u2019nun vatan sevgisidir. Onun \u015fu konu\u015fmas\u0131 g\u00f6nl\u00fcme kaz\u0131l\u0131d\u0131r: \u201c\u0130\u015fittim ki, baz\u0131 arkada\u015flar yoksullu\u011fumuzu bahane ederek memleketlerine d\u00f6nmek istiyorlarm\u0131\u015f. Ben kimseyi zorla milli meclise davet etmedim. Herkes karar\u0131nda \u00f6zg\u00fcrd\u00fcr, bunlara ba\u015fkalar\u0131 da kat\u0131labilirler. Ben bu mukaddes davaya inanm\u0131\u015f [&hellip;]<\/p>\n","protected":false},"author":143,"featured_media":25452,"comment_status":"open","ping_status":"open","sticky":false,"template":"","format":"standard","meta":{"footnotes":""},"categories":[1478],"tags":[1043,1460],"class_list":["post-25451","post","type-post","status-publish","format-standard","has-post-thumbnail","hentry","category-cem-ozel","tag-ataturk","tag-kose-yazarlari"],"_links":{"self":[{"href":"https:\/\/www.bbyhaber.com\/bby\/wp-json\/wp\/v2\/posts\/25451"}],"collection":[{"href":"https:\/\/www.bbyhaber.com\/bby\/wp-json\/wp\/v2\/posts"}],"about":[{"href":"https:\/\/www.bbyhaber.com\/bby\/wp-json\/wp\/v2\/types\/post"}],"author":[{"embeddable":true,"href":"https:\/\/www.bbyhaber.com\/bby\/wp-json\/wp\/v2\/users\/143"}],"replies":[{"embeddable":true,"href":"https:\/\/www.bbyhaber.com\/bby\/wp-json\/wp\/v2\/comments?post=25451"}],"version-history":[{"count":4,"href":"https:\/\/www.bbyhaber.com\/bby\/wp-json\/wp\/v2\/posts\/25451\/revisions"}],"predecessor-version":[{"id":25508,"href":"https:\/\/www.bbyhaber.com\/bby\/wp-json\/wp\/v2\/posts\/25451\/revisions\/25508"}],"wp:featuredmedia":[{"embeddable":true,"href":"https:\/\/www.bbyhaber.com\/bby\/wp-json\/wp\/v2\/media\/25452"}],"wp:attachment":[{"href":"https:\/\/www.bbyhaber.com\/bby\/wp-json\/wp\/v2\/media?parent=25451"}],"wp:term":[{"taxonomy":"category","embeddable":true,"href":"https:\/\/www.bbyhaber.com\/bby\/wp-json\/wp\/v2\/categories?post=25451"},{"taxonomy":"post_tag","embeddable":true,"href":"https:\/\/www.bbyhaber.com\/bby\/wp-json\/wp\/v2\/tags?post=25451"}],"curies":[{"name":"wp","href":"https:\/\/api.w.org\/{rel}","templated":true}]}}