{"id":2545,"date":"2012-02-09T16:37:04","date_gmt":"2012-02-09T16:37:04","guid":{"rendered":"http:\/\/www.bbyhaber.com\/bby\/?p=2545"},"modified":"2012-02-09T16:37:19","modified_gmt":"2012-02-09T16:37:19","slug":"gorele-ilce-halk-kutuphanesinde-onarim-calismalari-giresun","status":"publish","type":"post","link":"https:\/\/www.bbyhaber.com\/bby\/2012\/02\/09\/gorele-ilce-halk-kutuphanesinde-onarim-calismalari-giresun","title":{"rendered":"G\u00f6rele \u0130l\u00e7e Halk K\u00fct\u00fcphanesi&#8217;nde Onar\u0131m \u00c7al\u0131\u015fmalar\u0131-Giresun"},"content":{"rendered":"<p style=\"text-align: justify;\">G\u00f6rele Kaymakam\u0131 Aykut Pekmez, \u0130l\u00e7e Halk K\u00fct\u00fcphanesi&#8217;nde onar\u0131m \u00e7al\u0131\u015fmalar\u0131 ba\u015flat\u0131ld\u0131\u011f\u0131n\u0131 s\u00f6yledi. Pekmez, konuyla ilgili yapt\u0131\u011f\u0131 a\u00e7\u0131klamada, 1973 y\u0131l\u0131ndan beri vatanda\u015flar\u0131n hizmetinde olan k\u00fct\u00fcphanenin onar\u0131m ve tadilat \u00e7al\u0131\u015fmalar\u0131na ba\u015fland\u0131\u011f\u0131n\u0131, bu nedenle 15 \u015eubat tarihine kadar kapal\u0131 oldu\u011funu belirtti.<\/p>\n<p style=\"text-align: justify;\">Uzun y\u0131llar il\u00e7e halk\u0131na hizmet veren k\u00fct\u00fcphanenin yenilenerek tekrar vatanda\u015flar\u0131n hizmetine sunulaca\u011f\u0131n\u0131 ifade eden Pekmez, &#8220;G\u00f6rele Belediyesine ait k\u00fct\u00fcphane hizmet binas\u0131 kuruldu\u011fu g\u00fcnden beri ilk kez tadilat yap\u0131lacak. Yakla\u015f\u0131k 9 bin liraya mal olacak onar\u0131m \u00e7al\u0131\u015fmalar\u0131nda binam\u0131z\u0131n mevcut yap\u0131s\u0131 korunacak&#8221; dedi.<\/p>\n<p style=\"text-align: justify;\">Pekmez, vatanda\u015flar\u0131n yeterince \u00f6nem vermedi\u011fi k\u00fct\u00fcphane kullan\u0131m\u0131n\u0131n bir ya\u015fam tarz\u0131 haline gelmesi gerekti\u011fini vurgulayarak, \u015f\u00f6yle konu\u015ftu:<\/p>\n<p style=\"text-align: justify;\">&#8220;Gelece\u011fin yeti\u015fkin okuru, d\u00fc\u015f\u00fcnen, sorgulayan ve \u00fcreten bireylerden olu\u015ftu\u011fu s\u00fcrece, k\u00fct\u00fcphaneler de varl\u0131\u011f\u0131n\u0131 s\u00fcrd\u00fcrecek ve g\u00fcc\u00fcne g\u00fc\u00e7 katacakt\u0131r. \u0130nternet ve elektronik ortam\u0131n k\u00fct\u00fcphanelerden uzakla\u015fma arac\u0131 olarak g\u00f6r\u00fclmemesi gerekmektedir. Kitaplardan elde edilecek nitelikli bilgi her zaman \u00f6nemlidir. Teknolojinin gereklili\u011fi asla g\u00f6z ard\u0131 edilmemelidir. Ancak kitap okuma al\u0131\u015fkanl\u0131\u011f\u0131 asla internet yoluyla giderilemez.&#8221;<\/p>\n<p style=\"text-align: justify;\">Kaynak: http:\/\/www.haberciniz.biz\/<\/p>\n","protected":false},"excerpt":{"rendered":"<p>G\u00f6rele Kaymakam\u0131 Aykut Pekmez, \u0130l\u00e7e Halk K\u00fct\u00fcphanesi&#8217;nde onar\u0131m \u00e7al\u0131\u015fmalar\u0131 ba\u015flat\u0131ld\u0131\u011f\u0131n\u0131 s\u00f6yledi. Pekmez, konuyla ilgili yapt\u0131\u011f\u0131 a\u00e7\u0131klamada, 1973 y\u0131l\u0131ndan beri vatanda\u015flar\u0131n hizmetinde olan k\u00fct\u00fcphanenin onar\u0131m ve tadilat \u00e7al\u0131\u015fmalar\u0131na ba\u015fland\u0131\u011f\u0131n\u0131, bu nedenle 15 \u015eubat tarihine kadar kapal\u0131 oldu\u011funu belirtti. Uzun y\u0131llar il\u00e7e halk\u0131na hizmet veren k\u00fct\u00fcphanenin yenilenerek tekrar vatanda\u015flar\u0131n hizmetine sunulaca\u011f\u0131n\u0131 ifade eden Pekmez, &#8220;G\u00f6rele Belediyesine ait [&hellip;]<\/p>\n","protected":false},"author":1,"featured_media":0,"comment_status":"open","ping_status":"open","sticky":false,"template":"","format":"standard","meta":{"footnotes":""},"categories":[1],"tags":[],"class_list":["post-2545","post","type-post","status-publish","format-standard","hentry","category-genel"],"_links":{"self":[{"href":"https:\/\/www.bbyhaber.com\/bby\/wp-json\/wp\/v2\/posts\/2545"}],"collection":[{"href":"https:\/\/www.bbyhaber.com\/bby\/wp-json\/wp\/v2\/posts"}],"about":[{"href":"https:\/\/www.bbyhaber.com\/bby\/wp-json\/wp\/v2\/types\/post"}],"author":[{"embeddable":true,"href":"https:\/\/www.bbyhaber.com\/bby\/wp-json\/wp\/v2\/users\/1"}],"replies":[{"embeddable":true,"href":"https:\/\/www.bbyhaber.com\/bby\/wp-json\/wp\/v2\/comments?post=2545"}],"version-history":[{"count":0,"href":"https:\/\/www.bbyhaber.com\/bby\/wp-json\/wp\/v2\/posts\/2545\/revisions"}],"wp:attachment":[{"href":"https:\/\/www.bbyhaber.com\/bby\/wp-json\/wp\/v2\/media?parent=2545"}],"wp:term":[{"taxonomy":"category","embeddable":true,"href":"https:\/\/www.bbyhaber.com\/bby\/wp-json\/wp\/v2\/categories?post=2545"},{"taxonomy":"post_tag","embeddable":true,"href":"https:\/\/www.bbyhaber.com\/bby\/wp-json\/wp\/v2\/tags?post=2545"}],"curies":[{"name":"wp","href":"https:\/\/api.w.org\/{rel}","templated":true}]}}