{"id":25444,"date":"2018-11-09T11:33:34","date_gmt":"2018-11-09T08:33:34","guid":{"rendered":"http:\/\/www.bbyhaber.com\/bby\/?p=25444"},"modified":"2018-11-09T11:36:15","modified_gmt":"2018-11-09T08:36:15","slug":"diyanet-isleri-baskanligi-icin-50-kutuphaneci-kadrosu-ihdas-edildi","status":"publish","type":"post","link":"https:\/\/www.bbyhaber.com\/bby\/2018\/11\/09\/diyanet-isleri-baskanligi-icin-50-kutuphaneci-kadrosu-ihdas-edildi","title":{"rendered":"Diyanet \u0130\u015fleri Ba\u015fkanl\u0131\u011f\u0131 i\u00e7in 50 K\u00fct\u00fcphaneci kadrosu ihdas edildi"},"content":{"rendered":"<p><strong><a href=\"http:\/\/www.bbyhaber.com\/bby\/wp-content\/uploads\/2018\/11\/diyanet-isleri-baskanligi-icin-50-kutuphaneci-kadrosu.jpg\"><img loading=\"lazy\" decoding=\"async\" class=\"alignleft size-full wp-image-25445\" src=\"http:\/\/www.bbyhaber.com\/bby\/wp-content\/uploads\/2018\/11\/diyanet-isleri-baskanligi-icin-50-kutuphaneci-kadrosu.jpg\" alt=\"\" width=\"390\" height=\"180\" \/><\/a><a href=\"http:\/\/www.resmigazete.gov.tr\/eskiler\/2018\/11\/20181109-30.pdf\" target=\"_blank\" rel=\"noopener\">Resmi Gazetede<\/a><\/strong> yay\u0131nlanan bilgiye g\u00f6re <strong>Diyanet \u0130\u015fleri Ba\u015fkanl\u0131\u011f\u0131<\/strong>nda istihdam edilmek \u00fczere<span style=\"color: #ff0000;\"><strong> yeni kadro ihdas\u0131<\/strong><\/span> Cumhurba\u015fkanl\u0131\u011f\u0131 Kararnamesi ile Resmi Gazete&#8217;de yay\u0131mland\u0131. 50 K\u00fct\u00fcphaneci kadrosunun a\u00e7\u0131laca\u011f\u0131 belirtildi. Diyanet \u0130\u015fleri Ba\u015fkanl\u0131\u011f\u0131 yeni kadro ihdas\u0131nda kadro da\u011f\u0131l\u0131m\u0131 a\u015fa\u011f\u0131daki gibi:<!--more--><a href=\"http:\/\/www.bbyhaber.com\/bby\/wp-content\/uploads\/2018\/11\/diyanet-isleri-baskanligi-icin-50-kutuphaneci-kadrosu-listesi.png\"><img loading=\"lazy\" decoding=\"async\" class=\"alignleft size-full wp-image-25448\" src=\"http:\/\/www.bbyhaber.com\/bby\/wp-content\/uploads\/2018\/11\/diyanet-isleri-baskanligi-icin-50-kutuphaneci-kadrosu-listesi.png\" alt=\"\" width=\"412\" height=\"724\" srcset=\"https:\/\/www.bbyhaber.com\/bby\/wp-content\/uploads\/2018\/11\/diyanet-isleri-baskanligi-icin-50-kutuphaneci-kadrosu-listesi.png 412w, https:\/\/www.bbyhaber.com\/bby\/wp-content\/uploads\/2018\/11\/diyanet-isleri-baskanligi-icin-50-kutuphaneci-kadrosu-listesi-171x300.png 171w\" sizes=\"(max-width: 412px) 100vw, 412px\" \/><\/a><\/p>\n","protected":false},"excerpt":{"rendered":"<p>Resmi Gazetede yay\u0131nlanan bilgiye g\u00f6re Diyanet \u0130\u015fleri Ba\u015fkanl\u0131\u011f\u0131nda istihdam edilmek \u00fczere yeni kadro ihdas\u0131 Cumhurba\u015fkanl\u0131\u011f\u0131 Kararnamesi ile Resmi Gazete&#8217;de yay\u0131mland\u0131. 50 K\u00fct\u00fcphaneci kadrosunun a\u00e7\u0131laca\u011f\u0131 belirtildi. Diyanet \u0130\u015fleri Ba\u015fkanl\u0131\u011f\u0131 yeni kadro ihdas\u0131nda kadro da\u011f\u0131l\u0131m\u0131 a\u015fa\u011f\u0131daki gibi:<\/p>\n","protected":false},"author":1,"featured_media":25445,"comment_status":"open","ping_status":"open","sticky":false,"template":"","format":"standard","meta":{"footnotes":""},"categories":[31],"tags":[],"class_list":["post-25444","post","type-post","status-publish","format-standard","has-post-thumbnail","hentry","category-bbykpss"],"_links":{"self":[{"href":"https:\/\/www.bbyhaber.com\/bby\/wp-json\/wp\/v2\/posts\/25444"}],"collection":[{"href":"https:\/\/www.bbyhaber.com\/bby\/wp-json\/wp\/v2\/posts"}],"about":[{"href":"https:\/\/www.bbyhaber.com\/bby\/wp-json\/wp\/v2\/types\/post"}],"author":[{"embeddable":true,"href":"https:\/\/www.bbyhaber.com\/bby\/wp-json\/wp\/v2\/users\/1"}],"replies":[{"embeddable":true,"href":"https:\/\/www.bbyhaber.com\/bby\/wp-json\/wp\/v2\/comments?post=25444"}],"version-history":[{"count":2,"href":"https:\/\/www.bbyhaber.com\/bby\/wp-json\/wp\/v2\/posts\/25444\/revisions"}],"predecessor-version":[{"id":25450,"href":"https:\/\/www.bbyhaber.com\/bby\/wp-json\/wp\/v2\/posts\/25444\/revisions\/25450"}],"wp:featuredmedia":[{"embeddable":true,"href":"https:\/\/www.bbyhaber.com\/bby\/wp-json\/wp\/v2\/media\/25445"}],"wp:attachment":[{"href":"https:\/\/www.bbyhaber.com\/bby\/wp-json\/wp\/v2\/media?parent=25444"}],"wp:term":[{"taxonomy":"category","embeddable":true,"href":"https:\/\/www.bbyhaber.com\/bby\/wp-json\/wp\/v2\/categories?post=25444"},{"taxonomy":"post_tag","embeddable":true,"href":"https:\/\/www.bbyhaber.com\/bby\/wp-json\/wp\/v2\/tags?post=25444"}],"curies":[{"name":"wp","href":"https:\/\/api.w.org\/{rel}","templated":true}]}}