{"id":25442,"date":"2018-11-09T11:19:03","date_gmt":"2018-11-09T08:19:03","guid":{"rendered":"http:\/\/www.bbyhaber.com\/bby\/?p=25442"},"modified":"2018-11-09T11:19:32","modified_gmt":"2018-11-09T08:19:32","slug":"bisikletli-kutuphaneci-hakan-yucele-ozel-odul-veriliyor","status":"publish","type":"post","link":"https:\/\/www.bbyhaber.com\/bby\/2018\/11\/09\/bisikletli-kutuphaneci-hakan-yucele-ozel-odul-veriliyor","title":{"rendered":"Bisikletli K\u00fct\u00fcphaneci Hakan Y\u00fccel&#8217;e \u00d6zel \u00d6d\u00fcl veriliyor"},"content":{"rendered":"<p><a href=\"http:\/\/www.bbyhaber.com\/bby\/wp-content\/uploads\/2017\/10\/bisikletli-kutuphaneci-hakan-yucel.jpg\"><img loading=\"lazy\" decoding=\"async\" class=\"alignleft size-full wp-image-22826\" src=\"http:\/\/www.bbyhaber.com\/bby\/wp-content\/uploads\/2017\/10\/bisikletli-kutuphaneci-hakan-yucel.jpg\" alt=\"\" width=\"390\" height=\"180\" \/><\/a>Meslekta\u015f\u0131m\u0131z <strong>Hakan Y\u00dcCEL<\/strong>&#8216;e\u00a0&#8220;<strong>bisikletli k\u00fct\u00fcphaneci<\/strong>&#8221; hizmetlerinden dolay\u0131 \u00f6zel \u00f6d\u00fcl verilecek. K\u00fct\u00fcphaneler ve Yay\u0131mlar Genel M\u00fcd\u00fcrl\u00fc\u011f\u00fc&#8217;nden yap\u0131lan a\u00e7\u0131klama \u015f\u00f6yle: &#8220;Bakanl\u0131\u011f\u0131m\u0131za ba\u011fl\u0131 <strong>Bitlis \u0130l Halk K\u00fct\u00fcphanesi<\/strong>\u2019nde g\u00f6rev yapmakta olan <a href=\"http:\/\/www.bbyhaber.com\/bby\/tag\/bisikletli-kutuphaneci\" target=\"_blank\" rel=\"noopener\"><strong>K\u00fct\u00fcphaneci Hakan Y\u00dcCEL<\/strong><\/a>\u2019in, 1950\u2019li y\u0131llarda ya\u015fam\u0131\u015f olan ve halk k\u00fct\u00fcphanesi hizmetlerini Nev\u015fehir\/\u00dcrg\u00fcp\u2019te 36 k\u00f6ye at, e\u015fek ve kat\u0131r s\u0131rt\u0131nda g\u00f6t\u00fcren <a href=\"http:\/\/www.bbyhaber.com\/bby\/tag\/esekli-kutuphaneci\" target=\"_blank\" rel=\"noopener\"><strong>Mustafa G\u00dcZELG\u00d6Z<\/strong><\/a>, nam-\u0131 di\u011fer \u201c<a href=\"http:\/\/www.bbyhaber.com\/bby\/tag\/esekli-kutuphaneci\" target=\"_blank\" rel=\"noopener\"><strong>E\u015fekli K\u00fct\u00fcphaneci<\/strong><\/a>\u201d yi anmak \u00fczere, duyarl\u0131 vatanda\u015flar taraf\u0131ndan ba\u011f\u0131\u015flanan kitaplar\u0131 hediye etmek i\u00e7in bisikleti ile k\u00f6y okullar\u0131n\u0131 ziyaret etmektedir.<!--more--><\/p>\n<p>2017 y\u0131l\u0131ndan bu yana toplam 1.577 km. pedallayarak, 38 k\u00f6y okuluna 6.837 kitap hediye eden <strong>Hakan Y\u00dcCEL<\/strong>, \u0130stanbul B\u00fcy\u00fck\u015fehir Belediyesi taraf\u0131ndan <strong>08-10 Kas\u0131m 2018<\/strong> tarihlerinde ger\u00e7ekle\u015ftirilecek olan TRANS\u0130ST2018 \u0130stanbul Ula\u015f\u0131m Kongresi ve Fuar\u0131\u2019na davet edilmi\u015ftir. 09 Kas\u0131m 2018 tarihinde \u0130stanbul L\u00fctfi K\u0131rdar Kongre ve Sergi Saray\u0131\u2019nda d\u00fczenlenecek olan \u00f6d\u00fcl t\u00f6reninde \u201c<strong>\u00d6zel \u00d6d\u00fcl<\/strong>\u201d \u00fc almaya hak kazanan meslekta\u015f\u0131m\u0131z <strong>Hakan Y\u00dcCEL<\/strong>\u2019i tebrik ediyor, ba\u015far\u0131lar\u0131n\u0131n devam\u0131n\u0131 diliyoruz.&#8221;<\/p>\n","protected":false},"excerpt":{"rendered":"<p>Meslekta\u015f\u0131m\u0131z Hakan Y\u00dcCEL&#8216;e\u00a0&#8220;bisikletli k\u00fct\u00fcphaneci&#8221; hizmetlerinden dolay\u0131 \u00f6zel \u00f6d\u00fcl verilecek. K\u00fct\u00fcphaneler ve Yay\u0131mlar Genel M\u00fcd\u00fcrl\u00fc\u011f\u00fc&#8217;nden yap\u0131lan a\u00e7\u0131klama \u015f\u00f6yle: &#8220;Bakanl\u0131\u011f\u0131m\u0131za ba\u011fl\u0131 Bitlis \u0130l Halk K\u00fct\u00fcphanesi\u2019nde g\u00f6rev yapmakta olan K\u00fct\u00fcphaneci Hakan Y\u00dcCEL\u2019in, 1950\u2019li y\u0131llarda ya\u015fam\u0131\u015f olan ve halk k\u00fct\u00fcphanesi hizmetlerini Nev\u015fehir\/\u00dcrg\u00fcp\u2019te 36 k\u00f6ye at, e\u015fek ve kat\u0131r s\u0131rt\u0131nda g\u00f6t\u00fcren Mustafa G\u00dcZELG\u00d6Z, nam-\u0131 di\u011fer \u201cE\u015fekli K\u00fct\u00fcphaneci\u201d yi anmak \u00fczere, [&hellip;]<\/p>\n","protected":false},"author":1,"featured_media":22826,"comment_status":"open","ping_status":"open","sticky":false,"template":"","format":"standard","meta":{"footnotes":""},"categories":[1550,1],"tags":[791],"class_list":["post-25442","post","type-post","status-publish","format-standard","has-post-thumbnail","hentry","category-bisikletli-kutuphaneci","category-genel","tag-hakan-yucel"],"_links":{"self":[{"href":"https:\/\/www.bbyhaber.com\/bby\/wp-json\/wp\/v2\/posts\/25442"}],"collection":[{"href":"https:\/\/www.bbyhaber.com\/bby\/wp-json\/wp\/v2\/posts"}],"about":[{"href":"https:\/\/www.bbyhaber.com\/bby\/wp-json\/wp\/v2\/types\/post"}],"author":[{"embeddable":true,"href":"https:\/\/www.bbyhaber.com\/bby\/wp-json\/wp\/v2\/users\/1"}],"replies":[{"embeddable":true,"href":"https:\/\/www.bbyhaber.com\/bby\/wp-json\/wp\/v2\/comments?post=25442"}],"version-history":[{"count":1,"href":"https:\/\/www.bbyhaber.com\/bby\/wp-json\/wp\/v2\/posts\/25442\/revisions"}],"predecessor-version":[{"id":25443,"href":"https:\/\/www.bbyhaber.com\/bby\/wp-json\/wp\/v2\/posts\/25442\/revisions\/25443"}],"wp:featuredmedia":[{"embeddable":true,"href":"https:\/\/www.bbyhaber.com\/bby\/wp-json\/wp\/v2\/media\/22826"}],"wp:attachment":[{"href":"https:\/\/www.bbyhaber.com\/bby\/wp-json\/wp\/v2\/media?parent=25442"}],"wp:term":[{"taxonomy":"category","embeddable":true,"href":"https:\/\/www.bbyhaber.com\/bby\/wp-json\/wp\/v2\/categories?post=25442"},{"taxonomy":"post_tag","embeddable":true,"href":"https:\/\/www.bbyhaber.com\/bby\/wp-json\/wp\/v2\/tags?post=25442"}],"curies":[{"name":"wp","href":"https:\/\/api.w.org\/{rel}","templated":true}]}}