{"id":25439,"date":"2018-11-09T11:07:36","date_gmt":"2018-11-09T08:07:36","guid":{"rendered":"http:\/\/www.bbyhaber.com\/bby\/?p=25439"},"modified":"2018-11-09T11:07:36","modified_gmt":"2018-11-09T08:07:36","slug":"zonguldak-bulent-ecevit-universitesi-yeni-kutuphane-binasi-insaatinda-inceleme-yapildi","status":"publish","type":"post","link":"https:\/\/www.bbyhaber.com\/bby\/2018\/11\/09\/zonguldak-bulent-ecevit-universitesi-yeni-kutuphane-binasi-insaatinda-inceleme-yapildi","title":{"rendered":"Zonguldak B\u00fclent Ecevit \u00dcniversitesi yeni k\u00fct\u00fcphane binas\u0131 in\u015faat\u0131nda inceleme yap\u0131ld\u0131"},"content":{"rendered":"<p><a href=\"http:\/\/www.bbyhaber.com\/bby\/wp-content\/uploads\/2018\/11\/bulent-ecevit-universitesi-yeni-kutuphane-binasi.jpg\"><img loading=\"lazy\" decoding=\"async\" class=\"alignleft size-full wp-image-25440\" src=\"http:\/\/www.bbyhaber.com\/bby\/wp-content\/uploads\/2018\/11\/bulent-ecevit-universitesi-yeni-kutuphane-binasi.jpg\" alt=\"\" width=\"390\" height=\"180\" \/><\/a>B\u00fclent Ecevit \u00dcniversitesi K\u00fct\u00fcphane Y\u00f6netimi k\u0131sa s\u00fcre i\u00e7inde faaliyete ge\u00e7ecek olan yeni k\u00fct\u00fcphane binas\u0131n\u0131 gezerek, yap\u0131lacak i\u015flerle ilgili g\u00f6r\u00fc\u015f al\u0131\u015fveri\u015finde bulundular. K\u00fct\u00fcphane ve Dok\u00fcmantasyon Daire Ba\u015fkan\u0131 Osman Demir ve Yap\u0131 \u0130\u015fleri Daire Ba\u015fkanl\u0131\u011f\u0131 teknik personelleri k\u0131sa s\u00fcre i\u00e7inde a\u00e7\u0131lacak olan k\u00fct\u00fcphane binas\u0131 hakk\u0131nda yetkililerden bilgi ald\u0131lar. 5 bin m2 alana sahip ve 3 kattan olu\u015facak yeni k\u00fct\u00fcphane binas\u0131 hakk\u0131nda konu\u015fan <strong>K\u00fct\u00fcphane ve Dok\u00fcmantasyon Daire Ba\u015fkan\u0131 Osman Demir<\/strong>;<!--more--><\/p>\n<p><strong>170 bin kitap koleksiyonuna ev sahipli\u011fi yapacak ve 638 ki\u015filik oturma kapasiteli olacak k\u00fct\u00fcphane binas\u0131<\/strong>n\u0131n kullan\u0131c\u0131lar i\u00e7in her t\u00fcrl\u00fc ergonomik yap\u0131s\u0131 d\u00fc\u015f\u00fcn\u00fclerek hareket edildi\u011fini ifade etti. Demir, &#8220;Bunun i\u00e7in bizler de k\u00fct\u00fcphane y\u00f6netimi olarak s\u00fcrekli olarak incelemelerde bulunuyoruz. Yeni binam\u0131zda 7 g\u00fcn 24 saat a\u00e7\u0131k olup, \u00e7orba, bookeye, kitap y\u0131kama makinesi, shelfCheck gibi bir\u00e7ok hizmetimiz ayn\u0131 \u015fekilde devam edecek. K\u00fct\u00fcphane binam\u0131z sinema odas\u0131, konferans ve fuaye alan\u0131, g\u00fc\u00e7l\u00fc teknolojik altyap\u0131s\u0131 ile farkl\u0131 hizmetlerle daha da \u00f6ne \u00e7\u0131kacak&#8221; diyerek s\u00f6zlerini tamamlad\u0131.<\/p>\n<p><a href=\"https:\/\/www.haberturk.com\" target=\"_blank\" rel=\"noopener\">Kaynak<\/a><\/p>\n","protected":false},"excerpt":{"rendered":"<p>B\u00fclent Ecevit \u00dcniversitesi K\u00fct\u00fcphane Y\u00f6netimi k\u0131sa s\u00fcre i\u00e7inde faaliyete ge\u00e7ecek olan yeni k\u00fct\u00fcphane binas\u0131n\u0131 gezerek, yap\u0131lacak i\u015flerle ilgili g\u00f6r\u00fc\u015f al\u0131\u015fveri\u015finde bulundular. K\u00fct\u00fcphane ve Dok\u00fcmantasyon Daire Ba\u015fkan\u0131 Osman Demir ve Yap\u0131 \u0130\u015fleri Daire Ba\u015fkanl\u0131\u011f\u0131 teknik personelleri k\u0131sa s\u00fcre i\u00e7inde a\u00e7\u0131lacak olan k\u00fct\u00fcphane binas\u0131 hakk\u0131nda yetkililerden bilgi ald\u0131lar. 5 bin m2 alana sahip ve 3 kattan olu\u015facak [&hellip;]<\/p>\n","protected":false},"author":1,"featured_media":25440,"comment_status":"open","ping_status":"open","sticky":false,"template":"","format":"standard","meta":{"footnotes":""},"categories":[],"tags":[1437],"class_list":["post-25439","post","type-post","status-publish","format-standard","has-post-thumbnail","hentry","tag-univ-arastirma-kutuphaneleri"],"_links":{"self":[{"href":"https:\/\/www.bbyhaber.com\/bby\/wp-json\/wp\/v2\/posts\/25439"}],"collection":[{"href":"https:\/\/www.bbyhaber.com\/bby\/wp-json\/wp\/v2\/posts"}],"about":[{"href":"https:\/\/www.bbyhaber.com\/bby\/wp-json\/wp\/v2\/types\/post"}],"author":[{"embeddable":true,"href":"https:\/\/www.bbyhaber.com\/bby\/wp-json\/wp\/v2\/users\/1"}],"replies":[{"embeddable":true,"href":"https:\/\/www.bbyhaber.com\/bby\/wp-json\/wp\/v2\/comments?post=25439"}],"version-history":[{"count":1,"href":"https:\/\/www.bbyhaber.com\/bby\/wp-json\/wp\/v2\/posts\/25439\/revisions"}],"predecessor-version":[{"id":25441,"href":"https:\/\/www.bbyhaber.com\/bby\/wp-json\/wp\/v2\/posts\/25439\/revisions\/25441"}],"wp:featuredmedia":[{"embeddable":true,"href":"https:\/\/www.bbyhaber.com\/bby\/wp-json\/wp\/v2\/media\/25440"}],"wp:attachment":[{"href":"https:\/\/www.bbyhaber.com\/bby\/wp-json\/wp\/v2\/media?parent=25439"}],"wp:term":[{"taxonomy":"category","embeddable":true,"href":"https:\/\/www.bbyhaber.com\/bby\/wp-json\/wp\/v2\/categories?post=25439"},{"taxonomy":"post_tag","embeddable":true,"href":"https:\/\/www.bbyhaber.com\/bby\/wp-json\/wp\/v2\/tags?post=25439"}],"curies":[{"name":"wp","href":"https:\/\/api.w.org\/{rel}","templated":true}]}}