{"id":25426,"date":"2018-11-07T08:53:30","date_gmt":"2018-11-07T05:53:30","guid":{"rendered":"http:\/\/www.bbyhaber.com\/bby\/?p=25426"},"modified":"2018-11-07T08:53:30","modified_gmt":"2018-11-07T05:53:30","slug":"tkdnin-28-olagan-genel-kurul-sonuclari-aciklandi","status":"publish","type":"post","link":"https:\/\/www.bbyhaber.com\/bby\/2018\/11\/07\/tkdnin-28-olagan-genel-kurul-sonuclari-aciklandi","title":{"rendered":"TKD\u2019nin 28. Ola\u011fan Genel Kurul sonu\u00e7lar\u0131 a\u00e7\u0131kland\u0131"},"content":{"rendered":"<p><a href=\"http:\/\/www.bbyhaber.com\/bby\/wp-content\/uploads\/2018\/11\/tkd-28-genel-kurul-sonucu.jpg\"><img loading=\"lazy\" decoding=\"async\" class=\"alignleft size-full wp-image-25427\" src=\"http:\/\/www.bbyhaber.com\/bby\/wp-content\/uploads\/2018\/11\/tkd-28-genel-kurul-sonucu.jpg\" alt=\"\" width=\"390\" height=\"180\" \/><\/a>1949 y\u0131l\u0131nda kurulan ve 1975 y\u0131l\u0131ndan itibaren Bakanlar Kurulu Karar\u0131 ile Kamu Yarar\u0131na \u00c7al\u0131\u015fan Dernek Stat\u00fcs\u00fcnde faaliyet g\u00f6steren, T\u00fcrkiye\u2019nin en eski ve k\u00f6kl\u00fc sivil toplum kurulu\u015flar\u0131 aras\u0131nda yer alan T\u00fcrk K\u00fct\u00fcphaneciler Derne\u011fi\u2019nin 28. Ola\u011fan Genel Kurulu yap\u0131ld\u0131.<span id=\"more-20287\"><\/span>\u00a0TKD\u2019den yap\u0131lan a\u00e7\u0131klamaya g\u00f6re <strong>Ali Fuat KARTAL<\/strong> tekrardan ba\u015fkan olarak se\u00e7ildi. Yeni y\u00f6netim kurulu g\u00f6rev da\u011f\u0131l\u0131m\u0131 a\u015fa\u011f\u0131daki gibidir:<!--more--><\/p>\n<p style=\"font-weight: 400;\"><em><strong>Ali Fuat Kartal<\/strong> &#8211; Genel Ba\u015fkan<\/em><\/p>\n<p style=\"font-weight: 400;\"><em><strong>Erol G\u00f6kduman<\/strong>&#8211; Genel Sekreter<\/em><\/p>\n<p style=\"font-weight: 400;\"><em><strong>Emre Hasan Akbayrak<\/strong>&#8211; Genel Ba\u015fkan Yard\u0131mc\u0131s\u0131<\/em><\/p>\n<p style=\"font-weight: 400;\"><em><strong>Sanem Yard\u0131mc\u0131<\/strong>&#8211; Genel Ba\u015fkan Yard\u0131mc\u0131s\u0131<\/em><\/p>\n<p style=\"font-weight: 400;\"><em><strong>\u015eahika Ero\u011flu<\/strong>&#8211; Genel Ba\u015fkan Yard\u0131mc\u0131s\u0131<\/em><\/p>\n<p style=\"font-weight: 400;\"><em><strong>Erhan Erkan<\/strong>&#8211; Sayman<\/em><\/p>\n<p style=\"font-weight: 400;\"><em><strong>Ayd\u0131n \u0130leri<\/strong>&#8211; \u00dcye<\/em><\/p>\n<p style=\"font-weight: 400;\"><em><strong>Can Uzun<\/strong>&#8211; \u00dcye<\/em><\/p>\n<p style=\"font-weight: 400;\"><em><strong>Erencem Ko\u00e7<\/strong>&#8211; \u00dcye<\/em><\/p>\n","protected":false},"excerpt":{"rendered":"<p>1949 y\u0131l\u0131nda kurulan ve 1975 y\u0131l\u0131ndan itibaren Bakanlar Kurulu Karar\u0131 ile Kamu Yarar\u0131na \u00c7al\u0131\u015fan Dernek Stat\u00fcs\u00fcnde faaliyet g\u00f6steren, T\u00fcrkiye\u2019nin en eski ve k\u00f6kl\u00fc sivil toplum kurulu\u015flar\u0131 aras\u0131nda yer alan T\u00fcrk K\u00fct\u00fcphaneciler Derne\u011fi\u2019nin 28. Ola\u011fan Genel Kurulu yap\u0131ld\u0131.\u00a0TKD\u2019den yap\u0131lan a\u00e7\u0131klamaya g\u00f6re Ali Fuat KARTAL tekrardan ba\u015fkan olarak se\u00e7ildi. Yeni y\u00f6netim kurulu g\u00f6rev da\u011f\u0131l\u0131m\u0131 a\u015fa\u011f\u0131daki gibidir:<\/p>\n","protected":false},"author":1,"featured_media":25427,"comment_status":"open","ping_status":"open","sticky":false,"template":"","format":"standard","meta":{"footnotes":""},"categories":[1],"tags":[],"class_list":["post-25426","post","type-post","status-publish","format-standard","has-post-thumbnail","hentry","category-genel"],"_links":{"self":[{"href":"https:\/\/www.bbyhaber.com\/bby\/wp-json\/wp\/v2\/posts\/25426"}],"collection":[{"href":"https:\/\/www.bbyhaber.com\/bby\/wp-json\/wp\/v2\/posts"}],"about":[{"href":"https:\/\/www.bbyhaber.com\/bby\/wp-json\/wp\/v2\/types\/post"}],"author":[{"embeddable":true,"href":"https:\/\/www.bbyhaber.com\/bby\/wp-json\/wp\/v2\/users\/1"}],"replies":[{"embeddable":true,"href":"https:\/\/www.bbyhaber.com\/bby\/wp-json\/wp\/v2\/comments?post=25426"}],"version-history":[{"count":1,"href":"https:\/\/www.bbyhaber.com\/bby\/wp-json\/wp\/v2\/posts\/25426\/revisions"}],"predecessor-version":[{"id":25428,"href":"https:\/\/www.bbyhaber.com\/bby\/wp-json\/wp\/v2\/posts\/25426\/revisions\/25428"}],"wp:featuredmedia":[{"embeddable":true,"href":"https:\/\/www.bbyhaber.com\/bby\/wp-json\/wp\/v2\/media\/25427"}],"wp:attachment":[{"href":"https:\/\/www.bbyhaber.com\/bby\/wp-json\/wp\/v2\/media?parent=25426"}],"wp:term":[{"taxonomy":"category","embeddable":true,"href":"https:\/\/www.bbyhaber.com\/bby\/wp-json\/wp\/v2\/categories?post=25426"},{"taxonomy":"post_tag","embeddable":true,"href":"https:\/\/www.bbyhaber.com\/bby\/wp-json\/wp\/v2\/tags?post=25426"}],"curies":[{"name":"wp","href":"https:\/\/api.w.org\/{rel}","templated":true}]}}