{"id":25398,"date":"2018-11-01T13:09:20","date_gmt":"2018-11-01T10:09:20","guid":{"rendered":"http:\/\/www.bbyhaber.com\/bby\/?p=25398"},"modified":"2018-11-01T13:09:20","modified_gmt":"2018-11-01T10:09:20","slug":"karadenizli-edebiyatcilarin-hatirasi-muze-kutuphanede-yasatilacak","status":"publish","type":"post","link":"https:\/\/www.bbyhaber.com\/bby\/2018\/11\/01\/karadenizli-edebiyatcilarin-hatirasi-muze-kutuphanede-yasatilacak","title":{"rendered":"Karadenizli edebiyat\u00e7\u0131lar\u0131n hat\u0131ras\u0131 m\u00fcze k\u00fct\u00fcphanede ya\u015fat\u0131lacak"},"content":{"rendered":"<p><a href=\"http:\/\/www.bbyhaber.com\/bby\/wp-content\/uploads\/2018\/11\/karadenizli-edebiyatcilar-kutuphanede-yasatilacak.jpg.jpg\"><img loading=\"lazy\" decoding=\"async\" class=\"alignleft size-full wp-image-25399\" src=\"http:\/\/www.bbyhaber.com\/bby\/wp-content\/uploads\/2018\/11\/karadenizli-edebiyatcilar-kutuphanede-yasatilacak.jpg.jpg\" alt=\"\" width=\"390\" height=\"180\" \/><\/a>Karadeniz B\u00f6lgesi&#8217;nde do\u011fmu\u015f ya da uzun s\u00fcre ya\u015fam\u0131\u015f \u015fair ve yazarlar\u0131n eserleri ile \u00f6zel e\u015fyalar\u0131, Trabzon Muhibbi Edebiyat M\u00fcze K\u00fct\u00fcphanesinde sergilenecek.\u00a0 K\u00fclt\u00fcr ve Turizm Bakanl\u0131\u011f\u0131 K\u00fct\u00fcphaneler ve Yay\u0131mlar Genel M\u00fcd\u00fcrl\u00fc\u011f\u00fcnce Trabzon Ortahisar&#8217;da olu\u015fturulan m\u00fczede Trabzon, Artvin, G\u00fcm\u00fc\u015fhane, Rize, Giresun, Ordu ve Bayburt&#8217;ta do\u011fmu\u015f ya da ya\u015fam\u0131\u015f sanat\u00e7\u0131lar\u0131n eserleri yer al\u0131yor.<!--more--><\/p>\n<p>Restore edilen, Sel\u00e7uklu ve Osmanl\u0131 motiflerinin de yer ald\u0131\u011f\u0131 3 katl\u0131 tarihi konakta kurulan m\u00fczedeki 11 odan\u0131n her birinde farkl\u0131 eserler var.<\/p>\n<p>\u015eair ve yazarlar\u0131n eserlerinin yan\u0131 s\u0131ra g\u00f6zl\u00fck, kalem, silgi, daktilo ve diploma gibi \u00f6zel e\u015fyalar\u0131n\u0131n da sergilenece\u011fi m\u00fczenin resmi a\u00e7\u0131l\u0131\u015f\u0131 ileriki g\u00fcnlerde yap\u0131lacak.<\/p>\n<p><strong>Kanuni&#8217;nin mahlas\u0131 m\u00fczeye isim oldu<\/strong><\/p>\n<p>K\u00fclt\u00fcr ve Turizm \u0130l M\u00fcd\u00fcr\u00fc Ali Ayvazo\u011flu, T\u00fcrkiye&#8217;de bulunan 8 edebiyat m\u00fcze k\u00fct\u00fcphanesinin birinin Trabzon&#8217;da a\u00e7\u0131laca\u011f\u0131n\u0131 s\u00f6yledi.<\/p>\n<p>K\u00fct\u00fcphaneye, Trabzon&#8217;da do\u011fan Kanuni Sultan S\u00fcleyman&#8217;\u0131n mahlas\u0131 &#8220;Muhibbi&#8221; isminin verildi\u011fini belirten Ali Ayvazo\u011flu, &#8220;Tarihi ge\u00e7mi\u015fi ve k\u00fclt\u00fcrel yap\u0131s\u0131 a\u00e7\u0131s\u0131ndan b\u00f6lgenin \u00f6nemli merkezi olan \u015fehrimizde k\u00fct\u00fcphanenin kurulmas\u0131n\u0131n gururunu ve mutlulu\u011funu ya\u015f\u0131yorum&#8221; dedi.<\/p>\n<p>Ali Ayvazo\u011flu, Trabzon&#8217;un ge\u00e7mi\u015fiyle kuvvetli ba\u011flara sahip bir il oldu\u011funu dile getirerek, bu ba\u011flar\u0131 gelece\u011fe aktarmak i\u00e7in b\u00f6lgede do\u011fup b\u00fcy\u00fcyen ya da uzun s\u00fcre ya\u015fam\u0131\u015f yazarlar ve \u015fairlerin eserleri ve kulland\u0131klar\u0131 objeleri bir araya getirdiklerini anlatt\u0131<\/p>\n<p><strong>&#8220;Edebiyat m\u00fczemiz bu tarihi binada hayat buldu&#8221;<\/strong><\/p>\n<p>Odalar\u0131n baz\u0131lar\u0131na T\u00fcrkiye ve b\u00f6lge i\u00e7in \u00f6nemi bulunan Bedri Rahmi Ey\u00fcpo\u011flu gibi \u015fairlerin isimlerini verdiklerini aktaran Ayvazo\u011flu, &#8220;Bina i\u00e7erisinde yer alan kitapl\u0131klar\u0131m\u0131z\u0131n kenarlar\u0131ndaki i\u015flemelerde dahi Sel\u00e7uklu motifleri yer almaktad\u0131r. Motifler ve e\u015fyalar tarihi dokuya ve m\u00fczeye uygun olarak d\u00fc\u015f\u00fcn\u00fclm\u00fc\u015f ve \u00f6zenle se\u00e7ilmi\u015ftir. Edebiyat m\u00fczemiz, bu tarihi binada hayat buldu&#8221; diye konu\u015ftu.<\/p>\n<p>Edebiyat m\u00fczesinde 6 bin eser oldu\u011fu bilgisini veren Ayvazo\u011flu, m\u00fczenin a\u00e7\u0131l\u0131\u015f tarihine kadar bu say\u0131y\u0131 10 bine \u00e7\u0131karmay\u0131 hedeflediklerini s\u00f6yledi.<\/p>\n<p>Ayvazo\u011flu, resmi a\u00e7\u0131l\u0131\u015f\u0131n ard\u0131ndan m\u00fczede belli aral\u0131klarla s\u00f6yle\u015fi odalar\u0131nda edebiyatseverler ile sanat\u00e7\u0131lar\u0131n bulu\u015faca\u011f\u0131n\u0131 belirterek, m\u00fczenin kurulmas\u0131nda eme\u011fi ge\u00e7en Trabzon Valili\u011fi ve B\u00fcy\u00fck\u015fehir Belediyesine te\u015fekk\u00fcr etti.<\/p>\n<p>Kaynak: AA<\/p>\n","protected":false},"excerpt":{"rendered":"<p>Karadeniz B\u00f6lgesi&#8217;nde do\u011fmu\u015f ya da uzun s\u00fcre ya\u015fam\u0131\u015f \u015fair ve yazarlar\u0131n eserleri ile \u00f6zel e\u015fyalar\u0131, Trabzon Muhibbi Edebiyat M\u00fcze K\u00fct\u00fcphanesinde sergilenecek.\u00a0 K\u00fclt\u00fcr ve Turizm Bakanl\u0131\u011f\u0131 K\u00fct\u00fcphaneler ve Yay\u0131mlar Genel M\u00fcd\u00fcrl\u00fc\u011f\u00fcnce Trabzon Ortahisar&#8217;da olu\u015fturulan m\u00fczede Trabzon, Artvin, G\u00fcm\u00fc\u015fhane, Rize, Giresun, Ordu ve Bayburt&#8217;ta do\u011fmu\u015f ya da ya\u015fam\u0131\u015f sanat\u00e7\u0131lar\u0131n eserleri yer al\u0131yor.<\/p>\n","protected":false},"author":1,"featured_media":25399,"comment_status":"open","ping_status":"open","sticky":false,"template":"","format":"standard","meta":{"footnotes":""},"categories":[71],"tags":[],"class_list":["post-25398","post","type-post","status-publish","format-standard","has-post-thumbnail","hentry","category-muze-kutuphaneleri-2"],"_links":{"self":[{"href":"https:\/\/www.bbyhaber.com\/bby\/wp-json\/wp\/v2\/posts\/25398"}],"collection":[{"href":"https:\/\/www.bbyhaber.com\/bby\/wp-json\/wp\/v2\/posts"}],"about":[{"href":"https:\/\/www.bbyhaber.com\/bby\/wp-json\/wp\/v2\/types\/post"}],"author":[{"embeddable":true,"href":"https:\/\/www.bbyhaber.com\/bby\/wp-json\/wp\/v2\/users\/1"}],"replies":[{"embeddable":true,"href":"https:\/\/www.bbyhaber.com\/bby\/wp-json\/wp\/v2\/comments?post=25398"}],"version-history":[{"count":1,"href":"https:\/\/www.bbyhaber.com\/bby\/wp-json\/wp\/v2\/posts\/25398\/revisions"}],"predecessor-version":[{"id":25400,"href":"https:\/\/www.bbyhaber.com\/bby\/wp-json\/wp\/v2\/posts\/25398\/revisions\/25400"}],"wp:featuredmedia":[{"embeddable":true,"href":"https:\/\/www.bbyhaber.com\/bby\/wp-json\/wp\/v2\/media\/25399"}],"wp:attachment":[{"href":"https:\/\/www.bbyhaber.com\/bby\/wp-json\/wp\/v2\/media?parent=25398"}],"wp:term":[{"taxonomy":"category","embeddable":true,"href":"https:\/\/www.bbyhaber.com\/bby\/wp-json\/wp\/v2\/categories?post=25398"},{"taxonomy":"post_tag","embeddable":true,"href":"https:\/\/www.bbyhaber.com\/bby\/wp-json\/wp\/v2\/tags?post=25398"}],"curies":[{"name":"wp","href":"https:\/\/api.w.org\/{rel}","templated":true}]}}