{"id":25387,"date":"2018-10-31T14:44:27","date_gmt":"2018-10-31T11:44:27","guid":{"rendered":"http:\/\/www.bbyhaber.com\/bby\/?p=25387"},"modified":"2018-11-13T15:47:20","modified_gmt":"2018-11-13T12:47:20","slug":"millet-kiraathanesi-ve-iki-halk-kutuphanesi-ankara-sincanda-acildi","status":"publish","type":"post","link":"https:\/\/www.bbyhaber.com\/bby\/2018\/10\/31\/millet-kiraathanesi-ve-iki-halk-kutuphanesi-ankara-sincanda-acildi","title":{"rendered":"Ankara Sincan\u2019da Millet K\u0131raathanesi ve \u0130ki Halk K\u00fct\u00fcphanesi  A\u00e7\u0131ld\u0131!"},"content":{"rendered":"<div><img loading=\"lazy\" decoding=\"async\" class=\"alignleft size-medium wp-image-25389\" src=\"http:\/\/www.bbyhaber.com\/bby\/wp-content\/uploads\/2018\/10\/a-2-300x200.png\" alt=\"\" width=\"300\" height=\"200\" srcset=\"https:\/\/www.bbyhaber.com\/bby\/wp-content\/uploads\/2018\/10\/a-2-300x200.png 300w, https:\/\/www.bbyhaber.com\/bby\/wp-content\/uploads\/2018\/10\/a-2-768x512.png 768w, https:\/\/www.bbyhaber.com\/bby\/wp-content\/uploads\/2018\/10\/a-2-1024x682.png 1024w, https:\/\/www.bbyhaber.com\/bby\/wp-content\/uploads\/2018\/10\/a-2.png 2000w\" sizes=\"(max-width: 300px) 100vw, 300px\" \/><\/div>\n<div>Sincan Belediyesi ile T.C. K\u00fclt\u00fcr ve Turizm Bakanl\u0131\u011f\u0131 K\u00fct\u00fcphaneler ve Yay\u0131mlar Genel M\u00fcd\u00fcrl\u00fc\u011f\u00fc i\u015f birli\u011finde hizmete sunulan Sincan Millet K\u0131raathanesi ve iki halk k\u00fct\u00fcphanesi t\u00f6renle a\u00e7\u0131ld\u0131. Evliya \u00c7elebi K\u00fclt\u00fcr Merkezi&#8217;nde bir k\u00fct\u00fcphane, Yavuz Sultan Selim K\u00fclt\u00fcr Merkezi&#8217;nde de bir k\u00fct\u00fcphane ve Millet K\u0131raathanesi Sincan halk\u0131n\u0131n hizmetine sunuldu. Sincan Belediye Ba\u015fkan\u0131 Murat Ercan&#8217;\u0131n ev sahipli\u011findeki a\u00e7\u0131l\u0131\u015fa K\u00fclt\u00fcr ve Turizm Bakan Yard\u0131mc\u0131s\u0131 Haluk Dursun, AK Parti Ankara Milletvekili Hac\u0131 Turan, K\u00fct\u00fcphaneler ve Yay\u0131mlar Genel M\u00fcd\u00fcr\u00fc Hamdi Tur\u015fucu ve \u00e7ok say\u0131da b\u00fcrokrat kat\u0131ld\u0131.<\/div>\n<p><!--more--><\/p>\n<div><\/div>\n<p><iframe loading=\"lazy\" src=\"https:\/\/www.youtube.com\/embed\/D7HufxBCLVI\" width=\"560\" height=\"315\" frameborder=\"0\" allowfullscreen=\"allowfullscreen\"><\/iframe><\/p>\n<p>A\u00e7\u0131l\u0131\u015fta konu\u015fan Sincan Belediye Ba\u015fkan\u0131 Murat Ercan, \u201cSincan&#8217;\u0131 k\u00fclt\u00fcr ve sanat \u015fehri yapmaya devam ediyoruz. Millet K\u0131raathanesi 7\/24 hizmet verecek. Ders \u00e7al\u0131\u015fmak isteyen, kitap okumay\u0131 seven t\u00fcm vatanda\u015flar\u0131m\u0131za a\u00e7\u0131k olacak\u201d dedi.<\/p>\n<p>Her alanda g\u00fcncel kitaplar\u0131n yer ald\u0131\u011f\u0131 ve i\u015fletmesi belediyeye ait olan Millet K\u0131raathanesi, 24 saat a\u00e7\u0131k olacak. Vatanda\u015flar \u00e7ay, \u00e7orba ve kek ikram edildi\u011fi ferah bir ortamda hem kitap okuyacak hem de i\u00e7erisinde bulunan et\u00fct merkezinde ders \u00e7al\u0131\u015fma imkan\u0131 bulacak.<\/p>\n","protected":false},"excerpt":{"rendered":"<p>Sincan Belediyesi ile T.C. K\u00fclt\u00fcr ve Turizm Bakanl\u0131\u011f\u0131 K\u00fct\u00fcphaneler ve Yay\u0131mlar Genel M\u00fcd\u00fcrl\u00fc\u011f\u00fc i\u015f birli\u011finde hizmete sunulan Sincan Millet K\u0131raathanesi ve iki halk k\u00fct\u00fcphanesi t\u00f6renle a\u00e7\u0131ld\u0131. Evliya \u00c7elebi K\u00fclt\u00fcr Merkezi&#8217;nde bir k\u00fct\u00fcphane, Yavuz Sultan Selim K\u00fclt\u00fcr Merkezi&#8217;nde de bir k\u00fct\u00fcphane ve Millet K\u0131raathanesi Sincan halk\u0131n\u0131n hizmetine sunuldu. Sincan Belediye Ba\u015fkan\u0131 Murat Ercan&#8217;\u0131n ev sahipli\u011findeki a\u00e7\u0131l\u0131\u015fa [&hellip;]<\/p>\n","protected":false},"author":129,"featured_media":25390,"comment_status":"open","ping_status":"open","sticky":false,"template":"","format":"standard","meta":{"footnotes":""},"categories":[],"tags":[1436,1054,1463],"class_list":["post-25387","post","type-post","status-publish","format-standard","has-post-thumbnail","hentry","tag-kutuphaneler","tag-kiraathane-kutuphane","tag-millet-kiraathanesi"],"_links":{"self":[{"href":"https:\/\/www.bbyhaber.com\/bby\/wp-json\/wp\/v2\/posts\/25387"}],"collection":[{"href":"https:\/\/www.bbyhaber.com\/bby\/wp-json\/wp\/v2\/posts"}],"about":[{"href":"https:\/\/www.bbyhaber.com\/bby\/wp-json\/wp\/v2\/types\/post"}],"author":[{"embeddable":true,"href":"https:\/\/www.bbyhaber.com\/bby\/wp-json\/wp\/v2\/users\/129"}],"replies":[{"embeddable":true,"href":"https:\/\/www.bbyhaber.com\/bby\/wp-json\/wp\/v2\/comments?post=25387"}],"version-history":[{"count":6,"href":"https:\/\/www.bbyhaber.com\/bby\/wp-json\/wp\/v2\/posts\/25387\/revisions"}],"predecessor-version":[{"id":25397,"href":"https:\/\/www.bbyhaber.com\/bby\/wp-json\/wp\/v2\/posts\/25387\/revisions\/25397"}],"wp:featuredmedia":[{"embeddable":true,"href":"https:\/\/www.bbyhaber.com\/bby\/wp-json\/wp\/v2\/media\/25390"}],"wp:attachment":[{"href":"https:\/\/www.bbyhaber.com\/bby\/wp-json\/wp\/v2\/media?parent=25387"}],"wp:term":[{"taxonomy":"category","embeddable":true,"href":"https:\/\/www.bbyhaber.com\/bby\/wp-json\/wp\/v2\/categories?post=25387"},{"taxonomy":"post_tag","embeddable":true,"href":"https:\/\/www.bbyhaber.com\/bby\/wp-json\/wp\/v2\/tags?post=25387"}],"curies":[{"name":"wp","href":"https:\/\/api.w.org\/{rel}","templated":true}]}}