{"id":25384,"date":"2018-10-31T09:29:26","date_gmt":"2018-10-31T06:29:26","guid":{"rendered":"http:\/\/www.bbyhaber.com\/bby\/?p=25384"},"modified":"2018-10-31T09:29:26","modified_gmt":"2018-10-31T06:29:26","slug":"okudugunuzu-gonderin-biz-de-okuyalim","status":"publish","type":"post","link":"https:\/\/www.bbyhaber.com\/bby\/2018\/10\/31\/okudugunuzu-gonderin-biz-de-okuyalim","title":{"rendered":"Okudu\u011funuzu g\u00f6nderin biz de okuyal\u0131m"},"content":{"rendered":"<p><a href=\"http:\/\/www.bbyhaber.com\/bby\/wp-content\/uploads\/2018\/10\/bingol-kutuphane-kurma.jpg\"><img loading=\"lazy\" decoding=\"async\" class=\"alignleft size-full wp-image-25385\" src=\"http:\/\/www.bbyhaber.com\/bby\/wp-content\/uploads\/2018\/10\/bingol-kutuphane-kurma.jpg\" alt=\"\" width=\"390\" height=\"180\" \/><\/a>Bing\u00f6l\u2019deki Solhan Atat\u00fcrk Ortaokulu \u00f6\u011fretmenleri, yeni a\u00e7\u0131lan okullar\u0131na k\u00fct\u00fcphane kazand\u0131rmak i\u00e7in kitap kampanyas\u0131 ba\u015flatt\u0131. 2018-2019 E\u011fitim \u00d6\u011fretim y\u0131l\u0131nda a\u00e7\u0131lan Solhan Atat\u00fcrk Ortaokulu \u00f6\u011fretmenleri, okullar\u0131ndaki 620 \u00f6\u011frencinin faydalanmas\u0131 i\u00e7in \u201cOkudu\u011funuzu g\u00f6nderin biz de okuyal\u0131m\u201d slogan\u0131yla kitap kampanyas\u0131 ba\u015flatt\u0131. Kampanyay\u0131 ba\u015flatan <strong>\u00f6\u011fretmenlerden Ersin Erce<\/strong>, \u201c<strong><span style=\"color: #ff0000;\">Yeni a\u00e7\u0131lan okulumuzda k\u00fct\u00fcphane i\u00e7in ayr\u0131lm\u0131\u015f bir b\u00f6l\u00fcm var fakat i\u00e7inde ne raf ne de kitap var<\/span><\/strong>. Bu nedenle T\u00fcrkiye genelinde b\u00f6yle bir kampanya ba\u015flatmaya karar verdik.<!--more--><\/p>\n<p>Herkesten 10-14 ya\u015f aras\u0131 \u00f6\u011frencilerimiz i\u00e7in \u00e7\u0131km\u0131\u015f oldu\u011fumuz bu yolda bizlere yard\u0131mc\u0131 olup bu kampanyam\u0131za destek vermelerini ve kitap g\u00f6ndermelerini talep ediyoruz\u201d dedi. Erce, ba\u015flatt\u0131klar\u0131 kampanya kapsam\u0131nda vak\u0131flar, dernekler, okullar, belediyeler ve kaymakaml\u0131klardan kitaplar geldi\u011fini ancak yeterli olmad\u0131\u011f\u0131n\u0131 kaydetti.<\/p>\n<p>Bing\u00f6l\u2019deki okula kitap g\u00f6ndermek isteyen okuyucular\u0131m\u0131z i\u00e7in <strong><span style=\"color: #ff0000;\">adres<\/span><\/strong> \u015fu \u015fekilde: <span style=\"color: #ff0000;\"><strong>Solhan Atat\u00fcrk Ortaokulu Solhan\/Bing\u00f6l.<\/strong><\/span><\/p>\n<p><a href=\"https:\/\/www.evrensel.net\/\" target=\"_blank\" rel=\"noopener\">Kaynak<\/a><\/p>\n","protected":false},"excerpt":{"rendered":"<p>Bing\u00f6l\u2019deki Solhan Atat\u00fcrk Ortaokulu \u00f6\u011fretmenleri, yeni a\u00e7\u0131lan okullar\u0131na k\u00fct\u00fcphane kazand\u0131rmak i\u00e7in kitap kampanyas\u0131 ba\u015flatt\u0131. 2018-2019 E\u011fitim \u00d6\u011fretim y\u0131l\u0131nda a\u00e7\u0131lan Solhan Atat\u00fcrk Ortaokulu \u00f6\u011fretmenleri, okullar\u0131ndaki 620 \u00f6\u011frencinin faydalanmas\u0131 i\u00e7in \u201cOkudu\u011funuzu g\u00f6nderin biz de okuyal\u0131m\u201d slogan\u0131yla kitap kampanyas\u0131 ba\u015flatt\u0131. Kampanyay\u0131 ba\u015flatan \u00f6\u011fretmenlerden Ersin Erce, \u201cYeni a\u00e7\u0131lan okulumuzda k\u00fct\u00fcphane i\u00e7in ayr\u0131lm\u0131\u015f bir b\u00f6l\u00fcm var fakat i\u00e7inde ne raf [&hellip;]<\/p>\n","protected":false},"author":1,"featured_media":25385,"comment_status":"open","ping_status":"open","sticky":false,"template":"","format":"standard","meta":{"footnotes":""},"categories":[1],"tags":[],"class_list":["post-25384","post","type-post","status-publish","format-standard","has-post-thumbnail","hentry","category-genel"],"_links":{"self":[{"href":"https:\/\/www.bbyhaber.com\/bby\/wp-json\/wp\/v2\/posts\/25384"}],"collection":[{"href":"https:\/\/www.bbyhaber.com\/bby\/wp-json\/wp\/v2\/posts"}],"about":[{"href":"https:\/\/www.bbyhaber.com\/bby\/wp-json\/wp\/v2\/types\/post"}],"author":[{"embeddable":true,"href":"https:\/\/www.bbyhaber.com\/bby\/wp-json\/wp\/v2\/users\/1"}],"replies":[{"embeddable":true,"href":"https:\/\/www.bbyhaber.com\/bby\/wp-json\/wp\/v2\/comments?post=25384"}],"version-history":[{"count":1,"href":"https:\/\/www.bbyhaber.com\/bby\/wp-json\/wp\/v2\/posts\/25384\/revisions"}],"predecessor-version":[{"id":25386,"href":"https:\/\/www.bbyhaber.com\/bby\/wp-json\/wp\/v2\/posts\/25384\/revisions\/25386"}],"wp:featuredmedia":[{"embeddable":true,"href":"https:\/\/www.bbyhaber.com\/bby\/wp-json\/wp\/v2\/media\/25385"}],"wp:attachment":[{"href":"https:\/\/www.bbyhaber.com\/bby\/wp-json\/wp\/v2\/media?parent=25384"}],"wp:term":[{"taxonomy":"category","embeddable":true,"href":"https:\/\/www.bbyhaber.com\/bby\/wp-json\/wp\/v2\/categories?post=25384"},{"taxonomy":"post_tag","embeddable":true,"href":"https:\/\/www.bbyhaber.com\/bby\/wp-json\/wp\/v2\/tags?post=25384"}],"curies":[{"name":"wp","href":"https:\/\/api.w.org\/{rel}","templated":true}]}}