{"id":25293,"date":"2018-10-22T10:23:19","date_gmt":"2018-10-22T07:23:19","guid":{"rendered":"http:\/\/www.bbyhaber.com\/bby\/?p=25293"},"modified":"2018-10-22T10:23:19","modified_gmt":"2018-10-22T07:23:19","slug":"hasta-cocuklara-kitap-ve-balon","status":"publish","type":"post","link":"https:\/\/www.bbyhaber.com\/bby\/2018\/10\/22\/hasta-cocuklara-kitap-ve-balon","title":{"rendered":"Hasta \u00e7ocuklara kitap ve balon"},"content":{"rendered":"<p><a href=\"http:\/\/www.bbyhaber.com\/bby\/wp-content\/uploads\/2018\/10\/hasta-cocuklara-kitap-ve-balon.jpg\"><img loading=\"lazy\" decoding=\"async\" class=\"alignleft size-full wp-image-25294\" src=\"http:\/\/www.bbyhaber.com\/bby\/wp-content\/uploads\/2018\/10\/hasta-cocuklara-kitap-ve-balon.jpg\" alt=\"\" width=\"390\" height=\"180\" \/><\/a>\u0130zmir\/\u00d6demi\u015f \u0130l\u00e7e Halk K\u00fct\u00fcphanesi M\u00fcd\u00fcr\u00fc Sevda Talu, \u00d6demi\u015f Devlet Hastanesi Ba\u015fhekimi \u00d6mer Ko\u00e7ak ve Ba\u015fhekim Yard\u0131mc\u0131s\u0131 Ayt\u00fcl \u015een G\u00fcler ile birlikte \u00e7ocuklar\u0131 hasta yataklar\u0131nda ziyaret edip kendilerine ya\u015f grubuna uygun kitap ve balon vererek \u00e7ocuklar\u0131n y\u00fcz\u00fcn\u00fc g\u00fcld\u00fcrd\u00fc.<!--more--> Talu, &#8220;\u00c7ocuklar\u0131m\u0131z\u0131n okuma al\u0131\u015fkanl\u0131\u011f\u0131n\u0131 geli\u015ftirmek ve onlar\u0131 sevindirmek amac\u0131yla \u00d6demi\u015f \u0130l\u00e7e Halk K\u00fct\u00fcphanesi olarak kitap ve \u00e7e\u015fitli arma\u011fanlar verdik. \u00c7ocuklar\u0131n sevindi\u011fini g\u00f6rmek bizleri ayr\u0131ca mutlu etti&#8221; dedi. \u00d6demi\u015f Devlet Hastanesi Ba\u015fhekimi Dr. \u00d6mer Ko\u00e7ak ise duyarl\u0131l\u0131\u011f\u0131ndan \u00f6t\u00fcr\u00fc Talu&#8217;ya te\u015fekk\u00fcr etti.<\/p>\n<p><a href=\"http:\/\/www.hurriyet.com.tr\" target=\"_blank\" rel=\"noopener\">Kaynak<\/a><\/p>\n","protected":false},"excerpt":{"rendered":"<p>\u0130zmir\/\u00d6demi\u015f \u0130l\u00e7e Halk K\u00fct\u00fcphanesi M\u00fcd\u00fcr\u00fc Sevda Talu, \u00d6demi\u015f Devlet Hastanesi Ba\u015fhekimi \u00d6mer Ko\u00e7ak ve Ba\u015fhekim Yard\u0131mc\u0131s\u0131 Ayt\u00fcl \u015een G\u00fcler ile birlikte \u00e7ocuklar\u0131 hasta yataklar\u0131nda ziyaret edip kendilerine ya\u015f grubuna uygun kitap ve balon vererek \u00e7ocuklar\u0131n y\u00fcz\u00fcn\u00fc g\u00fcld\u00fcrd\u00fc.<\/p>\n","protected":false},"author":1,"featured_media":25294,"comment_status":"open","ping_status":"open","sticky":false,"template":"","format":"standard","meta":{"footnotes":""},"categories":[1],"tags":[],"class_list":["post-25293","post","type-post","status-publish","format-standard","has-post-thumbnail","hentry","category-genel"],"_links":{"self":[{"href":"https:\/\/www.bbyhaber.com\/bby\/wp-json\/wp\/v2\/posts\/25293"}],"collection":[{"href":"https:\/\/www.bbyhaber.com\/bby\/wp-json\/wp\/v2\/posts"}],"about":[{"href":"https:\/\/www.bbyhaber.com\/bby\/wp-json\/wp\/v2\/types\/post"}],"author":[{"embeddable":true,"href":"https:\/\/www.bbyhaber.com\/bby\/wp-json\/wp\/v2\/users\/1"}],"replies":[{"embeddable":true,"href":"https:\/\/www.bbyhaber.com\/bby\/wp-json\/wp\/v2\/comments?post=25293"}],"version-history":[{"count":1,"href":"https:\/\/www.bbyhaber.com\/bby\/wp-json\/wp\/v2\/posts\/25293\/revisions"}],"predecessor-version":[{"id":25295,"href":"https:\/\/www.bbyhaber.com\/bby\/wp-json\/wp\/v2\/posts\/25293\/revisions\/25295"}],"wp:featuredmedia":[{"embeddable":true,"href":"https:\/\/www.bbyhaber.com\/bby\/wp-json\/wp\/v2\/media\/25294"}],"wp:attachment":[{"href":"https:\/\/www.bbyhaber.com\/bby\/wp-json\/wp\/v2\/media?parent=25293"}],"wp:term":[{"taxonomy":"category","embeddable":true,"href":"https:\/\/www.bbyhaber.com\/bby\/wp-json\/wp\/v2\/categories?post=25293"},{"taxonomy":"post_tag","embeddable":true,"href":"https:\/\/www.bbyhaber.com\/bby\/wp-json\/wp\/v2\/tags?post=25293"}],"curies":[{"name":"wp","href":"https:\/\/api.w.org\/{rel}","templated":true}]}}