{"id":25264,"date":"2018-10-12T09:48:54","date_gmt":"2018-10-12T06:48:54","guid":{"rendered":"http:\/\/www.bbyhaber.com\/bby\/?p=25264"},"modified":"2018-10-23T09:04:12","modified_gmt":"2018-10-23T06:04:12","slug":"neden-bilgi-merkezi","status":"publish","type":"post","link":"https:\/\/www.bbyhaber.com\/bby\/2018\/10\/12\/neden-bilgi-merkezi","title":{"rendered":"Neden &#8220;Bilgi Merkezi&#8221;? | Cem \u00d6ZEL"},"content":{"rendered":"<p>[avatar user=&#8221;cemozel&#8221; \/]<a href=\"http:\/\/www.bbyhaber.com\/bby\/author\/cemozel\"><br \/>\nCem \u00d6ZEL<\/a><br \/>\n<strong>Kullan\u0131c\u0131 Hizmetleri Y\u00f6neticisi\/Sabanc\u0131 \u00dcniversitesi Bilgi Merkezi<\/strong><\/p>\n<p><a href=\"http:\/\/www.bbyhaber.com\/bby\/wp-content\/uploads\/2018\/10\/neden-bilgi-merkezi.jpg\"><img loading=\"lazy\" decoding=\"async\" class=\"alignleft size-full wp-image-25265\" src=\"http:\/\/www.bbyhaber.com\/bby\/wp-content\/uploads\/2018\/10\/neden-bilgi-merkezi.jpg\" alt=\"\" width=\"390\" height=\"180\" \/><\/a>Hep \u00fcst perdeden sorarlar, &#8220;<strong>Neden k\u00fct\u00fcphane yerine bilgi merkezi ifadesi kullan\u0131l\u0131yor?<\/strong>&#8221; diye. Neden olmas\u0131n? Her \u015fey de\u011fi\u015fiyor. &#8220;Personel Y\u00f6netimi&#8221; \u0130nsan Kaynaklar\u0131na, &#8220;\u00d6\u011frenci \u0130\u015fleri&#8221;, \u00d6\u011frenci Kaynaklar\u0131na, &#8220;Bilgi \u0130\u015flem&#8221; Bilgi Teknolojisine evrilmi\u015fken kendimize Bilgi Merkezi tabirini \u00e7ok g\u00f6rmeyi akl\u0131m alm\u0131yor. Her \u015fey de\u011fi\u015fir; ama biz de\u011fi\u015femeyiz, \u00f6yle mi?\u00dcstelik y\u0131llar\u0131n <strong>K\u00fct\u00fcphanecilik B\u00f6l\u00fcm\u00fc<\/strong> bile &#8220;<strong>Bilgi ve Belge Y\u00f6netimi<\/strong>&#8221; ad\u0131n\u0131 alm\u0131\u015fken.<!--more--><\/p>\n<p><strong>Sabanc\u0131 \u00dcniversitesi Bilgi Merkezi<\/strong> ifadesi, zaman zaman sorgulan\u0131r. Biz de hem yukar\u0131daki de\u011fi\u015fimlerden dem vuruyor hem de ya\u015fad\u0131\u011f\u0131m\u0131z s\u00fcreci anlat\u0131yoruz. Laf olsun diye konulmu\u015f bir tabir olmad\u0131\u011f\u0131n\u0131n da alt\u0131n\u0131 \u00e7iziyoruz.<\/p>\n<p>\u00d6ncelikle istenilen bilgiye h\u0131zl\u0131 bir \u015fekilde eri\u015fimi esas al\u0131yoruz.<\/p>\n<p>Kitap \u00f6d\u00fcn\u00e7 al\u0131p vermenin \u00e7ok \u00f6tesindeyiz.<\/p>\n<p>Yap\u0131lan ara\u015ft\u0131rmalar\u0131n i\u00e7indeyiz.<\/p>\n<p>Akademisyenlerle ortak makale yazman\u0131n arifesindeyiz.<\/p>\n<p>Yeni uygulama alanlar\u0131na fikren a\u00e7\u0131k olan bir yap\u0131 olu\u015fturmu\u015f oluyoruz.<\/p>\n<p>Hizmet ve olanaklar\u0131m\u0131z\u0131 yeni pazarlama teknikleriyle pazarl\u0131yoruz.<\/p>\n<p>7\/24 hizmet vererek, Bilgi Merkezi&#8217;nin de \u00f6tesinde adeta bir ya\u015fam merkezi oluyoruz.<\/p>\n<p>B\u00fcnyemize katt\u0131\u011f\u0131m\u0131z &#8220;<a href=\"http:\/\/www.bbyhaber.com\/bby\/2018\/04\/12\/turkiyede-bir-ilk-sabanci-universitesi-bilgi-merkezinde-yepyeni-bir-mekan-collaboration-space\" target=\"_blank\" rel=\"noopener\"><strong>Collaboration Space<\/strong><\/a>&#8221; de yeni uygulama alanlar\u0131m\u0131zdan.<\/p>\n<p>E\u011fitim materyali tasar\u0131m\u0131ndan tutun da yapay zekay\u0131 s\u00fcre\u00e7lerimizde kullanana kadar geni\u015f bir yelpazede bilgi hizmeti veriyoruz.<\/p>\n<p>Yapt\u0131\u011f\u0131m\u0131z meslek d\u0131\u015f\u0131 etkinlikler de cabas\u0131.<\/p>\n<p>Mesleki anlamda \u00e7ok de\u011fi\u015ftik ve geli\u015ftik. Sizin anlayaca\u011f\u0131n\u0131z s\u0131n\u0131rlar\u0131m\u0131z\u0131 a\u015fal\u0131 \u00e7ok oldu.<\/p>\n<p>Seviyoruz da bu tabiri: Bilgi Merkezi. Sa\u011folsun \u00f6\u011frencilerimiz, Bilgi Merkezi bile demiyor bize. \u0130ngilizcesinin daha da k\u0131salt\u0131lm\u0131\u015f halini kullan\u0131yorlar: IC.<\/p>\n<p>Zaman zaman kulak misafiri oluyoruz. Telefonda anne, o\u011fluna soruyor. (Yani san\u0131r\u0131z soruyordur ki \u00e7ocu\u011funun verdi\u011fi cevap, sorunun yakas\u0131n\u0131 ele veriyor.)<\/p>\n<p>Anne: O\u011flum nerdesin?<br \/>\n\u00c7ocuk: IC&#8217;ye gidiyorum anne.<br \/>\n(Anne de kan\u0131ksam\u0131\u015f)<\/p>\n<p>\u0130ki \u00f6\u011frenci aras\u0131nda ge\u00e7en ba\u015fka bir diyalog:<\/p>\n<p>-&#8220;Kardo nereye gidiyorsun?&#8221;<\/p>\n<p>-&#8220;Bizim \u00e7ocuklar\u0131n yan\u0131na, IC&#8217;ye.&#8221;<\/p>\n<p>Bunun \u00fcst\u00fcne kar\u015f\u0131l\u0131k veriyor \u00e7ocuk. Mimiklerinden, s\u00f6yleyi\u015finden esprili bir cevap verdi\u011fini anl\u0131yorum:<\/p>\n<p>-&#8220;I see&#8221;<\/p>\n<p><strong><em>S\u00f6z\u00fcn k\u0131sas\u0131, Bilgi Merkezi g\u00fczeldir, IC de \u00e7ok yak\u0131\u015f\u0131kl\u0131d\u0131r.<\/em><\/strong><\/p>\n","protected":false},"excerpt":{"rendered":"<p>[avatar user=&#8221;cemozel&#8221; \/] Cem \u00d6ZEL Kullan\u0131c\u0131 Hizmetleri Y\u00f6neticisi\/Sabanc\u0131 \u00dcniversitesi Bilgi Merkezi Hep \u00fcst perdeden sorarlar, &#8220;Neden k\u00fct\u00fcphane yerine bilgi merkezi ifadesi kullan\u0131l\u0131yor?&#8221; diye. Neden olmas\u0131n? Her \u015fey de\u011fi\u015fiyor. &#8220;Personel Y\u00f6netimi&#8221; \u0130nsan Kaynaklar\u0131na, &#8220;\u00d6\u011frenci \u0130\u015fleri&#8221;, \u00d6\u011frenci Kaynaklar\u0131na, &#8220;Bilgi \u0130\u015flem&#8221; Bilgi Teknolojisine evrilmi\u015fken kendimize Bilgi Merkezi tabirini \u00e7ok g\u00f6rmeyi akl\u0131m alm\u0131yor. Her \u015fey de\u011fi\u015fir; ama biz de\u011fi\u015femeyiz, [&hellip;]<\/p>\n","protected":false},"author":143,"featured_media":25265,"comment_status":"open","ping_status":"open","sticky":false,"template":"","format":"standard","meta":{"footnotes":""},"categories":[1478],"tags":[1460],"class_list":["post-25264","post","type-post","status-publish","format-standard","has-post-thumbnail","hentry","category-cem-ozel","tag-kose-yazarlari"],"_links":{"self":[{"href":"https:\/\/www.bbyhaber.com\/bby\/wp-json\/wp\/v2\/posts\/25264"}],"collection":[{"href":"https:\/\/www.bbyhaber.com\/bby\/wp-json\/wp\/v2\/posts"}],"about":[{"href":"https:\/\/www.bbyhaber.com\/bby\/wp-json\/wp\/v2\/types\/post"}],"author":[{"embeddable":true,"href":"https:\/\/www.bbyhaber.com\/bby\/wp-json\/wp\/v2\/users\/143"}],"replies":[{"embeddable":true,"href":"https:\/\/www.bbyhaber.com\/bby\/wp-json\/wp\/v2\/comments?post=25264"}],"version-history":[{"count":2,"href":"https:\/\/www.bbyhaber.com\/bby\/wp-json\/wp\/v2\/posts\/25264\/revisions"}],"predecessor-version":[{"id":25311,"href":"https:\/\/www.bbyhaber.com\/bby\/wp-json\/wp\/v2\/posts\/25264\/revisions\/25311"}],"wp:featuredmedia":[{"embeddable":true,"href":"https:\/\/www.bbyhaber.com\/bby\/wp-json\/wp\/v2\/media\/25265"}],"wp:attachment":[{"href":"https:\/\/www.bbyhaber.com\/bby\/wp-json\/wp\/v2\/media?parent=25264"}],"wp:term":[{"taxonomy":"category","embeddable":true,"href":"https:\/\/www.bbyhaber.com\/bby\/wp-json\/wp\/v2\/categories?post=25264"},{"taxonomy":"post_tag","embeddable":true,"href":"https:\/\/www.bbyhaber.com\/bby\/wp-json\/wp\/v2\/tags?post=25264"}],"curies":[{"name":"wp","href":"https:\/\/api.w.org\/{rel}","templated":true}]}}