{"id":25260,"date":"2018-10-11T09:33:35","date_gmt":"2018-10-11T06:33:35","guid":{"rendered":"http:\/\/www.bbyhaber.com\/bby\/?p=25260"},"modified":"2018-10-18T09:30:02","modified_gmt":"2018-10-18T06:30:02","slug":"ulakbim-tr-dizin-tanitim-etkinligi-18-ekim-2018-ankara","status":"publish","type":"post","link":"https:\/\/www.bbyhaber.com\/bby\/2018\/10\/11\/ulakbim-tr-dizin-tanitim-etkinligi-18-ekim-2018-ankara","title":{"rendered":"ULAKB\u0130M TR Dizin Tan\u0131t\u0131m Etkinli\u011fi-18 Ekim 2018, Ankara"},"content":{"rendered":"<p class=\"m_-6691024135884336640rtejustify\"><a href=\"http:\/\/www.bbyhaber.com\/bby\/wp-content\/uploads\/2018\/10\/tr-dizin.jpg\"><img loading=\"lazy\" decoding=\"async\" class=\"alignleft size-full wp-image-25261\" src=\"http:\/\/www.bbyhaber.com\/bby\/wp-content\/uploads\/2018\/10\/tr-dizin.jpg\" alt=\"\" width=\"390\" height=\"180\" \/><\/a><span style=\"color: #ff0000;\"><strong>B\u0130LG\u0130LEND\u0130RME NOTU:<\/strong><\/span><\/p>\n<p class=\"m_-6691024135884336640rtejustify\"><span style=\"color: #ff0000;\"><strong>TOPLANTI ERTELENM\u0130\u015eT\u0130R<\/strong><\/span><\/p>\n<p class=\"m_-6691024135884336640rtejustify\">T\u00fcrkiye&#8217;de yay\u0131nlanan bilimsel dergilerin, uluslararas\u0131 standartlar do\u011frultusunda yay\u0131mlanmas\u0131n\u0131\u00a0<span id=\"m_-6691024135884336640OBJ_PREFIX_DWT1840_com_zimbra_date\" class=\"m_-6691024135884336640Object\"><span id=\"m_-6691024135884336640OBJ_PREFIX_DWT1093_com_zimbra_date\" class=\"m_-6691024135884336640Object\"><span id=\"m_-6691024135884336640OBJ_PREFIX_DWT1201_com_zimbra_date\" class=\"m_-6691024135884336640Object\"><span id=\"m_-6691024135884336640OBJ_PREFIX_DWT1211_com_zimbra_date\" class=\"m_-6691024135884336640Object\">sa<\/span><\/span><\/span><\/span>\u011flamak, kalitesinin ve uluslararas\u0131 g\u00f6r\u00fcn\u00fcrl\u00fc\u011f\u00fcn\u00fcn art\u0131r\u0131lmas\u0131na destek olmak amac\u0131yla 1992 y\u0131l\u0131nda\u00a0Veri Tabanlar\u0131 olu\u015fturma hizmeti olarak ba\u015flayan <strong>TR Dizin<\/strong>, 2018 y\u0131l\u0131 itibariyle Kalk\u0131nma Bakanl\u0131\u011f\u0131 deste\u011fi ile geli\u015ftirilerek <strong>Ulusal At\u0131f Dizini<\/strong> \u00f6zelli\u011fi kazanm\u0131\u015ft\u0131r.<!--more--><\/p>\n<p class=\"m_-6691024135884336640rtejustify\">Dizine kabul edilmi\u015f dergilerdeki makaleler ile T\u00dcB\u0130TAK Destekli Projelerin bilgilerine eri\u015fim\u00a0<span id=\"m_-6691024135884336640OBJ_PREFIX_DWT1842_com_zimbra_date\" class=\"m_-6691024135884336640Object\"><span id=\"m_-6691024135884336640OBJ_PREFIX_DWT1094_com_zimbra_date\" class=\"m_-6691024135884336640Object\"><span id=\"m_-6691024135884336640OBJ_PREFIX_DWT1202_com_zimbra_date\" class=\"m_-6691024135884336640Object\"><span id=\"m_-6691024135884336640OBJ_PREFIX_DWT1212_com_zimbra_date\" class=\"m_-6691024135884336640Object\">sa<\/span><\/span><\/span><\/span>\u011flanmas\u0131n\u0131n yan\u0131s\u0131ra, fonksiyonel nitelikte aray\u00fcz \u00f6zellikleri eklenmi\u015f, ara\u015ft\u0131rmac\u0131lar\u0131n at\u0131flar\u0131 ile ara\u015ft\u0131rmac\u0131, kurum, konu alan\u0131na g\u00f6re performans \u00f6l\u00e7\u00fcmleri\u00a0<span id=\"m_-6691024135884336640OBJ_PREFIX_DWT1843_com_zimbra_date\" class=\"m_-6691024135884336640Object\"><span id=\"m_-6691024135884336640OBJ_PREFIX_DWT1095_com_zimbra_date\" class=\"m_-6691024135884336640Object\"><span id=\"m_-6691024135884336640OBJ_PREFIX_DWT1203_com_zimbra_date\" class=\"m_-6691024135884336640Object\"><span id=\"m_-6691024135884336640OBJ_PREFIX_DWT1213_com_zimbra_date\" class=\"m_-6691024135884336640Object\">sa<\/span><\/span><\/span><\/span>\u011flanm\u0131\u015ft\u0131r. Yeni aray\u00fcz\u00fc ve 1.0 s\u00fcr\u00fcm\u00fc ile 17.07.2018 tarihinde hizmet vermeye ba\u015flayan TR Dizin\u2019in arama ve bibliyometri mod\u00fcl\u00fc i\u00e7in geli\u015ftirme \u00e7al\u0131\u015fmalar\u0131 devam etmektedir.<\/p>\n<p class=\"m_-6691024135884336640rtejustify\">TR Dizin&#8217;de ger\u00e7ekle\u015ftirilen geli\u015fmelerin payla\u015f\u0131lmas\u0131 ve tan\u0131t\u0131lmas\u0131na y\u00f6nelik olarak\u00a0<span style=\"color: #ff0000;\"><strong><span id=\"m_-6691024135884336640OBJ_PREFIX_DWT1844_com_zimbra_date\" class=\"m_-6691024135884336640Object\"><span id=\"m_-6691024135884336640OBJ_PREFIX_DWT1096_com_zimbra_date\" class=\"m_-6691024135884336640Object\"><span id=\"m_-6691024135884336640OBJ_PREFIX_DWT1204_com_zimbra_date\" class=\"m_-6691024135884336640Object\"><span id=\"m_-6691024135884336640OBJ_PREFIX_DWT1214_com_zimbra_date\" class=\"m_-6691024135884336640Object\">18 Ekim 2018<\/span><\/span><\/span><\/span><\/strong><\/span>\u00a0tarihinde <strong><span style=\"color: #ff0000;\">T\u00dcB\u0130TAK Feza G\u00fcrsey Salonu- Kavakl\u0131dere<\/span><\/strong> adresinde, <strong>10:00-12:30<\/strong> saatleri aras\u0131nda &#8220;<strong>TR Dizin Tan\u0131t\u0131m Etkinli\u011fi<\/strong>&#8221; d\u00fczenlenecektir.<\/p>\n<p><strong><a href=\"http:\/\/trdizin.gov.tr\/\" target=\"_blank\" rel=\"noopener\">TR D\u0130Z\u0130N SAYFASI i\u00e7in t\u0131klay\u0131n\u0131z<\/a><\/strong><\/p>\n","protected":false},"excerpt":{"rendered":"<p>B\u0130LG\u0130LEND\u0130RME NOTU: TOPLANTI ERTELENM\u0130\u015eT\u0130R T\u00fcrkiye&#8217;de yay\u0131nlanan bilimsel dergilerin, uluslararas\u0131 standartlar do\u011frultusunda yay\u0131mlanmas\u0131n\u0131\u00a0sa\u011flamak, kalitesinin ve uluslararas\u0131 g\u00f6r\u00fcn\u00fcrl\u00fc\u011f\u00fcn\u00fcn art\u0131r\u0131lmas\u0131na destek olmak amac\u0131yla 1992 y\u0131l\u0131nda\u00a0Veri Tabanlar\u0131 olu\u015fturma hizmeti olarak ba\u015flayan TR Dizin, 2018 y\u0131l\u0131 itibariyle Kalk\u0131nma Bakanl\u0131\u011f\u0131 deste\u011fi ile geli\u015ftirilerek Ulusal At\u0131f Dizini \u00f6zelli\u011fi kazanm\u0131\u015ft\u0131r.<\/p>\n","protected":false},"author":1,"featured_media":25261,"comment_status":"open","ping_status":"open","sticky":false,"template":"","format":"standard","meta":{"footnotes":""},"categories":[],"tags":[1395],"class_list":["post-25260","post","type-post","status-publish","format-standard","has-post-thumbnail","hentry","tag-bby-mesleki-etkinlikler-arsivi"],"_links":{"self":[{"href":"https:\/\/www.bbyhaber.com\/bby\/wp-json\/wp\/v2\/posts\/25260"}],"collection":[{"href":"https:\/\/www.bbyhaber.com\/bby\/wp-json\/wp\/v2\/posts"}],"about":[{"href":"https:\/\/www.bbyhaber.com\/bby\/wp-json\/wp\/v2\/types\/post"}],"author":[{"embeddable":true,"href":"https:\/\/www.bbyhaber.com\/bby\/wp-json\/wp\/v2\/users\/1"}],"replies":[{"embeddable":true,"href":"https:\/\/www.bbyhaber.com\/bby\/wp-json\/wp\/v2\/comments?post=25260"}],"version-history":[{"count":4,"href":"https:\/\/www.bbyhaber.com\/bby\/wp-json\/wp\/v2\/posts\/25260\/revisions"}],"predecessor-version":[{"id":25288,"href":"https:\/\/www.bbyhaber.com\/bby\/wp-json\/wp\/v2\/posts\/25260\/revisions\/25288"}],"wp:featuredmedia":[{"embeddable":true,"href":"https:\/\/www.bbyhaber.com\/bby\/wp-json\/wp\/v2\/media\/25261"}],"wp:attachment":[{"href":"https:\/\/www.bbyhaber.com\/bby\/wp-json\/wp\/v2\/media?parent=25260"}],"wp:term":[{"taxonomy":"category","embeddable":true,"href":"https:\/\/www.bbyhaber.com\/bby\/wp-json\/wp\/v2\/categories?post=25260"},{"taxonomy":"post_tag","embeddable":true,"href":"https:\/\/www.bbyhaber.com\/bby\/wp-json\/wp\/v2\/tags?post=25260"}],"curies":[{"name":"wp","href":"https:\/\/api.w.org\/{rel}","templated":true}]}}