{"id":25257,"date":"2018-10-11T09:19:32","date_gmt":"2018-10-11T06:19:32","guid":{"rendered":"http:\/\/www.bbyhaber.com\/bby\/?p=25257"},"modified":"2018-11-23T09:11:03","modified_gmt":"2018-11-23T06:11:03","slug":"1-saglikta-bilgi-ve-belge-yonetimi-sempozyumu-22-23-kasim-2018-istanbul","status":"publish","type":"post","link":"https:\/\/www.bbyhaber.com\/bby\/2018\/10\/11\/1-saglikta-bilgi-ve-belge-yonetimi-sempozyumu-22-23-kasim-2018-istanbul","title":{"rendered":"1.Sa\u011fl\u0131kta Bilgi ve Belge Y\u00f6netimi Sempozyumu, 22-23 Kas\u0131m 2018, \u0130stanbul"},"content":{"rendered":"<p><a href=\"http:\/\/www.bbyhaber.com\/bby\/wp-content\/uploads\/2018\/10\/saglikta-bilgi-ve-belge-yonetimi-sempozyumu.jpg\"><img loading=\"lazy\" decoding=\"async\" class=\"alignleft size-full wp-image-25258\" src=\"http:\/\/www.bbyhaber.com\/bby\/wp-content\/uploads\/2018\/10\/saglikta-bilgi-ve-belge-yonetimi-sempozyumu.jpg\" alt=\"\" width=\"390\" height=\"180\" \/><\/a>Alan\u0131nda uzman sa\u011fl\u0131k \u00e7al\u0131\u015fanlar\u0131, <strong>bilgi ve belge y\u00f6netimi konusunda hizmet veren t\u00fcm meslekta\u015flar\u0131m\u0131z<\/strong>, yurt i\u00e7i\/yurt d\u0131\u015f\u0131ndan yay\u0131nc\u0131l\u0131k sekt\u00f6r\u00fc \u00e7al\u0131\u015fanlar\u0131n\u0131n ayn\u0131 \u00e7at\u0131 alt\u0131nda toplanmas\u0131 ile, bu alana yapm\u0131\u015f olduklar\u0131 \u00e7al\u0131\u015fmalar\u0131 ve deneyimlerini payla\u015fabilecekleri bir ortam sa\u011flayarak, hizmetlerin iyile\u015ftirilmesi ve geli\u015ftirilmesi amac\u0131yla <span style=\"color: #ff0000;\"><strong>22-23 Kas\u0131m 2018<\/strong><\/span> tarihlerinde <span style=\"color: #ff0000;\"><strong>Bezmialem Vak\u0131f \u00dcniversitesi ev sahipli\u011finde<\/strong><\/span> d\u00fczenlenecek olan &#8220;<strong>1.Sa\u011fl\u0131kta Bilgi ve Belge Y\u00f6netimi Sempozyumu<\/strong>&#8221; nun Anadolu \u00dcniversite K\u00fct\u00fcphaneleri Konsorsiyumu Derne\u011fi i\u015fbirli\u011fi ile ger\u00e7ekle\u015ftirilece\u011fi, Sempozyumda, kay\u0131t yapt\u0131ran ilk 100 ki\u015fi i\u00e7in 1 gecelik konaklama masraf\u0131n\u0131n Bezmialem Vak\u0131f \u00dcniversitesi taraf\u0131ndan kar\u015f\u0131lanaca\u011f\u0131 a\u00e7\u0131kland\u0131.<!--more--><\/p>\n<ul>\n<li><a href=\"http:\/\/sempozyum.bezmialem.edu.tr\/index.html\" target=\"_blank\" rel=\"noopener\"><strong>Sempozyum sayfas\u0131 ve kay\u0131t i\u00e7in t\u0131klay\u0131n\u0131z<\/strong><\/a><\/li>\n<li><strong>Y\u00d6K Davet Yaz\u0131s\u0131<\/strong> i\u00e7in\u00a0<a href=\"http:\/\/sempozyum.bezmialem.edu.tr\/images\/ankos.pdf\" target=\"_blank\" rel=\"noopener\">t\u0131klay\u0131n\u0131z<\/a><\/li>\n<li><a href=\"http:\/\/sempozyum.bezmialem.edu.tr\/images\/program-akisi.pdf\" target=\"_blank\" rel=\"noopener\"><strong>Program i\u00e7in t\u0131klay\u0131n\u0131z<\/strong><\/a><\/li>\n<\/ul>\n<p><strong>Kimler Kat\u0131labilir ?<\/strong><br \/>\n<strong><br \/>\n<\/strong>\u2022 Bilgi ve Belge Y\u00f6neticileri<br \/>\n\u2022 K\u00fct\u00fcphane ve Dok\u00fcmantasyon Daire Ba\u015fkanlar\u0131\/Direkt\u00f6rleri\/M\u00fcd\u00fcrleri\/Uzman Personelleri<br \/>\n\u2022 Ar\u015fiv Uzmanlar\u0131<br \/>\n\u2022 T\u0131bbi Dok\u00fcmantalistler<br \/>\n\u2022 Akademisyenler<br \/>\n\u2022 Hekimler<br \/>\n\u2022 K\u00fct\u00fcphaneciler<br \/>\n\u2022 Bilgi Profesyonelleri<br \/>\n\u2022 Bilgi Y\u00f6neticileri<br \/>\n\u2022 Uygulamac\u0131lar<br \/>\n\u2022 Ara\u015ft\u0131rmac\u0131lar<br \/>\n\u2022 Bilgi ve Belge Y\u00f6netimi Alan\u0131nda E\u011fitim Alan T\u00fcm \u00d6\u011frenciler<br \/>\n\u2022 T\u0131bbi dok\u00fcmantasyon ve sekreterlik Alan\u0131nda E\u011fitim Alan T\u00fcm \u00d6\u011frenciler<br \/>\n\u2022 Sa\u011fl\u0131k Alan\u0131nda E\u011fitim Alan T\u00fcm \u00d6\u011frenciler<br \/>\n\u2022 Konu Alan\u0131na Y\u00f6nelik Hizmet Veren Yay\u0131n Evi Temsilcileri ve \u00c7al\u0131\u015fanlar\u0131<br \/>\n\u2022 Karar vericiler (y\u00f6neticiler, b\u00fcrokratlar)<br \/>\n\u2022 Sempozyum Konusuna Y\u00f6nelik Hizmet Sa\u011flayan Kurum Personelleri<\/p>\n","protected":false},"excerpt":{"rendered":"<p>Alan\u0131nda uzman sa\u011fl\u0131k \u00e7al\u0131\u015fanlar\u0131, bilgi ve belge y\u00f6netimi konusunda hizmet veren t\u00fcm meslekta\u015flar\u0131m\u0131z, yurt i\u00e7i\/yurt d\u0131\u015f\u0131ndan yay\u0131nc\u0131l\u0131k sekt\u00f6r\u00fc \u00e7al\u0131\u015fanlar\u0131n\u0131n ayn\u0131 \u00e7at\u0131 alt\u0131nda toplanmas\u0131 ile, bu alana yapm\u0131\u015f olduklar\u0131 \u00e7al\u0131\u015fmalar\u0131 ve deneyimlerini payla\u015fabilecekleri bir ortam sa\u011flayarak, hizmetlerin iyile\u015ftirilmesi ve geli\u015ftirilmesi amac\u0131yla 22-23 Kas\u0131m 2018 tarihlerinde Bezmialem Vak\u0131f \u00dcniversitesi ev sahipli\u011finde d\u00fczenlenecek olan &#8220;1.Sa\u011fl\u0131kta Bilgi ve Belge [&hellip;]<\/p>\n","protected":false},"author":1,"featured_media":25258,"comment_status":"open","ping_status":"open","sticky":false,"template":"","format":"standard","meta":{"footnotes":""},"categories":[],"tags":[1395],"class_list":["post-25257","post","type-post","status-publish","format-standard","has-post-thumbnail","hentry","tag-bby-mesleki-etkinlikler-arsivi"],"_links":{"self":[{"href":"https:\/\/www.bbyhaber.com\/bby\/wp-json\/wp\/v2\/posts\/25257"}],"collection":[{"href":"https:\/\/www.bbyhaber.com\/bby\/wp-json\/wp\/v2\/posts"}],"about":[{"href":"https:\/\/www.bbyhaber.com\/bby\/wp-json\/wp\/v2\/types\/post"}],"author":[{"embeddable":true,"href":"https:\/\/www.bbyhaber.com\/bby\/wp-json\/wp\/v2\/users\/1"}],"replies":[{"embeddable":true,"href":"https:\/\/www.bbyhaber.com\/bby\/wp-json\/wp\/v2\/comments?post=25257"}],"version-history":[{"count":1,"href":"https:\/\/www.bbyhaber.com\/bby\/wp-json\/wp\/v2\/posts\/25257\/revisions"}],"predecessor-version":[{"id":25259,"href":"https:\/\/www.bbyhaber.com\/bby\/wp-json\/wp\/v2\/posts\/25257\/revisions\/25259"}],"wp:featuredmedia":[{"embeddable":true,"href":"https:\/\/www.bbyhaber.com\/bby\/wp-json\/wp\/v2\/media\/25258"}],"wp:attachment":[{"href":"https:\/\/www.bbyhaber.com\/bby\/wp-json\/wp\/v2\/media?parent=25257"}],"wp:term":[{"taxonomy":"category","embeddable":true,"href":"https:\/\/www.bbyhaber.com\/bby\/wp-json\/wp\/v2\/categories?post=25257"},{"taxonomy":"post_tag","embeddable":true,"href":"https:\/\/www.bbyhaber.com\/bby\/wp-json\/wp\/v2\/tags?post=25257"}],"curies":[{"name":"wp","href":"https:\/\/api.w.org\/{rel}","templated":true}]}}