{"id":25248,"date":"2018-10-10T13:22:56","date_gmt":"2018-10-10T10:22:56","guid":{"rendered":"http:\/\/www.bbyhaber.com\/bby\/?p=25248"},"modified":"2018-11-29T13:15:04","modified_gmt":"2018-11-29T10:15:04","slug":"gelecegin-kutuphane-ve-muzeleri-kam18-kongresi-ve-fuarinda-sekillenecek","status":"publish","type":"post","link":"https:\/\/www.bbyhaber.com\/bby\/2018\/10\/10\/gelecegin-kutuphane-ve-muzeleri-kam18-kongresi-ve-fuarinda-sekillenecek","title":{"rendered":"Gelece\u011fin k\u00fct\u00fcphane ve m\u00fczeleri KAM\u201918 Kongresi ve Fuar\u0131nda \u015fekillenecek\u2026"},"content":{"rendered":"<p>K\u00fct\u00fcphane, ar\u015fiv ve m\u00fczelerde bulunan k\u00fclt\u00fcrel miras\u0131n korunmas\u0131, gelecek nesillere aktar\u0131lmas\u0131 ve bu alanda \u00e7a\u011fda\u015f bilgi ve teknolojilerin aktif kullan\u0131lmas\u0131 amac\u0131yla T.C. K\u00fclt\u00fcr ve Turizm Bakanl\u0131\u011f\u0131n\u0131n \u00f6nc\u00fcl\u00fc\u011f\u00fc ve himayelerinde 4 y\u0131ld\u0131r ger\u00e7ekle\u015fen <a href=\"http:\/\/www.bbyhaber.com\/bby\/tag\/kam-calistayi\" target=\"_blank\" rel=\"noopener\">KAM \u00c7al\u0131\u015ftay\u0131<\/a>, yaratt\u0131\u011f\u0131 sinerji ve birikimini geni\u015f bir platforma ta\u015f\u0131yarak yoluna uluslararas\u0131 kat\u0131l\u0131ml\u0131 bir kongre ve fuar olarak devam edecek. <a href=\"https:\/\/kam18.org\/\" target=\"_blank\" rel=\"noopener\">K\u00fct\u00fcphane, Ar\u015fiv ve M\u00fcze Y\u00f6neticileri Kongresi ve Fuar\u0131 (KAM\u201918 Kongresi ve Fuar\u0131)<\/a>, <span style=\"color: #ff0000;\"><strong>29 Kas\u0131m \u2013 1 Aral\u0131k 2018 tarihleri aras\u0131nda Antalya Maritim Pine Beach Resort Belek<\/strong><\/span>\u2019te k\u00fct\u00fcphane, ar\u015fiv ve m\u00fczecilik alanlar\u0131ndaki t\u00fcm profesyonellerini bulu\u015fturacak.<!--more--><\/p>\n<p><a href=\"http:\/\/markaworld.com\/wp-content\/uploads\/2018\/07\/kam18_3.jpg\" rel=\"attachment wp-att-46943\"><img loading=\"lazy\" decoding=\"async\" class=\"alignnone wp-image-46943\" src=\"http:\/\/markaworld.com\/wp-content\/uploads\/2018\/07\/kam18_3.jpg\" sizes=\"(max-width: 900px) 100vw, 900px\" srcset=\"http:\/\/markaworld.com\/wp-content\/uploads\/2018\/07\/kam18_3-300x169.jpg 300w, http:\/\/markaworld.com\/wp-content\/uploads\/2018\/07\/kam18_3.jpg 900w\" alt=\"kam18_3\" width=\"366\" height=\"206\" \/><\/a><\/p>\n<p>T.C. K\u00fclt\u00fcr ve Turizm Bakanl\u0131\u011f\u0131\u2019n\u0131n deste\u011fi ve k\u00fclt\u00fcrel miras\u0131m\u0131z\u0131n tan\u0131t\u0131m\u0131na katk\u0131 sa\u011flama motivasyonu ile hayata ge\u00e7en KAM\u201918 Kongresi ve Fuar\u0131, T.C. Ba\u015fbakanl\u0131k Devlet Ar\u015fivleri Genel M\u00fcd\u00fcrl\u00fc\u011f\u00fc, Y\u00fcksek \u00d6\u011fretim Kurumu, T.C. Ba\u015fbakanl\u0131k Atat\u00fcrk K\u00fclt\u00fcr, Dil ve Tarih Y\u00fcksek Kurumu (T\u00fcrk Tarih Kurumu) ve T\u00fcrkiye Cumhuriyeti Ba\u015fbakanl\u0131k Tan\u0131tma Fonu\u2019nun i\u015fbirli\u011fi ile ger\u00e7ekle\u015fecek.<\/p>\n<p>Ekspot\u00fcrk\u2019\u00fcn organizasyonu ile yap\u0131lan ve i\u00e7eri\u011fi geni\u015fletilen KAM\u201918, k\u00fclt\u00fcrel miraslar\u0131m\u0131z\u0131n korunmas\u0131, geli\u015ftirilmesi ve tan\u0131t\u0131m\u0131 konusunda etkin bir rol oynamay\u0131 hedefliyor. \u00c7a\u011fda\u015f bilgi ve teknolojilerin etkin kullan\u0131m\u0131, ileti\u015fim teknolojileri, restorasyon, konservasyon gibi i\u00e7eriklerin sunum ve payla\u015f\u0131m\u0131, yeni hizmet modelleri ve yeni standartlar\u0131n geli\u015ftirilmesi, vizyoner binalar ve ekipmanlar gibi konular\u0131n g\u00fcndeme gelece\u011fi KAM\u201918\u2019de t\u00fcm k\u00fct\u00fcphane, ar\u015fiv ve m\u00fcze y\u00f6netici ve uzmanlar\u0131 ile bu konularda Ar-Ge, teknoloji ve hizmet sekt\u00f6r profesyonelleri biraraya gelecek.<\/p>\n<p><a href=\"http:\/\/markaworld.com\/wp-content\/uploads\/2018\/07\/kam18_2.jpg\" rel=\"attachment wp-att-46944\"><img loading=\"lazy\" decoding=\"async\" class=\"alignnone wp-image-46944\" src=\"http:\/\/markaworld.com\/wp-content\/uploads\/2018\/07\/kam18_2.jpg\" sizes=\"(max-width: 900px) 100vw, 900px\" srcset=\"http:\/\/markaworld.com\/wp-content\/uploads\/2018\/07\/kam18_2-300x214.jpg 300w, http:\/\/markaworld.com\/wp-content\/uploads\/2018\/07\/kam18_2.jpg 900w\" alt=\"kam18_2\" width=\"391\" height=\"279\" \/><\/a><\/p>\n<p>Say\u0131n\u00a0<strong>Cumhurba\u015fkan\u0131 Recep Tayyip Erdo\u011fan<\/strong>\u2019\u0131n \u201c\u0130n\u015fallah yeni bir ad\u0131m,\u00a0<strong>Millet K\u0131raathaneleri\u00a0<\/strong>kuraca\u011f\u0131z. Tamamen kitaplarla dayal\u0131 d\u00f6\u015feli millet k\u0131raathaneleri, toplum hayat\u0131na adeta ruh katacak\u2026\u201d s\u00f6zleri ile a\u00e7\u0131klad\u0131\u011f\u0131 \u2018Millet k\u0131raathaneleri\u2019 projesi de KAM\u201918 Kongresi ve Fuar\u0131n\u0131n \u00f6nemli bir g\u00fcndem maddesi olarak dikkat \u00e7ekecek. Konusunda uzman akademisyenlerin de kat\u0131l\u0131m\u0131 ile \u2018Millet K\u0131raathaneleri\u2019 projesine katk\u0131 sa\u011flanacak ve projenin eski bir gelene\u011fin yeniden canland\u0131r\u0131lmas\u0131 ile birlikte k\u00fclt\u00fcr d\u00fcnyam\u0131za getirece\u011fi yenilikler ve uygulama modelleri bak\u0131m\u0131ndan sa\u011flayaca\u011f\u0131 katk\u0131lar kongrede konu\u015fulacak.<\/p>\n<p><a href=\"http:\/\/markaworld.com\/wp-content\/uploads\/2018\/07\/kam18_5.jpg\" rel=\"attachment wp-att-46941\"><img loading=\"lazy\" decoding=\"async\" class=\"alignnone wp-image-46941\" src=\"http:\/\/markaworld.com\/wp-content\/uploads\/2018\/07\/kam18_5.jpg\" sizes=\"(max-width: 900px) 100vw, 900px\" srcset=\"http:\/\/markaworld.com\/wp-content\/uploads\/2018\/07\/kam18_5-300x169.jpg 300w, http:\/\/markaworld.com\/wp-content\/uploads\/2018\/07\/kam18_5.jpg 900w\" alt=\"kam18_5\" width=\"376\" height=\"212\" \/><\/a><\/p>\n<p>Gelece\u011fin do\u011fru kurulabilmesi i\u00e7in tarih boyunca s\u00fcregelen deneyim ve gelene\u011fin devaml\u0131l\u0131\u011f\u0131n\u0131n \u00f6nemli oldu\u011funu ifade eden\u00a0<strong>Ekspot\u00fcrk Kurucu Orta\u011f\u0131 Feyzullah Akben<\/strong>, \u201cK\u00fclt\u00fcrel kimliklerin kaybolmamas\u0131 ve gelecek nesillere aktar\u0131labilmesi konusunda bug\u00fcne kadar yap\u0131lan hizmetlerin belirlenmesi, sorunlar\u0131n tespiti, korumaya y\u00f6nelik \u00e7e\u015fitli yakla\u015f\u0131mlar\u0131n ve \u00f6nerilerin geli\u015ftirilmesi konular\u0131na odakland\u0131k. KAM\u201918 Kongresi ve Fuar\u0131 ile uluslararas\u0131 arenada T\u00fcrk K\u00fclt\u00fcr Miras\u0131n\u0131n sosyolojik, k\u00fclt\u00fcrel ve ekonomik boyutunun geli\u015ftirilerek yay\u0131lmas\u0131 noktas\u0131nda \u00fczerimize d\u00fc\u015fen g\u00f6revleri yapmaya haz\u0131r\u0131z. Bu nedenle bu alanlarda IoT, eserlerin 3D ar\u015fivlenmesi, sanal k\u00fct\u00fcphane ve m\u00fczecilik gibi yenilik\u00e7i \u00e7\u00f6z\u00fcmlerin g\u00fcndeme gelece\u011fi etkinli\u011fin bu y\u0131lki temas\u0131n\u0131 da \u2018dijital d\u00f6n\u00fc\u015f\u00fcm\u2019 ifadesi ile anlatmak istedik\u201d dedi.<\/p>\n<p><a href=\"http:\/\/markaworld.com\/wp-content\/uploads\/2018\/07\/kam18_4.jpg\" rel=\"attachment wp-att-46942\"><img loading=\"lazy\" decoding=\"async\" class=\"alignnone wp-image-46942\" src=\"http:\/\/markaworld.com\/wp-content\/uploads\/2018\/07\/kam18_4.jpg\" sizes=\"(max-width: 900px) 100vw, 900px\" srcset=\"http:\/\/markaworld.com\/wp-content\/uploads\/2018\/07\/kam18_4-300x225.jpg 300w, http:\/\/markaworld.com\/wp-content\/uploads\/2018\/07\/kam18_4.jpg 900w\" alt=\"kam18_4\" width=\"409\" height=\"307\" \/><\/a><\/p>\n<p>De\u011fer bazl\u0131 etkinlik kurgusu ile KAM\u201918 Kongresi ve Fuar\u0131\u2019na ili\u015fkin tan\u0131t\u0131m ve organizasyon faaliyetlerini s\u00fcrd\u00fcrd\u00fcklerine de\u011finen\u00a0<strong>Ekspot\u00fcrk Genel M\u00fcd\u00fcr\u00fc\u00a0<\/strong><strong>Be\u015fir Kemal \u015eahin<\/strong>\u00a0ise etkinlikle ilgili olarak gerek hedef kitlesi, gerek niteli\u011fi ve gerekse mekan\u0131 ile uluslararas\u0131 standartlar\u0131 dikkate alarak nitelikli bir \u00e7al\u0131\u015fma yapmay\u0131 ama\u00e7lad\u0131klar\u0131n\u0131 s\u00f6yledi.<\/p>\n<p>Yeni fikirler, inovasyon ve Ar-Ge \u00e7al\u0131\u015fmalar\u0131 ile sekt\u00f6rel geli\u015fmelere \u0131\u015f\u0131k tutacak \u00e7ok y\u00f6nl\u00fc bir etkinlik olarak tasarlanan KAM\u201918 Kongresi ve Fuar\u0131\u2019nda, paneller, oturumlar, \u00f6zel sunumlar ve kurslar\u0131n yan\u0131 s\u0131ra k\u00fct\u00fcphane, ar\u015fiv ve m\u00fczecilik konusunda bilgilendirme amac\u0131yla sunum, slayt, film g\u00f6sterimi yap\u0131lacak. Seramik, Heykel, Ebru, \u00c7ini sanat\u0131 gibi \u2018K\u00fclt\u00fcrel Miras\u2019 temal\u0131 workshoplar, \u00f6zg\u00fcn sergiler, sosyal ve k\u00fclt\u00fcrel etkinlikler yer alacak.<\/p>\n","protected":false},"excerpt":{"rendered":"<p>K\u00fct\u00fcphane, ar\u015fiv ve m\u00fczelerde bulunan k\u00fclt\u00fcrel miras\u0131n korunmas\u0131, gelecek nesillere aktar\u0131lmas\u0131 ve bu alanda \u00e7a\u011fda\u015f bilgi ve teknolojilerin aktif kullan\u0131lmas\u0131 amac\u0131yla T.C. K\u00fclt\u00fcr ve Turizm Bakanl\u0131\u011f\u0131n\u0131n \u00f6nc\u00fcl\u00fc\u011f\u00fc ve himayelerinde 4 y\u0131ld\u0131r ger\u00e7ekle\u015fen KAM \u00c7al\u0131\u015ftay\u0131, yaratt\u0131\u011f\u0131 sinerji ve birikimini geni\u015f bir platforma ta\u015f\u0131yarak yoluna uluslararas\u0131 kat\u0131l\u0131ml\u0131 bir kongre ve fuar olarak devam edecek. K\u00fct\u00fcphane, Ar\u015fiv ve [&hellip;]<\/p>\n","protected":false},"author":129,"featured_media":25249,"comment_status":"open","ping_status":"open","sticky":false,"template":"","format":"standard","meta":{"footnotes":""},"categories":[],"tags":[1395,1087],"class_list":["post-25248","post","type-post","status-publish","format-standard","has-post-thumbnail","hentry","tag-bby-mesleki-etkinlikler-arsivi","tag-kam-calistayi"],"_links":{"self":[{"href":"https:\/\/www.bbyhaber.com\/bby\/wp-json\/wp\/v2\/posts\/25248"}],"collection":[{"href":"https:\/\/www.bbyhaber.com\/bby\/wp-json\/wp\/v2\/posts"}],"about":[{"href":"https:\/\/www.bbyhaber.com\/bby\/wp-json\/wp\/v2\/types\/post"}],"author":[{"embeddable":true,"href":"https:\/\/www.bbyhaber.com\/bby\/wp-json\/wp\/v2\/users\/129"}],"replies":[{"embeddable":true,"href":"https:\/\/www.bbyhaber.com\/bby\/wp-json\/wp\/v2\/comments?post=25248"}],"version-history":[{"count":4,"href":"https:\/\/www.bbyhaber.com\/bby\/wp-json\/wp\/v2\/posts\/25248\/revisions"}],"predecessor-version":[{"id":25256,"href":"https:\/\/www.bbyhaber.com\/bby\/wp-json\/wp\/v2\/posts\/25248\/revisions\/25256"}],"wp:featuredmedia":[{"embeddable":true,"href":"https:\/\/www.bbyhaber.com\/bby\/wp-json\/wp\/v2\/media\/25249"}],"wp:attachment":[{"href":"https:\/\/www.bbyhaber.com\/bby\/wp-json\/wp\/v2\/media?parent=25248"}],"wp:term":[{"taxonomy":"category","embeddable":true,"href":"https:\/\/www.bbyhaber.com\/bby\/wp-json\/wp\/v2\/categories?post=25248"},{"taxonomy":"post_tag","embeddable":true,"href":"https:\/\/www.bbyhaber.com\/bby\/wp-json\/wp\/v2\/tags?post=25248"}],"curies":[{"name":"wp","href":"https:\/\/api.w.org\/{rel}","templated":true}]}}