{"id":25227,"date":"2018-10-08T08:58:21","date_gmt":"2018-10-08T05:58:21","guid":{"rendered":"http:\/\/www.bbyhaber.com\/bby\/?p=25227"},"modified":"2018-10-23T09:04:16","modified_gmt":"2018-10-23T06:04:16","slug":"benim-sadik-yarim-sag-elimdir","status":"publish","type":"post","link":"https:\/\/www.bbyhaber.com\/bby\/2018\/10\/08\/benim-sadik-yarim-sag-elimdir","title":{"rendered":"Benim sad\u0131k yarim sa\u011f elimdir! | Cem \u00d6ZEL"},"content":{"rendered":"<p>[avatar user=&#8221;cemozel&#8221; \/]<a href=\"http:\/\/www.bbyhaber.com\/bby\/author\/cemozel\"><br \/>\nCem \u00d6ZEL<\/a><br \/>\n<strong>Kullan\u0131c\u0131 Hizmetleri Y\u00f6neticisi\/Sabanc\u0131 \u00dcniversitesi Bilgi Merkezi<\/strong><\/p>\n<p><a href=\"http:\/\/www.bbyhaber.com\/bby\/wp-content\/uploads\/2018\/10\/benim-sadik-yarim-sag-elimdir.jpg\"><img loading=\"lazy\" decoding=\"async\" class=\"alignleft size-full wp-image-25228\" src=\"http:\/\/www.bbyhaber.com\/bby\/wp-content\/uploads\/2018\/10\/benim-sadik-yarim-sag-elimdir.jpg\" alt=\"\" width=\"390\" height=\"180\" \/><\/a>\u0130yi ho\u015f da hep okuyacak m\u0131y\u0131z?<\/p>\n<p>Ne zaman ata\u011fa ge\u00e7ece\u011fiz?<\/p>\n<p>\u0130\u00e7imizdekileri ne zaman bo\u015faltaca\u011f\u0131z?<\/p>\n<p>Ne zaman belini kavrayaca\u011f\u0131z bir kalemin?<!--more--><\/p>\n<p>Ne zaman \u00e7\u00f6kece\u011fiz bir ka\u011f\u0131d\u0131n \u00fcst\u00fcne?<\/p>\n<p>Kelimelerin bile\u011fini ne zaman b\u00fckece\u011fiz?<\/p>\n<p>Oku oku nereye kadar?<\/p>\n<p>Biraz da \u00fcretsek fena olmaz m\u0131?<\/p>\n<p>Biz de okuduklar\u0131m\u0131z\u0131 harmanlay\u0131p bir \u015feyler yazal\u0131m. \u0130nsan deneyimden olu\u015fmu\u015f bir varl\u0131kt\u0131r bence. Herkesin \u015fu hayatta yeni s\u00f6yleyece\u011fi daha \u00f6nce duymad\u0131\u011f\u0131m\u0131z bir s\u00fcr\u00fc c\u00fcmlesi vard\u0131r. Bu c\u00fcmleleri herkesle payla\u015fmak kan\u0131mca bir etkile\u015fim sa\u011flar. Zaten yazarlar\u0131n da yapt\u0131\u011f\u0131 bu de\u011fil mi?<\/p>\n<p>Ortaokulda kompozisyon derslerinde kapt\u0131rd\u0131m kendimi yazman\u0131n b\u00fcy\u00fcs\u00fcne. G\u00fcnl\u00fck tutmu\u015flu\u011fum da o g\u00fcnlere rastlar. Ki o zaman yazd\u0131klar\u0131m\u0131 okuduklar\u0131mla beslemiyorum. Bu yazma hevesi, \u00fcst\u00fcne bir de okuma a\u015fk\u0131 beni yepyeni bir d\u00fcnyan\u0131n i\u00e7ine att\u0131. O y\u00fczden kendi kendime diyorum ki, benim sad\u0131k yarim sa\u011f elimdir; \u00e7\u00fcnk\u00fc kalemimi hi\u00e7 b\u0131rakm\u0131yor.<\/p>\n","protected":false},"excerpt":{"rendered":"<p>[avatar user=&#8221;cemozel&#8221; \/] Cem \u00d6ZEL Kullan\u0131c\u0131 Hizmetleri Y\u00f6neticisi\/Sabanc\u0131 \u00dcniversitesi Bilgi Merkezi \u0130yi ho\u015f da hep okuyacak m\u0131y\u0131z? Ne zaman ata\u011fa ge\u00e7ece\u011fiz? \u0130\u00e7imizdekileri ne zaman bo\u015faltaca\u011f\u0131z? Ne zaman belini kavrayaca\u011f\u0131z bir kalemin?<\/p>\n","protected":false},"author":143,"featured_media":25228,"comment_status":"open","ping_status":"open","sticky":false,"template":"","format":"standard","meta":{"footnotes":""},"categories":[1478],"tags":[1460],"class_list":["post-25227","post","type-post","status-publish","format-standard","has-post-thumbnail","hentry","category-cem-ozel","tag-kose-yazarlari"],"_links":{"self":[{"href":"https:\/\/www.bbyhaber.com\/bby\/wp-json\/wp\/v2\/posts\/25227"}],"collection":[{"href":"https:\/\/www.bbyhaber.com\/bby\/wp-json\/wp\/v2\/posts"}],"about":[{"href":"https:\/\/www.bbyhaber.com\/bby\/wp-json\/wp\/v2\/types\/post"}],"author":[{"embeddable":true,"href":"https:\/\/www.bbyhaber.com\/bby\/wp-json\/wp\/v2\/users\/143"}],"replies":[{"embeddable":true,"href":"https:\/\/www.bbyhaber.com\/bby\/wp-json\/wp\/v2\/comments?post=25227"}],"version-history":[{"count":2,"href":"https:\/\/www.bbyhaber.com\/bby\/wp-json\/wp\/v2\/posts\/25227\/revisions"}],"predecessor-version":[{"id":25313,"href":"https:\/\/www.bbyhaber.com\/bby\/wp-json\/wp\/v2\/posts\/25227\/revisions\/25313"}],"wp:featuredmedia":[{"embeddable":true,"href":"https:\/\/www.bbyhaber.com\/bby\/wp-json\/wp\/v2\/media\/25228"}],"wp:attachment":[{"href":"https:\/\/www.bbyhaber.com\/bby\/wp-json\/wp\/v2\/media?parent=25227"}],"wp:term":[{"taxonomy":"category","embeddable":true,"href":"https:\/\/www.bbyhaber.com\/bby\/wp-json\/wp\/v2\/categories?post=25227"},{"taxonomy":"post_tag","embeddable":true,"href":"https:\/\/www.bbyhaber.com\/bby\/wp-json\/wp\/v2\/tags?post=25227"}],"curies":[{"name":"wp","href":"https:\/\/api.w.org\/{rel}","templated":true}]}}