{"id":25206,"date":"2018-10-05T02:20:30","date_gmt":"2018-10-04T23:20:30","guid":{"rendered":"http:\/\/www.bbyhaber.com\/bby\/?p=25206"},"modified":"2019-09-06T13:02:01","modified_gmt":"2019-09-06T10:02:01","slug":"ilber-ortaylidan-kitap-aciklamasi","status":"publish","type":"post","link":"https:\/\/www.bbyhaber.com\/bby\/2018\/10\/05\/ilber-ortaylidan-kitap-aciklamasi","title":{"rendered":"\u0130lber Ortayl\u0131&#8217;dan kitap a\u00e7\u0131klamas\u0131"},"content":{"rendered":"<p><a href=\"http:\/\/www.bbyhaber.com\/bby\/wp-content\/uploads\/2018\/10\/ilber-ortaylidan-kitap-aciklamasi.jpg\"><img loading=\"lazy\" decoding=\"async\" class=\"alignleft size-full wp-image-25207\" src=\"http:\/\/www.bbyhaber.com\/bby\/wp-content\/uploads\/2018\/10\/ilber-ortaylidan-kitap-aciklamasi.jpg\" alt=\"\" width=\"390\" height=\"180\" \/><\/a>Prof. Dr.<strong>\u00a0\u0130lber Ortayl<\/strong>\u0131, 2. Band\u0131rma Kitap ve K\u00fclt\u00fcr G\u00fcnleri kapsam\u0131nda d\u00fczenlenen s\u00f6yle\u015fiye kat\u0131ld\u0131. Cumhurba\u015fkanl\u0131\u011f\u0131 K\u00fct\u00fcphanesi&#8217;ne yapt\u0131\u011f\u0131 kitap ba\u011f\u0131\u015f\u0131yla ilgili ele\u015ftirilere yan\u0131t verdi. Ortayl\u0131&#8217;n\u0131n a\u00e7\u0131klamalar\u0131 \u015f\u00f6yle:<!--more--><\/p>\n<p>&#8221;Neden ba\u015fka bir yere vereyim? Yurtd\u0131\u015f\u0131na m\u0131 vereyim? Benim \u00f6yle hizmet\u00e7ilerim, yal\u0131lar\u0131m yok ki saklayabileyim. \u00d6l\u00fcm\u00fcm\u00fc de bekleyemedim.\u00a0T\u00fcrkiye\u2019de k\u00fct\u00fcphanecilik diye de bir \u015fey yok. Ben ya\u015farken t\u00fcm kitaplar\u0131m\u0131 vermek istedim. K\u00fct\u00fcphaneci dedi\u011fimiz derin insanlar de\u011fildir. Y\u00fczeysel bilgileri olmal\u0131d\u0131r. Mesela yabanc\u0131 dil bilmelerine gerek yoktur ama kitaplar\u0131n dillerini bilip y\u00f6nlendirebilmelidir. Bizde b\u00f6yle k\u00fct\u00fcphaneciler vard\u0131. \u015eimdi millet maa\u015f\u0131m\u0131 alay\u0131m diye d\u00fc\u015f\u00fcn\u00fcyor.<\/p>\n<p>Siz oradaki \u00fcniversitelerin halini biliyor musunuz? Ben yurt d\u0131\u015f\u0131ndan bavul bavul kitap al\u0131yorum, ta\u015f\u0131yorum. Bu zahmeti neden vereyim? \u00dcniversiteler sonra bu kitaplar\u0131 atacak.\u00a0Galatasaray\u2019da ayr\u0131 bir k\u00fct\u00fcphane kuruldu. Bir de bakt\u0131k baz\u0131 kitaplar kay\u0131p.<\/p>\n<p>Ben kitaplar\u0131m\u0131 satm\u0131yorum. Sizde kitaplar\u0131n\u0131z\u0131 iyi yerlere verin. \u00dcniversitelerin ve K\u00fclt\u00fcr Bakanl\u0131\u011f\u0131\u2019n\u0131n k\u00fct\u00fcphaneleri k\u00f6t\u00fc. \u0130yi k\u00fct\u00fcphaneci de yok. \u0130sterlerse beni mahkemeye versinler. Kitap toplamak hastal\u0131kt\u0131r. \u0130yi bir hastal\u0131kt\u0131r. \u00dcniversitelerde iyi k\u00fct\u00fcphaneler yok. Verdik, yand\u0131&#8230; Kitap, kitab\u0131 koruyacak yerlere verilir.\u00a0\u0130stanbul\u2019daki k\u00fct\u00fcphaneler iyi de\u011fil.&#8221;<\/p>\n<p><a href=\"https:\/\/vehaber.org\/\" target=\"_blank\" rel=\"noopener\">Kaynak<\/a><\/p>\n","protected":false},"excerpt":{"rendered":"<p>Prof. Dr.\u00a0\u0130lber Ortayl\u0131, 2. Band\u0131rma Kitap ve K\u00fclt\u00fcr G\u00fcnleri kapsam\u0131nda d\u00fczenlenen s\u00f6yle\u015fiye kat\u0131ld\u0131. Cumhurba\u015fkanl\u0131\u011f\u0131 K\u00fct\u00fcphanesi&#8217;ne yapt\u0131\u011f\u0131 kitap ba\u011f\u0131\u015f\u0131yla ilgili ele\u015ftirilere yan\u0131t verdi. Ortayl\u0131&#8217;n\u0131n a\u00e7\u0131klamalar\u0131 \u015f\u00f6yle:<\/p>\n","protected":false},"author":1,"featured_media":25207,"comment_status":"open","ping_status":"open","sticky":false,"template":"","format":"standard","meta":{"footnotes":""},"categories":[1554,1206,1,1597],"tags":[],"class_list":["post-25206","post","type-post","status-publish","format-standard","has-post-thumbnail","hentry","category-cumhurbaskanligi-kutuphanesi-2","category-cumhurbaskanligi-kutuphanesi","category-genel","category-prof-dr-ilber-ortayli"],"_links":{"self":[{"href":"https:\/\/www.bbyhaber.com\/bby\/wp-json\/wp\/v2\/posts\/25206"}],"collection":[{"href":"https:\/\/www.bbyhaber.com\/bby\/wp-json\/wp\/v2\/posts"}],"about":[{"href":"https:\/\/www.bbyhaber.com\/bby\/wp-json\/wp\/v2\/types\/post"}],"author":[{"embeddable":true,"href":"https:\/\/www.bbyhaber.com\/bby\/wp-json\/wp\/v2\/users\/1"}],"replies":[{"embeddable":true,"href":"https:\/\/www.bbyhaber.com\/bby\/wp-json\/wp\/v2\/comments?post=25206"}],"version-history":[{"count":1,"href":"https:\/\/www.bbyhaber.com\/bby\/wp-json\/wp\/v2\/posts\/25206\/revisions"}],"predecessor-version":[{"id":25208,"href":"https:\/\/www.bbyhaber.com\/bby\/wp-json\/wp\/v2\/posts\/25206\/revisions\/25208"}],"wp:featuredmedia":[{"embeddable":true,"href":"https:\/\/www.bbyhaber.com\/bby\/wp-json\/wp\/v2\/media\/25207"}],"wp:attachment":[{"href":"https:\/\/www.bbyhaber.com\/bby\/wp-json\/wp\/v2\/media?parent=25206"}],"wp:term":[{"taxonomy":"category","embeddable":true,"href":"https:\/\/www.bbyhaber.com\/bby\/wp-json\/wp\/v2\/categories?post=25206"},{"taxonomy":"post_tag","embeddable":true,"href":"https:\/\/www.bbyhaber.com\/bby\/wp-json\/wp\/v2\/tags?post=25206"}],"curies":[{"name":"wp","href":"https:\/\/api.w.org\/{rel}","templated":true}]}}