{"id":25203,"date":"2018-10-05T02:10:49","date_gmt":"2018-10-04T23:10:49","guid":{"rendered":"http:\/\/www.bbyhaber.com\/bby\/?p=25203"},"modified":"2018-10-05T02:10:49","modified_gmt":"2018-10-04T23:10:49","slug":"universite-kutuphanesini-fareler-basti","status":"publish","type":"post","link":"https:\/\/www.bbyhaber.com\/bby\/2018\/10\/05\/universite-kutuphanesini-fareler-basti","title":{"rendered":"\u00dcniversite K\u00fct\u00fcphanesini Fareler Bast\u0131"},"content":{"rendered":"<p><a href=\"http:\/\/www.bbyhaber.com\/bby\/wp-content\/uploads\/2018\/10\/stuttgart-universite-kutuphanesini-fareler-basti.jpg\"><img loading=\"lazy\" decoding=\"async\" class=\"alignleft size-full wp-image-25204\" src=\"http:\/\/www.bbyhaber.com\/bby\/wp-content\/uploads\/2018\/10\/stuttgart-universite-kutuphanesini-fareler-basti.jpg\" alt=\"\" width=\"390\" height=\"180\" \/><\/a>Almanya&#8217;da Stuttgart \u00dcniversite K\u00fct\u00fcphanesi farelerin taarruzuna u\u011frad\u0131. La\u011f\u0131m fareleri, <strong>7 bin 800 cildi hasara u\u011fratt\u0131<\/strong>. Fare d\u0131\u015fk\u0131s\u0131 y\u00fcz\u00fcnden zarar g\u00f6ren <strong>200 metre raf yenilenmek zorunda kald\u0131<\/strong>. <strong>Maddi hasar\u0131n ise 200 bin euro oldu\u011fu a\u00e7\u0131klan<\/strong>d\u0131. Farelerin ocak ay\u0131nda kanalizasyondan k\u00fct\u00fcphaneye s\u0131zd\u0131\u011f\u0131 san\u0131l\u0131yor.<!--more--><\/p>\n<p>Zarara u\u011frayan kitaplar\u0131n 1960-1980 y\u0131llar\u0131 aras\u0131nda yay\u0131mlanan sosyal, ekonomik ve hukuk bilimleri \u00fczerine kitaplar oldu\u011fu a\u00e7\u0131kland\u0131. Farelerle m\u00fccadele uzmanlar\u0131n\u0131n sorunu giderdi\u011fi, nisan ay\u0131ndan beri herhangi bir fare sald\u0131r\u0131s\u0131 ya\u015fanmad\u0131\u011f\u0131 kaydedildi. Ancak k\u00fct\u00fcphane binas\u0131n\u0131n restarosyana ihtiyac\u0131 oldu\u011fu, bu nedenle gelecekte b\u00f6yle bir olay\u0131n ya\u015fanmayaca\u011f\u0131na g\u00fcvence verilemedi\u011fi belirtildi.<\/p>\n<p><a href=\"http:\/\/www.hurriyet.com.tr\/\" target=\"_blank\" rel=\"noopener\">Kaynak<\/a><\/p>\n","protected":false},"excerpt":{"rendered":"<p>Almanya&#8217;da Stuttgart \u00dcniversite K\u00fct\u00fcphanesi farelerin taarruzuna u\u011frad\u0131. La\u011f\u0131m fareleri, 7 bin 800 cildi hasara u\u011fratt\u0131. Fare d\u0131\u015fk\u0131s\u0131 y\u00fcz\u00fcnden zarar g\u00f6ren 200 metre raf yenilenmek zorunda kald\u0131. Maddi hasar\u0131n ise 200 bin euro oldu\u011fu a\u00e7\u0131kland\u0131. Farelerin ocak ay\u0131nda kanalizasyondan k\u00fct\u00fcphaneye s\u0131zd\u0131\u011f\u0131 san\u0131l\u0131yor.<\/p>\n","protected":false},"author":1,"featured_media":25204,"comment_status":"open","ping_status":"open","sticky":false,"template":"","format":"standard","meta":{"footnotes":""},"categories":[],"tags":[1410],"class_list":["post-25203","post","type-post","status-publish","format-standard","has-post-thumbnail","hentry","tag-uluslararasi-kutuphane-haberleri"],"_links":{"self":[{"href":"https:\/\/www.bbyhaber.com\/bby\/wp-json\/wp\/v2\/posts\/25203"}],"collection":[{"href":"https:\/\/www.bbyhaber.com\/bby\/wp-json\/wp\/v2\/posts"}],"about":[{"href":"https:\/\/www.bbyhaber.com\/bby\/wp-json\/wp\/v2\/types\/post"}],"author":[{"embeddable":true,"href":"https:\/\/www.bbyhaber.com\/bby\/wp-json\/wp\/v2\/users\/1"}],"replies":[{"embeddable":true,"href":"https:\/\/www.bbyhaber.com\/bby\/wp-json\/wp\/v2\/comments?post=25203"}],"version-history":[{"count":1,"href":"https:\/\/www.bbyhaber.com\/bby\/wp-json\/wp\/v2\/posts\/25203\/revisions"}],"predecessor-version":[{"id":25205,"href":"https:\/\/www.bbyhaber.com\/bby\/wp-json\/wp\/v2\/posts\/25203\/revisions\/25205"}],"wp:featuredmedia":[{"embeddable":true,"href":"https:\/\/www.bbyhaber.com\/bby\/wp-json\/wp\/v2\/media\/25204"}],"wp:attachment":[{"href":"https:\/\/www.bbyhaber.com\/bby\/wp-json\/wp\/v2\/media?parent=25203"}],"wp:term":[{"taxonomy":"category","embeddable":true,"href":"https:\/\/www.bbyhaber.com\/bby\/wp-json\/wp\/v2\/categories?post=25203"},{"taxonomy":"post_tag","embeddable":true,"href":"https:\/\/www.bbyhaber.com\/bby\/wp-json\/wp\/v2\/tags?post=25203"}],"curies":[{"name":"wp","href":"https:\/\/api.w.org\/{rel}","templated":true}]}}