{"id":25200,"date":"2018-10-05T02:08:07","date_gmt":"2018-10-04T23:08:07","guid":{"rendered":"http:\/\/www.bbyhaber.com\/bby\/?p=25200"},"modified":"2018-10-05T02:08:07","modified_gmt":"2018-10-04T23:08:07","slug":"pauye-yeni-kutuphane-projesi","status":"publish","type":"post","link":"https:\/\/www.bbyhaber.com\/bby\/2018\/10\/05\/pauye-yeni-kutuphane-projesi","title":{"rendered":"PA\u00dc&#8217;ye yeni k\u00fct\u00fcphane projesi"},"content":{"rendered":"<p><strong><a href=\"http:\/\/www.bbyhaber.com\/bby\/wp-content\/uploads\/2018\/10\/pau-yeni-kutuphane.jpg\"><img loading=\"lazy\" decoding=\"async\" class=\"alignleft size-full wp-image-25201\" src=\"http:\/\/www.bbyhaber.com\/bby\/wp-content\/uploads\/2018\/10\/pau-yeni-kutuphane.jpg\" alt=\"\" width=\"390\" height=\"180\" \/><\/a>\u201cG\u00dcZEL B\u0130R K\u00dcT\u00dcPHANE KAZANDIRMAMIZ GEREK\u0130YOR\u201d<\/strong><br \/>\nYeni d\u00f6nemde PA\u00dc\u2019de hayata ge\u00e7irilmesi planlanan projeler hakk\u0131nda da konu\u015fan Prof. Dr. H\u00fcseyin Ba\u011f, \u201cBen daha \u00f6nce yapt\u0131klar\u0131m\u0131zdan bahsetmek istiyorum. \u015eimdi 61 bin \u00f6\u011frencimiz var ama \u00fcniversitemizin maalesef k\u00fct\u00fcphanesi yok. Geldi\u011fimde \u00e7ok k\u00fc\u00e7\u00fck bir mekan vard\u0131. \u00d6\u011frenciler i\u00e7in yeterli de\u011fildi. \u00d6\u011frencinin \u00e7ok da u\u011frad\u0131\u011f\u0131 bir yer de\u011fildi. Bizim ilk yapt\u0131\u011f\u0131m\u0131z projelerin ba\u015f\u0131nda k\u00fct\u00fcphane gelir. Rekt\u00f6rl\u00fck giri\u015f kat\u0131n\u0131 tamamen bo\u015faltarak \u00f6\u011frencilere verdim. Hepsini yeniden d\u00fczenleyerek \u00e7ok g\u00fczel bir ortam haz\u0131rlad\u0131k. K\u00fct\u00fcphaneyi 24 saat a\u00e7\u0131k hale getirdik. Sadece kendi \u00f6\u011frencilerimize de\u011fil, \u015fehrimizden de hem \u00fcniversiteye haz\u0131rlanan \u00f6\u011frencilerimize hem de \u00fcniversiteyi bitirmi\u015f s\u0131navlara haz\u0131rlanan \u00f6\u011frencilerimizin kulland\u0131\u011f\u0131 bir mekan olu\u015ftu. G\u00fcvenli bir \u015fekilde giri\u015f-\u00e7\u0131k\u0131\u015f\u0131 sa\u011fl\u0131yoruz. Bu d\u00f6nemde de ayn\u0131 \u015fekilde hizmet vermeye devam edece\u011fiz.<\/p>\n<p><strong>Esas olan k\u00fct\u00fcphane i\u00e7in ayr\u0131 bir bina ile hizmet vermek i\u00e7in projemizi haz\u0131rlad\u0131k.<\/strong> Devlet deste\u011fi, hay\u0131rseverlerimizin de deste\u011fiyle hem \u00fcniversitemize, hem de \u015fehrimize g\u00fczel bir k\u00fct\u00fcphane kazand\u0131rmam\u0131z gerekiyor\u201d dedi.<\/p>\n<p><strong>\u201cD\u0130J\u0130TAL ORTAMDAK\u0130 KAYNAKLARA A\u011eIRLIK VER\u0130YORUZ\u201d<\/strong><br \/>\nMevcut k\u00fct\u00fcphanenin kitap say\u0131s\u0131nda art\u0131\u015f sa\u011flad\u0131klar\u0131n\u0131 s\u00f6yleyen Prof. Dr. Ba\u011f, \u201c\u0130stedi\u011fimiz kadar kitab\u0131 alsak onu koyacak yerimiz yok. \u015euanda kitap say\u0131s\u0131 80 bini a\u015ft\u0131. Kitap al\u0131mlar\u0131na a\u011f\u0131rl\u0131k vermiyorum. Daha \u00e7ok dijital ortamdaki kaynaklara a\u011f\u0131rl\u0131k veriyoruz. Ama esas olan o kitaplar\u0131 rafa koymak ve \u00f6\u011frencilerin kullan\u0131m\u0131na sunmakt\u0131r. Teknoloji ne kadar geli\u015firse geli\u015fsin onu kitaptan okumak bizim de yeti\u015fme d\u00f6nemimizde tercih etti\u011fimiz klasik bir y\u00f6ntem. Ama biz bunun etkinli\u011fini hala g\u00f6r\u00fcyoruz. \u00d6\u011frencimiz kaynaklar\u0131 \u00e7ok etkin bir \u015fekilde kullan\u0131yor\u201d diye konu\u015ftu.<\/p>\n<p><a href=\"https:\/\/www.denizligazetesi.com\/\" target=\"_blank\" rel=\"noopener\">Kaynak<\/a><\/p>\n","protected":false},"excerpt":{"rendered":"<p>\u201cG\u00dcZEL B\u0130R K\u00dcT\u00dcPHANE KAZANDIRMAMIZ GEREK\u0130YOR\u201d Yeni d\u00f6nemde PA\u00dc\u2019de hayata ge\u00e7irilmesi planlanan projeler hakk\u0131nda da konu\u015fan Prof. Dr. H\u00fcseyin Ba\u011f, \u201cBen daha \u00f6nce yapt\u0131klar\u0131m\u0131zdan bahsetmek istiyorum. \u015eimdi 61 bin \u00f6\u011frencimiz var ama \u00fcniversitemizin maalesef k\u00fct\u00fcphanesi yok. Geldi\u011fimde \u00e7ok k\u00fc\u00e7\u00fck bir mekan vard\u0131. \u00d6\u011frenciler i\u00e7in yeterli de\u011fildi. \u00d6\u011frencinin \u00e7ok da u\u011frad\u0131\u011f\u0131 bir yer de\u011fildi. Bizim ilk yapt\u0131\u011f\u0131m\u0131z [&hellip;]<\/p>\n","protected":false},"author":1,"featured_media":25201,"comment_status":"open","ping_status":"open","sticky":false,"template":"","format":"standard","meta":{"footnotes":""},"categories":[],"tags":[1437],"class_list":["post-25200","post","type-post","status-publish","format-standard","has-post-thumbnail","hentry","tag-univ-arastirma-kutuphaneleri"],"_links":{"self":[{"href":"https:\/\/www.bbyhaber.com\/bby\/wp-json\/wp\/v2\/posts\/25200"}],"collection":[{"href":"https:\/\/www.bbyhaber.com\/bby\/wp-json\/wp\/v2\/posts"}],"about":[{"href":"https:\/\/www.bbyhaber.com\/bby\/wp-json\/wp\/v2\/types\/post"}],"author":[{"embeddable":true,"href":"https:\/\/www.bbyhaber.com\/bby\/wp-json\/wp\/v2\/users\/1"}],"replies":[{"embeddable":true,"href":"https:\/\/www.bbyhaber.com\/bby\/wp-json\/wp\/v2\/comments?post=25200"}],"version-history":[{"count":1,"href":"https:\/\/www.bbyhaber.com\/bby\/wp-json\/wp\/v2\/posts\/25200\/revisions"}],"predecessor-version":[{"id":25202,"href":"https:\/\/www.bbyhaber.com\/bby\/wp-json\/wp\/v2\/posts\/25200\/revisions\/25202"}],"wp:featuredmedia":[{"embeddable":true,"href":"https:\/\/www.bbyhaber.com\/bby\/wp-json\/wp\/v2\/media\/25201"}],"wp:attachment":[{"href":"https:\/\/www.bbyhaber.com\/bby\/wp-json\/wp\/v2\/media?parent=25200"}],"wp:term":[{"taxonomy":"category","embeddable":true,"href":"https:\/\/www.bbyhaber.com\/bby\/wp-json\/wp\/v2\/categories?post=25200"},{"taxonomy":"post_tag","embeddable":true,"href":"https:\/\/www.bbyhaber.com\/bby\/wp-json\/wp\/v2\/tags?post=25200"}],"curies":[{"name":"wp","href":"https:\/\/api.w.org\/{rel}","templated":true}]}}