{"id":25192,"date":"2018-10-05T02:00:20","date_gmt":"2018-10-04T23:00:20","guid":{"rendered":"http:\/\/www.bbyhaber.com\/bby\/?p=25192"},"modified":"2018-10-23T09:06:24","modified_gmt":"2018-10-23T06:06:24","slug":"iki-bacak-arasi-mesafesinde","status":"publish","type":"post","link":"https:\/\/www.bbyhaber.com\/bby\/2018\/10\/05\/iki-bacak-arasi-mesafesinde","title":{"rendered":"\u0130ki bacak aras\u0131 mesafesinde | Cem \u00d6ZEL"},"content":{"rendered":"<p>[avatar user=&#8221;cemozel&#8221; \/]<a href=\"http:\/\/www.bbyhaber.com\/bby\/author\/cemozel\"><br \/>\nCem \u00d6ZEL<\/a><br \/>\n<strong>Kullan\u0131c\u0131 Hizmetleri Y\u00f6neticisi\/Sabanc\u0131 \u00dcniversitesi Bilgi Merkezi<\/strong><\/p>\n<p><a href=\"http:\/\/www.bbyhaber.com\/bby\/wp-content\/uploads\/2018\/10\/cem-yazi.jpg\"><img loading=\"lazy\" decoding=\"async\" class=\"alignleft size-full wp-image-25195\" src=\"http:\/\/www.bbyhaber.com\/bby\/wp-content\/uploads\/2018\/10\/cem-yazi.jpg\" alt=\"\" width=\"390\" height=\"180\" \/><\/a>Bu aralar hi\u00e7 kitap okuyam\u0131yorum. Havalardan m\u0131 desem, tam kitap okuma zaman\u0131. Sonbahar sendromu desem, Eyl\u00fcl ay\u0131n\u0131n bitmesiyle o da bitti. E derdim ne o zaman benim. Okunacak o kadar g\u00fczel kitaplar \u00f6d\u00fcn\u00e7 ald\u0131m ki Bilgi Merkezi&#8217;nden; ama hi\u00e7 i\u015ftah\u0131m yok. Bi&#8217; kitap doktoru olsa da gidip kendime kitap okumaya yarayacak bir i\u015ftah \u015furubu yazd\u0131rsam.\u00a0<!--more-->Belki de kendime nazar ettim. \u0130nsanlar\u0131n kitap okumadan nas\u0131l ya\u015fayabileceklerini kendime dert ederken, gittim o derdin i\u00e7ine d\u00fc\u015ft\u00fcm.<\/p>\n<p>Bug\u00fcn \u00dcNAK sempozyumuna gittim. Gitme a\u015famas\u0131nda o kadar \u00e7ok zaman harcayacakt\u0131m ki yolda; ama maalesef elime bir kitap al\u0131p, belime takmak, hi\u00e7 i\u00e7imden gelmedi. \u00dcstelik bu yolun bir de d\u00f6n\u00fc\u015f\u00fc oldu\u011fu gibi ayn\u0131 s\u00fcreci iki g\u00fcn daha ya\u015fayaca\u011f\u0131m. Yani inan\u0131lmaz bir kitap okuma s\u00fcrecini heba ettim, edece\u011fim. Psikolojim bozuldu. Resmen su\u00e7luluk hissi duyuyorum. Umar\u0131m yar\u0131n sabah kalkt\u0131\u011f\u0131mda ilk i\u015fim, raflar\u0131n kar\u015f\u0131s\u0131na ge\u00e7ip g\u00fczel bir kitap se\u00e7mek olur.<\/p>\n<p>Kitap okuma arzumu azd\u0131rmak i\u00e7in yeni yollar ar\u0131yorum. Kitap okuma konusunda kendime farkl\u0131 \u00f6l\u00e7ekler bulmal\u0131y\u0131m. \u0130svi\u00e7reli bilim insanlar\u0131ndan destek istesem bu halime ac\u0131y\u0131p yard\u0131m ederler mi acaba?<\/p>\n<p>\u0130nsan ne ararsa kendinde aramal\u0131. Bi&#8217; be\u015f dakika d\u00fc\u015f\u00fcneyim de, belki akl\u0131ma bir \u015feyler gelir.<\/p>\n<p>&#8230;&#8230;&#8230;<\/p>\n<p>[5 dakika doldu]<\/p>\n<p>Galiba buldum. Kendime yeni bir \u00f6l\u00e7ek buldum. Kitap okuma \u00f6l\u00e7e\u011fi. Buldu\u011fum \u00e7\u00f6z\u00fcm\u00fc \u015f\u00f6yle izah edeyim: Her ay, bacaklar\u0131m\u0131 a\u00e7\u0131p iki bacak aramdaki geni\u015fli\u011fe ka\u00e7 kitap s\u0131\u011fd\u0131rabiliyorsam o kadar kitap okuyaca\u011f\u0131m. Biliyorum \u00e7ok iddial\u0131 bir hedef; ama denemeye de\u011fer. Tutarsa \u015fayet, kitap okuma literat\u00fcr\u00fcne, bu &#8220;Bacak Aras\u0131 Kitaplar\u0131&#8221;n\u0131 sokaca\u011f\u0131m.<\/p>\n<p>Bir g\u00fcn bacak aramdan medet umaca\u011f\u0131m hi\u00e7 akl\u0131ma gelmezdi. Ey Allah\u0131m sen nelere kadirsin.<\/p>\n","protected":false},"excerpt":{"rendered":"<p>[avatar user=&#8221;cemozel&#8221; \/] Cem \u00d6ZEL Kullan\u0131c\u0131 Hizmetleri Y\u00f6neticisi\/Sabanc\u0131 \u00dcniversitesi Bilgi Merkezi Bu aralar hi\u00e7 kitap okuyam\u0131yorum. Havalardan m\u0131 desem, tam kitap okuma zaman\u0131. Sonbahar sendromu desem, Eyl\u00fcl ay\u0131n\u0131n bitmesiyle o da bitti. E derdim ne o zaman benim. Okunacak o kadar g\u00fczel kitaplar \u00f6d\u00fcn\u00e7 ald\u0131m ki Bilgi Merkezi&#8217;nden; ama hi\u00e7 i\u015ftah\u0131m yok. Bi&#8217; kitap doktoru [&hellip;]<\/p>\n","protected":false},"author":143,"featured_media":25195,"comment_status":"open","ping_status":"open","sticky":false,"template":"","format":"standard","meta":{"footnotes":""},"categories":[1478],"tags":[1460],"class_list":["post-25192","post","type-post","status-publish","format-standard","has-post-thumbnail","hentry","category-cem-ozel","tag-kose-yazarlari"],"_links":{"self":[{"href":"https:\/\/www.bbyhaber.com\/bby\/wp-json\/wp\/v2\/posts\/25192"}],"collection":[{"href":"https:\/\/www.bbyhaber.com\/bby\/wp-json\/wp\/v2\/posts"}],"about":[{"href":"https:\/\/www.bbyhaber.com\/bby\/wp-json\/wp\/v2\/types\/post"}],"author":[{"embeddable":true,"href":"https:\/\/www.bbyhaber.com\/bby\/wp-json\/wp\/v2\/users\/143"}],"replies":[{"embeddable":true,"href":"https:\/\/www.bbyhaber.com\/bby\/wp-json\/wp\/v2\/comments?post=25192"}],"version-history":[{"count":2,"href":"https:\/\/www.bbyhaber.com\/bby\/wp-json\/wp\/v2\/posts\/25192\/revisions"}],"predecessor-version":[{"id":25316,"href":"https:\/\/www.bbyhaber.com\/bby\/wp-json\/wp\/v2\/posts\/25192\/revisions\/25316"}],"wp:featuredmedia":[{"embeddable":true,"href":"https:\/\/www.bbyhaber.com\/bby\/wp-json\/wp\/v2\/media\/25195"}],"wp:attachment":[{"href":"https:\/\/www.bbyhaber.com\/bby\/wp-json\/wp\/v2\/media?parent=25192"}],"wp:term":[{"taxonomy":"category","embeddable":true,"href":"https:\/\/www.bbyhaber.com\/bby\/wp-json\/wp\/v2\/categories?post=25192"},{"taxonomy":"post_tag","embeddable":true,"href":"https:\/\/www.bbyhaber.com\/bby\/wp-json\/wp\/v2\/tags?post=25192"}],"curies":[{"name":"wp","href":"https:\/\/api.w.org\/{rel}","templated":true}]}}