{"id":25188,"date":"2018-10-03T15:52:47","date_gmt":"2018-10-03T12:52:47","guid":{"rendered":"http:\/\/www.bbyhaber.com\/bby\/?p=25188"},"modified":"2018-10-03T15:53:03","modified_gmt":"2018-10-03T12:53:03","slug":"tkd-ankara-subesiden-ankaradaki-bby-bolum-ogrencilerine-burs","status":"publish","type":"post","link":"https:\/\/www.bbyhaber.com\/bby\/2018\/10\/03\/tkd-ankara-subesiden-ankaradaki-bby-bolum-ogrencilerine-burs","title":{"rendered":"TKD Ankara \u015eubesi&#8217;den Ankara&#8217;daki BBY B\u00f6l\u00fcm \u00f6\u011frencilerine burs"},"content":{"rendered":"<p><strong><a href=\"http:\/\/www.bbyhaber.com\/bby\/wp-content\/uploads\/2018\/10\/tkd-ankara-burs.jpg\"><img loading=\"lazy\" decoding=\"async\" class=\"alignleft size-full wp-image-25189\" src=\"http:\/\/www.bbyhaber.com\/bby\/wp-content\/uploads\/2018\/10\/tkd-ankara-burs.jpg\" alt=\"\" width=\"390\" height=\"180\" \/><\/a>T\u00fcrk K\u00fct\u00fcphaneciler Derne\u011fi Ankara \u015eubesi<\/strong>, Ankara&#8217;daki\u00a0<strong>Bilgi ve Belge Y\u00f6netimi B\u00f6l\u00fcm<\/strong>&#8216;lerinde okuyan \u00f6\u011frencilere burs verece\u011fini a\u00e7\u0131klad\u0131. &#8220;<strong>Bilgi ve Belge Y\u00f6netimi \u00f6\u011frencilerine 2018-2019 d\u00f6nemi destek bursu<\/strong>&#8221; ad\u0131 ile \u00e7al\u0131\u015fmalar\u0131n\u0131 ba\u015flatt\u0131klar\u0131n\u0131 ve \u00e7al\u0131\u015fman\u0131n kapsam\u0131nda \u015eube b\u00fct\u00e7esinin k\u0131s\u0131tl\u0131 olmas\u0131 ve s\u00fcrd\u00fcrebilirli\u011fi sa\u011flayabilmek ad\u0131na y\u00fcr\u00fct\u00fclen sponsorluk aray\u0131\u015flar\u0131 sonucunda, mesleki sekt\u00f6rde faaliyet g\u00f6steren bir firma arac\u0131l\u0131\u011f\u0131 ile <strong>3 \u00f6\u011frenci<\/strong> arkada\u015f\u0131m\u0131za destek bursu verilece\u011fi belirtildi.<!--more--><\/p>\n<p>Destek bursunun, <strong>Ankara, Hacettepe ve Y\u0131ld\u0131r\u0131m Beyaz\u0131t \u00dcniversitesi Bilgi ve Belge Y\u00f6netimi B\u00f6l\u00fcm\u00fc \u00f6\u011frencilerinden<\/strong> birer ki\u015fiye sa\u011flanaca\u011f\u0131 a\u00e7\u0131kland\u0131.<\/p>\n<p>Destek bursu i\u00e7in <strong>detayl\u0131 bilgi ve ba\u015fvuru \u015fartlar\u0131n\u0131n B\u00f6l\u00fcm Ba\u015fkanl\u0131klar\u0131&#8217;<\/strong>na iletilece\u011fi s\u00f6ylendi.<\/p>\n","protected":false},"excerpt":{"rendered":"<p>T\u00fcrk K\u00fct\u00fcphaneciler Derne\u011fi Ankara \u015eubesi, Ankara&#8217;daki\u00a0Bilgi ve Belge Y\u00f6netimi B\u00f6l\u00fcm&#8216;lerinde okuyan \u00f6\u011frencilere burs verece\u011fini a\u00e7\u0131klad\u0131. &#8220;Bilgi ve Belge Y\u00f6netimi \u00f6\u011frencilerine 2018-2019 d\u00f6nemi destek bursu&#8221; ad\u0131 ile \u00e7al\u0131\u015fmalar\u0131n\u0131 ba\u015flatt\u0131klar\u0131n\u0131 ve \u00e7al\u0131\u015fman\u0131n kapsam\u0131nda \u015eube b\u00fct\u00e7esinin k\u0131s\u0131tl\u0131 olmas\u0131 ve s\u00fcrd\u00fcrebilirli\u011fi sa\u011flayabilmek ad\u0131na y\u00fcr\u00fct\u00fclen sponsorluk aray\u0131\u015flar\u0131 sonucunda, mesleki sekt\u00f6rde faaliyet g\u00f6steren bir firma arac\u0131l\u0131\u011f\u0131 ile 3 \u00f6\u011frenci arkada\u015f\u0131m\u0131za destek [&hellip;]<\/p>\n","protected":false},"author":1,"featured_media":25189,"comment_status":"open","ping_status":"open","sticky":false,"template":"","format":"standard","meta":{"footnotes":""},"categories":[],"tags":[1421,1052],"class_list":["post-25188","post","type-post","status-publish","format-standard","has-post-thumbnail","hentry","tag-tkd-ankara","tag-unak-bursu"],"_links":{"self":[{"href":"https:\/\/www.bbyhaber.com\/bby\/wp-json\/wp\/v2\/posts\/25188"}],"collection":[{"href":"https:\/\/www.bbyhaber.com\/bby\/wp-json\/wp\/v2\/posts"}],"about":[{"href":"https:\/\/www.bbyhaber.com\/bby\/wp-json\/wp\/v2\/types\/post"}],"author":[{"embeddable":true,"href":"https:\/\/www.bbyhaber.com\/bby\/wp-json\/wp\/v2\/users\/1"}],"replies":[{"embeddable":true,"href":"https:\/\/www.bbyhaber.com\/bby\/wp-json\/wp\/v2\/comments?post=25188"}],"version-history":[{"count":2,"href":"https:\/\/www.bbyhaber.com\/bby\/wp-json\/wp\/v2\/posts\/25188\/revisions"}],"predecessor-version":[{"id":25191,"href":"https:\/\/www.bbyhaber.com\/bby\/wp-json\/wp\/v2\/posts\/25188\/revisions\/25191"}],"wp:featuredmedia":[{"embeddable":true,"href":"https:\/\/www.bbyhaber.com\/bby\/wp-json\/wp\/v2\/media\/25189"}],"wp:attachment":[{"href":"https:\/\/www.bbyhaber.com\/bby\/wp-json\/wp\/v2\/media?parent=25188"}],"wp:term":[{"taxonomy":"category","embeddable":true,"href":"https:\/\/www.bbyhaber.com\/bby\/wp-json\/wp\/v2\/categories?post=25188"},{"taxonomy":"post_tag","embeddable":true,"href":"https:\/\/www.bbyhaber.com\/bby\/wp-json\/wp\/v2\/tags?post=25188"}],"curies":[{"name":"wp","href":"https:\/\/api.w.org\/{rel}","templated":true}]}}