{"id":25174,"date":"2018-10-01T23:43:11","date_gmt":"2018-10-01T20:43:11","guid":{"rendered":"http:\/\/www.bbyhaber.com\/bby\/?p=25174"},"modified":"2018-10-01T23:54:12","modified_gmt":"2018-10-01T20:54:12","slug":"prof-dr-ilber-ortayli-kisisel-kutuphanesini-bagisladi","status":"publish","type":"post","link":"https:\/\/www.bbyhaber.com\/bby\/2018\/10\/01\/prof-dr-ilber-ortayli-kisisel-kutuphanesini-bagisladi","title":{"rendered":"Prof. Dr. \u0130lber Ortayl\u0131 ki\u015fisel k\u00fct\u00fcphanesini ba\u011f\u0131\u015flad\u0131"},"content":{"rendered":"<p><a href=\"http:\/\/www.bbyhaber.com\/bby\/wp-content\/uploads\/2018\/10\/ilber-ortayli-kutuphanesini-bagisladi.jpg\"><img loading=\"lazy\" decoding=\"async\" class=\"alignleft size-full wp-image-25175\" src=\"http:\/\/www.bbyhaber.com\/bby\/wp-content\/uploads\/2018\/10\/ilber-ortayli-kutuphanesini-bagisladi.jpg\" alt=\"\" width=\"390\" height=\"180\" \/><\/a>Cumhurba\u015fkan\u0131m\u0131z Say\u0131n Recep Tayyip Erdo\u011fan, \u00fcnl\u00fc tarih\u00e7i Prof. Dr. \u0130lber Ortayl\u0131\u2019y\u0131 Cumhurba\u015fkanl\u0131\u011f\u0131 K\u00fclliyesi\u2019nde kabul etti. Cumhurba\u015fkanl\u0131\u011f\u0131 kaynaklar\u0131ndan edinilen bilgiye g\u00f6re Prof. Dr. Ortayl\u0131, Be\u015ftepe\u2019de bug\u00fcn ger\u00e7ekle\u015fen kabul s\u0131ras\u0131nda <strong>ki\u015fisel k\u00fct\u00fcphanesini Cumhurba\u015fkanl\u0131\u011f\u0131 K\u00fclliyesi K\u00fct\u00fcphanesi\u2019ne ba\u011f\u0131\u015flad\u0131<\/strong>.<!--more--> Cumhurba\u015fkan\u0131m\u0131z Say\u0131n Erdo\u011fan da, T\u00fcrkiye\u2019nin en b\u00fcy\u00fck k\u00fct\u00fcphanesi olmay\u0131 hedefleyen <strong>Cumhurba\u015fkanl\u0131\u011f\u0131 K\u00fclliyesi K\u00fct\u00fcphanesi<\/strong>\u2019ne yapt\u0131\u011f\u0131 ba\u011f\u0131\u015ftan dolay\u0131 Prof. Dr. Ortayl\u0131\u2019ya te\u015fekk\u00fcr etti.<\/p>\n<p><a href=\"http:\/\/www.hurriyet.com.tr\" target=\"_blank\" rel=\"noopener\">Kaynak<\/a><\/p>\n","protected":false},"excerpt":{"rendered":"<p>Cumhurba\u015fkan\u0131m\u0131z Say\u0131n Recep Tayyip Erdo\u011fan, \u00fcnl\u00fc tarih\u00e7i Prof. Dr. \u0130lber Ortayl\u0131\u2019y\u0131 Cumhurba\u015fkanl\u0131\u011f\u0131 K\u00fclliyesi\u2019nde kabul etti. Cumhurba\u015fkanl\u0131\u011f\u0131 kaynaklar\u0131ndan edinilen bilgiye g\u00f6re Prof. Dr. Ortayl\u0131, Be\u015ftepe\u2019de bug\u00fcn ger\u00e7ekle\u015fen kabul s\u0131ras\u0131nda ki\u015fisel k\u00fct\u00fcphanesini Cumhurba\u015fkanl\u0131\u011f\u0131 K\u00fclliyesi K\u00fct\u00fcphanesi\u2019ne ba\u011f\u0131\u015flad\u0131.<\/p>\n","protected":false},"author":1,"featured_media":25175,"comment_status":"open","ping_status":"open","sticky":false,"template":"","format":"standard","meta":{"footnotes":""},"categories":[1,1597],"tags":[],"class_list":["post-25174","post","type-post","status-publish","format-standard","has-post-thumbnail","hentry","category-genel","category-prof-dr-ilber-ortayli"],"_links":{"self":[{"href":"https:\/\/www.bbyhaber.com\/bby\/wp-json\/wp\/v2\/posts\/25174"}],"collection":[{"href":"https:\/\/www.bbyhaber.com\/bby\/wp-json\/wp\/v2\/posts"}],"about":[{"href":"https:\/\/www.bbyhaber.com\/bby\/wp-json\/wp\/v2\/types\/post"}],"author":[{"embeddable":true,"href":"https:\/\/www.bbyhaber.com\/bby\/wp-json\/wp\/v2\/users\/1"}],"replies":[{"embeddable":true,"href":"https:\/\/www.bbyhaber.com\/bby\/wp-json\/wp\/v2\/comments?post=25174"}],"version-history":[{"count":2,"href":"https:\/\/www.bbyhaber.com\/bby\/wp-json\/wp\/v2\/posts\/25174\/revisions"}],"predecessor-version":[{"id":25177,"href":"https:\/\/www.bbyhaber.com\/bby\/wp-json\/wp\/v2\/posts\/25174\/revisions\/25177"}],"wp:featuredmedia":[{"embeddable":true,"href":"https:\/\/www.bbyhaber.com\/bby\/wp-json\/wp\/v2\/media\/25175"}],"wp:attachment":[{"href":"https:\/\/www.bbyhaber.com\/bby\/wp-json\/wp\/v2\/media?parent=25174"}],"wp:term":[{"taxonomy":"category","embeddable":true,"href":"https:\/\/www.bbyhaber.com\/bby\/wp-json\/wp\/v2\/categories?post=25174"},{"taxonomy":"post_tag","embeddable":true,"href":"https:\/\/www.bbyhaber.com\/bby\/wp-json\/wp\/v2\/tags?post=25174"}],"curies":[{"name":"wp","href":"https:\/\/api.w.org\/{rel}","templated":true}]}}