{"id":25168,"date":"2018-10-01T16:31:29","date_gmt":"2018-10-01T13:31:29","guid":{"rendered":"http:\/\/www.bbyhaber.com\/bby\/?p=25168"},"modified":"2018-10-23T19:34:05","modified_gmt":"2018-10-23T16:34:05","slug":"bibliyometri-calistayi-2018-22-23-ekim-2018-istanbul-teknik-universitesi","status":"publish","type":"post","link":"https:\/\/www.bbyhaber.com\/bby\/2018\/10\/01\/bibliyometri-calistayi-2018-22-23-ekim-2018-istanbul-teknik-universitesi","title":{"rendered":"Bibliyometri \u00c7al\u0131\u015ftay\u0131 2018-22-23 Ekim 2018, \u0130stanbul Teknik \u00dcniversitesi"},"content":{"rendered":"<p><strong><a href=\"http:\/\/www.bbyhaber.com\/bby\/wp-content\/uploads\/2018\/10\/itu-bibliyometri.jpg\"><img loading=\"lazy\" decoding=\"async\" class=\"alignleft size-full wp-image-25169\" src=\"http:\/\/www.bbyhaber.com\/bby\/wp-content\/uploads\/2018\/10\/itu-bibliyometri.jpg\" alt=\"\" width=\"390\" height=\"180\" \/><\/a>22-23 Ekim 2018 tarihinde \u0130stanbul Teknik \u00dcniversitesi S\u00fcleyman Demirel K\u00fclt\u00fcr Merkez<\/strong>i&#8217;nde <strong>Bibliyometri \u00c7al\u0131\u015ftay\u0131<\/strong> d\u00fczenlenecektir.<\/p>\n<p>Belirli bir alanda, belirli bir d\u00f6nemde ve belirli bir b\u00f6lgede, ki\u015filer ya da kurumlar taraf\u0131ndan \u00fcretilmi\u015f yay\u0131nlar\u0131n ve bu yay\u0131nlar aras\u0131ndaki ili\u015fkilerin say\u0131sal olarak analizi \u015feklinde tan\u0131mlayabilece\u011fimiz bibliyometri, matematiksel ve istatistiksel y\u00f6ntemlerin kitaplar ve di\u011fer ileti\u015fim ortamlar\u0131na uygulanma y\u00f6ntemidir.<!--more--> Bilim ve teknoloji politikalar\u0131n\u0131n belirlenmesinde ve geli\u015ftirilmesinde bibliyometri, olduk\u00e7a etkin bir rol oynamaktad\u0131r. \u0130T\u00dc ve Elsevier i\u015fbirli\u011fiyle d\u00fczenlenen bu \u00e7al\u0131\u015ftayda ama\u00e7, mevcut bibliyometri \u00e7al\u0131\u015fmalar\u0131na \u0131\u015f\u0131k tutmak ve yeni metrik \u00e7al\u0131\u015fmalar\u0131n\u0131n geli\u015fimlerine zemin haz\u0131rlamakt\u0131r.<\/p>\n<p><strong>KAPSAM<\/strong><br \/>\n\u00c7al\u0131\u015ftayda ele al\u0131nacak konular a\u015fa\u011f\u0131daki ba\u015fl\u0131klar\u0131n \u00e7evresinde geli\u015ftirilmi\u015ftir.<\/p>\n<ul>\n<li>Bibliyometrinin temel kavramlar\u0131<\/li>\n<li>Bibliyometrik analizlerin bilim d\u00fcnyas\u0131na etkileri<\/li>\n<li>\u00dclke bilim ve teknoloji politikas\u0131 geli\u015ftirmede bibliyometrinin \u00f6nemi<\/li>\n<li>Bibliyometrik analizlerin akademik \u00e7al\u0131\u015fmalar ve akademisyenler \u00fczerindeki etkileri<\/li>\n<li>T\u00fcrkiye \u00fcniversitelerinde \u00f6ne \u00e7\u0131kan ara\u015ft\u0131rma alanlar\u0131 ve d\u00fcnya kar\u015f\u0131la\u015ft\u0131rmas\u0131<\/li>\n<li>Bilgibilim alan\u0131nda bibliyometri \u00e7al\u0131\u015fmalar\u0131 ve trendler<\/li>\n<li>Akademik g\u00f6r\u00fcn\u00fcrl\u00fc\u011f\u00fc art\u0131ran b\u00fcy\u00fck veri<\/li>\n<li>K\u00fct\u00fcphanecilik alan\u0131nda bibliyometrinin potansiyel kullan\u0131mlar\u0131<\/li>\n<li>Bibliyometrinin k\u00fct\u00fcphaneler \u00fczerindeki etkileri<\/li>\n<li>Bibliyometri k\u00fct\u00fcphanecili\u011fi<\/li>\n<li>T\u00fcrkiye&#8217;de akademik k\u00fct\u00fcphanelerde bibliyometri uygulamalar\u0131<\/li>\n<li>Bibliyometrik analizler ve raporlar i\u00e7in kullan\u0131lan uygulamalar (Scival, Incites, Google Scholar, Dimension, Altmetri&#8230;).<\/li>\n<\/ul>\n<p><strong><a href=\"http:\/\/bibliyometri.itu.edu.tr\/\" target=\"_blank\" rel=\"noopener\">Kay\u0131t ve Program i\u00e7in t\u0131klay\u0131n\u0131z<\/a><\/strong><\/p>\n","protected":false},"excerpt":{"rendered":"<p>22-23 Ekim 2018 tarihinde \u0130stanbul Teknik \u00dcniversitesi S\u00fcleyman Demirel K\u00fclt\u00fcr Merkezi&#8217;nde Bibliyometri \u00c7al\u0131\u015ftay\u0131 d\u00fczenlenecektir. Belirli bir alanda, belirli bir d\u00f6nemde ve belirli bir b\u00f6lgede, ki\u015filer ya da kurumlar taraf\u0131ndan \u00fcretilmi\u015f yay\u0131nlar\u0131n ve bu yay\u0131nlar aras\u0131ndaki ili\u015fkilerin say\u0131sal olarak analizi \u015feklinde tan\u0131mlayabilece\u011fimiz bibliyometri, matematiksel ve istatistiksel y\u00f6ntemlerin kitaplar ve di\u011fer ileti\u015fim ortamlar\u0131na uygulanma y\u00f6ntemidir.<\/p>\n","protected":false},"author":1,"featured_media":25169,"comment_status":"open","ping_status":"open","sticky":false,"template":"","format":"standard","meta":{"footnotes":""},"categories":[],"tags":[1395,1084],"class_list":["post-25168","post","type-post","status-publish","format-standard","has-post-thumbnail","hentry","tag-bby-mesleki-etkinlikler-arsivi","tag-bibliyometri"],"_links":{"self":[{"href":"https:\/\/www.bbyhaber.com\/bby\/wp-json\/wp\/v2\/posts\/25168"}],"collection":[{"href":"https:\/\/www.bbyhaber.com\/bby\/wp-json\/wp\/v2\/posts"}],"about":[{"href":"https:\/\/www.bbyhaber.com\/bby\/wp-json\/wp\/v2\/types\/post"}],"author":[{"embeddable":true,"href":"https:\/\/www.bbyhaber.com\/bby\/wp-json\/wp\/v2\/users\/1"}],"replies":[{"embeddable":true,"href":"https:\/\/www.bbyhaber.com\/bby\/wp-json\/wp\/v2\/comments?post=25168"}],"version-history":[{"count":2,"href":"https:\/\/www.bbyhaber.com\/bby\/wp-json\/wp\/v2\/posts\/25168\/revisions"}],"predecessor-version":[{"id":25172,"href":"https:\/\/www.bbyhaber.com\/bby\/wp-json\/wp\/v2\/posts\/25168\/revisions\/25172"}],"wp:featuredmedia":[{"embeddable":true,"href":"https:\/\/www.bbyhaber.com\/bby\/wp-json\/wp\/v2\/media\/25169"}],"wp:attachment":[{"href":"https:\/\/www.bbyhaber.com\/bby\/wp-json\/wp\/v2\/media?parent=25168"}],"wp:term":[{"taxonomy":"category","embeddable":true,"href":"https:\/\/www.bbyhaber.com\/bby\/wp-json\/wp\/v2\/categories?post=25168"},{"taxonomy":"post_tag","embeddable":true,"href":"https:\/\/www.bbyhaber.com\/bby\/wp-json\/wp\/v2\/tags?post=25168"}],"curies":[{"name":"wp","href":"https:\/\/api.w.org\/{rel}","templated":true}]}}