{"id":25164,"date":"2018-09-30T11:59:36","date_gmt":"2018-09-30T08:59:36","guid":{"rendered":"http:\/\/www.bbyhaber.com\/bby\/?p=25164"},"modified":"2018-10-23T09:06:29","modified_gmt":"2018-10-23T06:06:29","slug":"tknin-yeni-sayisinin-mis-kokusu-size-de-geliyor-mu","status":"publish","type":"post","link":"https:\/\/www.bbyhaber.com\/bby\/2018\/09\/30\/tknin-yeni-sayisinin-mis-kokusu-size-de-geliyor-mu","title":{"rendered":"TK&#8217;n\u0131n yeni say\u0131s\u0131n\u0131n mis kokusu, size de geliyor mu?| Cem \u00d6ZEL"},"content":{"rendered":"<p>[avatar user=&#8221;cemozel&#8221; \/]<a href=\"http:\/\/www.bbyhaber.com\/bby\/author\/cemozel\"><br \/>\nCem \u00d6ZEL<\/a><br \/>\n<strong>Kullan\u0131c\u0131 Hizmetleri Y\u00f6neticisi\/Sabanc\u0131 \u00dcniversitesi Bilgi Merkezi<\/strong><\/p>\n<p><a href=\"http:\/\/www.bbyhaber.com\/bby\/wp-content\/uploads\/2018\/09\/tk-yeni-sayi.jpg\"><img loading=\"lazy\" decoding=\"async\" class=\"alignleft size-full wp-image-25165\" src=\"http:\/\/www.bbyhaber.com\/bby\/wp-content\/uploads\/2018\/09\/tk-yeni-sayi.jpg\" alt=\"\" width=\"390\" height=\"180\" \/><\/a>Sabah kalkt\u0131\u011f\u0131mda burnuma mis gibi kokular geliyordu. Telefonu elime ald\u0131\u011f\u0131mda <strong>T\u00fcrk K\u00fct\u00fcphanecili\u011fi<\/strong>&#8216;nin yeni say\u0131s\u0131n\u0131n \u00e7\u0131kt\u0131\u011f\u0131n\u0131 g\u00f6rd\u00fcm. Okumaya ba\u015flamadan, g\u00f6zlerimi kapay\u0131p \u015f\u00f6yle bir d\u00fc\u015f\u00fcn\u00fcyorum: &#8220;Kim bilir bu say\u0131y\u0131 \u00e7\u0131kar\u0131rken de, Edit\u00f6rler Kurulu ve Edit\u00f6r Yard\u0131mc\u0131lar\u0131 ne emekler harcam\u0131\u015ft\u0131r, zaman\u0131nda yeti\u015fmesi i\u00e7in, ne tela\u015f yapm\u0131\u015ft\u0131r.<!--more--> Dinlenecekleri ya da g\u00fczel bir kitap al\u0131p okuyacaklar\u0131 yerde ya da e\u015fleriyle, dostlar\u0131yla hatta \u00e7ocuklar\u0131yla daha \u00e7ok vakit ge\u00e7irecekleri halde ka\u00e7 g\u00fcn uykusuz kalm\u0131\u015flard\u0131r. B\u00fcy\u00fck bir \u00f6zveriyle derginin yeni say\u0131s\u0131n\u0131n \u00e7\u0131kmas\u0131yla u\u011fra\u015ft\u0131klar\u0131ndan ad\u0131m gibi eminim. Belki aralar\u0131nda k\u00fc\u00e7\u00fck tart\u0131\u015fmalar da \u00e7\u0131km\u0131\u015ft\u0131r; ama bu tart\u0131\u015fmalar, eminim ki, i\u015fler daha iyi olsun, diyedir.&#8221;<\/p>\n<p>Biz ise belki de dergiyi elimize al\u0131p ya da ekranda kar\u015f\u0131m\u0131za al\u0131p sayfalar\u0131 \u015f\u00f6yle s\u0131rayla a\u00e7\u0131p kapataca\u011f\u0131z. Son kapa\u011f\u0131 kapatt\u0131\u011f\u0131m\u0131zda da her \u015fey bitmi\u015f olacak. T\u00fcketim toplumu biz okuyuculara da sirayet etti maalesef.<\/p>\n<p>Bir\u00e7o\u011fumuzun da \u015fu \u015fekilde yapt\u0131\u011f\u0131ndan ad\u0131m gibi eminim. O bir\u00e7oklardan biri de benim. \u00d6nce &#8220;Edit\u00f6rden&#8221; yaz\u0131s\u0131n\u0131 okudum; \u00e7\u00fcnk\u00fc bu &#8220;Edit\u00f6rden&#8221; yaz\u0131s\u0131na al\u0131\u015fanlar, onun m\u00fcdavimi oluyorlar. G\u00fczel ellerden \u00e7\u0131kan bu yaz\u0131lar\u0131n doyumsuz oldu\u011funu bilen bilir. \u0130\u00e7inde \u00e7ok da bilgi par\u00e7ac\u0131klar\u0131 da bulmak m\u00fcmk\u00fcn. Mesela bu say\u0131n\u0131n &#8220;Edit\u00f6rden&#8221; yaz\u0131s\u0131n\u0131 mutlaka okuman\u0131z\u0131 \u00f6neririm! Onu okuduktan sonra i\u00e7indekiler sayfas\u0131na detayl\u0131 bir g\u00f6z att\u0131m. Bu say\u0131n\u0131n hakemli makaleler k\u0131sm\u0131nda ilgilendi\u011fim konular hakk\u0131nda bir makale olup olmad\u0131\u011f\u0131na bakt\u0131m. Mesela &#8220;Web of Science&#8217;tan \u00e7\u0131kar\u0131lan T\u00fcrkiye adresli dergiler \u00fczerine bir ara\u015ft\u0131rma&#8221; ba\u015fl\u0131kl\u0131 makale tam benlik. Yazarlar\u0131m\u0131z\u0131n ellerine sa\u011fl\u0131k. &#8220;Bas\u0131l\u0131 kitaplar\u0131n sa\u011flanmas\u0131 i\u015f s\u00fcrecinin modellenmesi: Ankara \u00dcniversitesi K\u00fct\u00fcphane ve Dok\u00fcmantasyon Daire Ba\u015fkanl\u0131\u011f\u0131 \u00f6rne\u011fi&#8221; adl\u0131 makale de yine ilgimi \u00e7eken bir ba\u015fka hakemli makale. G\u00f6r\u00fc\u015fler k\u0131sm\u0131nda &#8220;Dijital insan\u00ee bilimler: yeni bir yakla\u015f\u0131m&#8221; adl\u0131 ba\u015fl\u0131k da, ilgi \u00e7ekici. B\u00fct\u00fcn yaz\u0131lar \u00e7ok ilgi merak uyand\u0131r\u0131c\u0131. Hepsinden burada bahsetmek istemiyorum. S\u00fcrprizi ka\u00e7mas\u0131n. Herkesin ilgi alan\u0131 da farkl\u0131 olaca\u011f\u0131ndan herkes ayr\u0131 ayr\u0131 ve b\u00fcy\u00fck bir keyifle okuyacaklard\u0131r. Derginin\u00a0<strong><a href=\"http:\/\/www.tk.org.tr\/\" target=\"_blank\" rel=\"noopener noreferrer\" data-saferedirecturl=\"https:\/\/www.google.com\/url?q=http:\/\/www.tk.org.tr&amp;source=gmail&amp;ust=1538383898633000&amp;usg=AFQjCNE3Paka987LiIBofyic13zKnWe3Lw\">www.tk.org.tr<\/a><\/strong>\u00a0adresinden yeni say\u0131ya herkes ula\u015fabilir.<\/p>\n<p><strong>Bir okur olarak pay\u0131ma d\u00fc\u015fen te\u015fekk\u00fcr\u00fc b\u00fcy\u00fck harfle yazmak isterim: TE\u015eEKK\u00dcRLER!<\/strong><\/p>\n","protected":false},"excerpt":{"rendered":"<p>[avatar user=&#8221;cemozel&#8221; \/] Cem \u00d6ZEL Kullan\u0131c\u0131 Hizmetleri Y\u00f6neticisi\/Sabanc\u0131 \u00dcniversitesi Bilgi Merkezi Sabah kalkt\u0131\u011f\u0131mda burnuma mis gibi kokular geliyordu. Telefonu elime ald\u0131\u011f\u0131mda T\u00fcrk K\u00fct\u00fcphanecili\u011fi&#8216;nin yeni say\u0131s\u0131n\u0131n \u00e7\u0131kt\u0131\u011f\u0131n\u0131 g\u00f6rd\u00fcm. Okumaya ba\u015flamadan, g\u00f6zlerimi kapay\u0131p \u015f\u00f6yle bir d\u00fc\u015f\u00fcn\u00fcyorum: &#8220;Kim bilir bu say\u0131y\u0131 \u00e7\u0131kar\u0131rken de, Edit\u00f6rler Kurulu ve Edit\u00f6r Yard\u0131mc\u0131lar\u0131 ne emekler harcam\u0131\u015ft\u0131r, zaman\u0131nda yeti\u015fmesi i\u00e7in, ne tela\u015f yapm\u0131\u015ft\u0131r.<\/p>\n","protected":false},"author":143,"featured_media":25165,"comment_status":"open","ping_status":"open","sticky":false,"template":"","format":"standard","meta":{"footnotes":""},"categories":[1478],"tags":[1460],"class_list":["post-25164","post","type-post","status-publish","format-standard","has-post-thumbnail","hentry","category-cem-ozel","tag-kose-yazarlari"],"_links":{"self":[{"href":"https:\/\/www.bbyhaber.com\/bby\/wp-json\/wp\/v2\/posts\/25164"}],"collection":[{"href":"https:\/\/www.bbyhaber.com\/bby\/wp-json\/wp\/v2\/posts"}],"about":[{"href":"https:\/\/www.bbyhaber.com\/bby\/wp-json\/wp\/v2\/types\/post"}],"author":[{"embeddable":true,"href":"https:\/\/www.bbyhaber.com\/bby\/wp-json\/wp\/v2\/users\/143"}],"replies":[{"embeddable":true,"href":"https:\/\/www.bbyhaber.com\/bby\/wp-json\/wp\/v2\/comments?post=25164"}],"version-history":[{"count":2,"href":"https:\/\/www.bbyhaber.com\/bby\/wp-json\/wp\/v2\/posts\/25164\/revisions"}],"predecessor-version":[{"id":25317,"href":"https:\/\/www.bbyhaber.com\/bby\/wp-json\/wp\/v2\/posts\/25164\/revisions\/25317"}],"wp:featuredmedia":[{"embeddable":true,"href":"https:\/\/www.bbyhaber.com\/bby\/wp-json\/wp\/v2\/media\/25165"}],"wp:attachment":[{"href":"https:\/\/www.bbyhaber.com\/bby\/wp-json\/wp\/v2\/media?parent=25164"}],"wp:term":[{"taxonomy":"category","embeddable":true,"href":"https:\/\/www.bbyhaber.com\/bby\/wp-json\/wp\/v2\/categories?post=25164"},{"taxonomy":"post_tag","embeddable":true,"href":"https:\/\/www.bbyhaber.com\/bby\/wp-json\/wp\/v2\/tags?post=25164"}],"curies":[{"name":"wp","href":"https:\/\/api.w.org\/{rel}","templated":true}]}}