{"id":25155,"date":"2018-09-28T17:17:05","date_gmt":"2018-09-28T14:17:05","guid":{"rendered":"http:\/\/www.bbyhaber.com\/bby\/?p=25155"},"modified":"2018-09-28T17:17:20","modified_gmt":"2018-09-28T14:17:20","slug":"dergipark-bolge-egitim-semineri-gerceklestirildi","status":"publish","type":"post","link":"https:\/\/www.bbyhaber.com\/bby\/2018\/09\/28\/dergipark-bolge-egitim-semineri-gerceklestirildi","title":{"rendered":"DergiPark B\u00f6lge E\u011fitim Semineri Ger\u00e7ekle\u015ftirildi"},"content":{"rendered":"<p><a href=\"http:\/\/www.bbyhaber.com\/bby\/wp-content\/uploads\/2018\/09\/dergipark-seminer.jpg\"><img loading=\"lazy\" decoding=\"async\" class=\"alignleft size-full wp-image-25156\" src=\"http:\/\/www.bbyhaber.com\/bby\/wp-content\/uploads\/2018\/09\/dergipark-seminer.jpg\" alt=\"\" width=\"390\" height=\"180\" \/><\/a>ULAKB\u0130M DergiPark ve B.U.\u00dc. K\u00fct\u00fcphane ve Dok\u00fcmantasyon Daire Ba\u015fkanl\u0131\u011f\u0131 i\u015fbirli\u011fiyle, 27 Eyl\u00fcl 2018 Per\u015fembe g\u00fcn\u00fc Prof. Dr. M. Mete Cengiz K\u00fclt\u00fcr Merkezi&#8217;nde ger\u00e7ekle\u015ftirilen e\u011fitim seminerine Bursa Uluda\u011f \u00dcniversitesi \u00f6\u011frenci, akademisyen ve dergi y\u00f6neticilerinin yan\u0131 s\u0131ra b\u00f6lge \u00fcniversitelerinden ara\u015ft\u0131rmac\u0131 ve akademisyenler de kat\u0131ld\u0131.<!--more--><\/p>\n<p>E\u011fitim semineri a\u00e7\u0131l\u0131\u015f\u0131nda konu\u015fan B.U.\u00dc. Rekt\u00f6r Yard\u0131mc\u0131s\u0131 Prof. Dr. Mehmet Y\u00fcce, \u00fcni<span class=\"text_exposed_show\">versite y\u00f6netimi olarak k\u00fct\u00fcphaneye yap\u0131lan yat\u0131r\u0131mlara dikkat \u00e7ekerek; \u201cHem fiziki ko\u015fullar a\u00e7\u0131s\u0131ndan hem de kaynak olarak k\u00fct\u00fcphanemizin imkanlar\u0131n\u0131 s\u00fcrekli art\u0131rmaya \u00e7al\u0131\u015f\u0131yoruz. Yapt\u0131\u011f\u0131m\u0131z yat\u0131r\u0131mlar\u0131n kar\u015f\u0131l\u0131\u011f\u0131n\u0131 almaya ba\u015flad\u0131k fakat bunun \u00e7\u0131kt\u0131lar\u0131n\u0131 \u00fcretilen yay\u0131n anlam\u0131nda ve etki olarak daha fazlas\u0131n\u0131 almak istiyoruz.\u201d diye konu\u015ftu.<\/span><\/p>\n<div class=\"text_exposed_show\">\n<p>E\u011fitim \u00f6ncesi s\u00f6z alan K\u00fct\u00fcphane ve Dok\u00fcmantasyon Daire Ba\u015fkan\u0131 Hasan Arslan ise e\u011fitim seminerine y\u00f6nelik olarak B.U.\u00dc. dergi y\u00f6neticilerinden gelen talebi hemen de\u011ferlendirip k\u0131sa s\u00fcrede ger\u00e7ekle\u015ftirdiklerini belirterek; \u201cTalebimize h\u0131zl\u0131 bir \u015fekilde yan\u0131t vererek ihtiya\u00e7 olan bu e\u011fitimin k\u0131sa s\u00fcrede ger\u00e7ekle\u015fmesini sa\u011flayan DergiPark y\u00f6neticilerine sizlerin de huzurunda \u00e7ok te\u015fekk\u00fcr ediyorum.\u201d diye konu\u015ftu.<\/p>\n<p>DergiPark e\u011fitim uzmanlar\u0131 taraf\u0131ndan verilen ve g\u00fcn boyu s\u00fcren e\u011fitimde; DergiPark evreleri ve hedeflerinden ba\u015flayarak, DergiPark i\u00e7erisinde rolleri bulunan yazar, hakem, edit\u00f6r ve dergi y\u00f6neticilerinin kar\u015f\u0131la\u015ft\u0131\u011f\u0131 t\u00fcm s\u00fcre\u00e7ler hakk\u0131nda bilgiler sunuldu.<\/p>\n<p><a href=\"https:\/\/www.facebook.com\/uludagkutuphane\/?__tn__=kC-R&amp;eid=ARBoTJWx6hBiMwAAAj-BoBmOYlFwWwFZl1TqheQWZbKCOWV1F04JszdZN5UJVkFYEuPVFuvMIEyAtuia&amp;hc_ref=ARQvlP5oBG216iABGP8G5oE57WSqnS5icnlepUKnrSLltCEe08VZiITNG9m_c2KsB0Y&amp;__xts__[0]=68.ARBc1wtPGJ0aFgGvTZlOMO6v3gQ20hxLN5DCWbbdKUQdkG-vIWO8QHoyMlIDJ-3PwHQS19GgPWzK3jP7E2Rpspk4YcV8ZAob6d-4-G1q7GQ_WUo88QUru8cpedZJaSXsMvQWLyrIV8EPlL0PbLyk6xXhWLyOZSwV5G0pe70UaM3UwOsiJZw2qlt_09PqjlQuV3vrMFratolPwusUQ8X9OR6B26MdVJ8iWUKOpjTotw\" target=\"_blank\" rel=\"noopener\">Kaynak<\/a><\/p>\n<\/div>\n","protected":false},"excerpt":{"rendered":"<p>ULAKB\u0130M DergiPark ve B.U.\u00dc. K\u00fct\u00fcphane ve Dok\u00fcmantasyon Daire Ba\u015fkanl\u0131\u011f\u0131 i\u015fbirli\u011fiyle, 27 Eyl\u00fcl 2018 Per\u015fembe g\u00fcn\u00fc Prof. Dr. M. Mete Cengiz K\u00fclt\u00fcr Merkezi&#8217;nde ger\u00e7ekle\u015ftirilen e\u011fitim seminerine Bursa Uluda\u011f \u00dcniversitesi \u00f6\u011frenci, akademisyen ve dergi y\u00f6neticilerinin yan\u0131 s\u0131ra b\u00f6lge \u00fcniversitelerinden ara\u015ft\u0131rmac\u0131 ve akademisyenler de kat\u0131ld\u0131.<\/p>\n","protected":false},"author":1,"featured_media":25156,"comment_status":"open","ping_status":"open","sticky":false,"template":"","format":"standard","meta":{"footnotes":""},"categories":[],"tags":[504,1437],"class_list":["post-25155","post","type-post","status-publish","format-standard","has-post-thumbnail","hentry","tag-dergipark","tag-univ-arastirma-kutuphaneleri"],"_links":{"self":[{"href":"https:\/\/www.bbyhaber.com\/bby\/wp-json\/wp\/v2\/posts\/25155"}],"collection":[{"href":"https:\/\/www.bbyhaber.com\/bby\/wp-json\/wp\/v2\/posts"}],"about":[{"href":"https:\/\/www.bbyhaber.com\/bby\/wp-json\/wp\/v2\/types\/post"}],"author":[{"embeddable":true,"href":"https:\/\/www.bbyhaber.com\/bby\/wp-json\/wp\/v2\/users\/1"}],"replies":[{"embeddable":true,"href":"https:\/\/www.bbyhaber.com\/bby\/wp-json\/wp\/v2\/comments?post=25155"}],"version-history":[{"count":2,"href":"https:\/\/www.bbyhaber.com\/bby\/wp-json\/wp\/v2\/posts\/25155\/revisions"}],"predecessor-version":[{"id":25158,"href":"https:\/\/www.bbyhaber.com\/bby\/wp-json\/wp\/v2\/posts\/25155\/revisions\/25158"}],"wp:featuredmedia":[{"embeddable":true,"href":"https:\/\/www.bbyhaber.com\/bby\/wp-json\/wp\/v2\/media\/25156"}],"wp:attachment":[{"href":"https:\/\/www.bbyhaber.com\/bby\/wp-json\/wp\/v2\/media?parent=25155"}],"wp:term":[{"taxonomy":"category","embeddable":true,"href":"https:\/\/www.bbyhaber.com\/bby\/wp-json\/wp\/v2\/categories?post=25155"},{"taxonomy":"post_tag","embeddable":true,"href":"https:\/\/www.bbyhaber.com\/bby\/wp-json\/wp\/v2\/tags?post=25155"}],"curies":[{"name":"wp","href":"https:\/\/api.w.org\/{rel}","templated":true}]}}