{"id":25145,"date":"2018-09-28T01:11:47","date_gmt":"2018-09-27T22:11:47","guid":{"rendered":"http:\/\/www.bbyhaber.com\/bby\/?p=25145"},"modified":"2018-09-28T01:11:47","modified_gmt":"2018-09-27T22:11:47","slug":"yeni-kutuphane-ve-muze-gosterilere-yetisecek","status":"publish","type":"post","link":"https:\/\/www.bbyhaber.com\/bby\/2018\/09\/28\/yeni-kutuphane-ve-muze-gosterilere-yetisecek","title":{"rendered":"Yeni k\u00fct\u00fcphane ve m\u00fcze g\u00f6sterilere yeti\u015fecek"},"content":{"rendered":"<p><a href=\"http:\/\/www.bbyhaber.com\/bby\/wp-content\/uploads\/2018\/09\/yeni-kutuphane-ve-muze-gosterilere-yetisecek.jpg\"><img loading=\"lazy\" decoding=\"async\" class=\"alignleft size-full wp-image-25146\" src=\"http:\/\/www.bbyhaber.com\/bby\/wp-content\/uploads\/2018\/09\/yeni-kutuphane-ve-muze-gosterilere-yetisecek.jpg\" alt=\"\" width=\"390\" height=\"180\" \/><\/a>Samsun \u0130l K\u00fclt\u00fcr ve Turizm M\u00fcd\u00fcr\u00fc Adnan \u0130pekdal, yeni merkez k\u00fct\u00fcphanesi ve m\u00fcze in\u015faat\u0131n\u0131n 19 May\u0131s 100. y\u0131l d\u00f6n\u00fcm\u00fc etkinliklerine yeti\u015fece\u011fini ifade etti. Samsun&#8217;da y\u0131llard\u0131r hizmet veren merkez k\u00fct\u00fcphanesi y\u0131k\u0131larak ge\u00e7ici olarak<!--more--> \u0130lkad\u0131m Gen\u00e7lik Hizmetleri Binas\u0131na ta\u015f\u0131nm\u0131\u015ft\u0131. Samsun Arkeoloji ve Etnografya M\u00fczesi de yap\u0131m\u0131 devam eden Samsun B\u00fcy\u00fck\u015fehir Belediyesi Samsun M\u00fczesine ta\u015f\u0131nacak. M\u00fcd\u00fcr \u0130pekdal, yeni yap\u0131lan iki binan\u0131n 19 May\u0131s g\u00f6sterilerine yeti\u015fece\u011fini a\u00e7\u0131klad\u0131.<\/p>\n<p>Yeni yap\u0131lan binalar hakk\u0131nda a\u00e7\u0131klamalarda bulunan M\u00fcd\u00fcr \u0130pekdal, &#8220;Samsun Arkeoloji ve Etnografya M\u00fczesi ile Merkez K\u00fct\u00fcphanesi in\u015faatlar\u0131 devam ediyor. \u0130kisini de 19 May\u0131s\u2019\u0131n 100. y\u0131l etkinlikleri kapsam\u0131nda a\u00e7may\u0131 planl\u0131yoruz. Merkez k\u00fct\u00fcphane binas\u0131n\u0131n 4. kat\u0131 yap\u0131ld\u0131. Kaba in\u015faat\u0131n\u0131n yap\u0131m\u0131na devam ediliyor. Yeni m\u00fczenin binas\u0131n\u0131n da yar\u0131s\u0131ndan fazlas\u0131 tamamlanm\u0131\u015f durumda. Amisos kal\u0131nt\u0131lar\u0131 ve di\u011fer tarihi eserler \u015fu an itibariyle eski m\u00fczede muhafaza ediliyor. Yeni m\u00fcze in\u015faat\u0131n\u0131n y\u00fczde 52\u2019si tamamland\u0131. Yeni merkez k\u00fct\u00fcphanesi 100 bin kitapl\u0131k bir k\u00fct\u00fcphane olacak. K\u00fct\u00fcphanenin eski binas\u0131 60 bin kitap kapasiteli bir k\u00fct\u00fcphaneydi. Yeni k\u00fct\u00fcphanemizin yap\u0131lmas\u0131yla birlikte merkez k\u00fct\u00fcphanemizin kitap say\u0131s\u0131 y\u00fczde 56,5 oran\u0131nda artm\u0131\u015f olacak. Merkez k\u00fct\u00fcphanemiz \u015fu anda ge\u00e7ici yerinde hizmet veriyor. Oran\u0131n imkanlar\u0131 \u00f6l\u00e7\u00fcs\u00fcnde 12 bin kitab\u0131m\u0131z vatanda\u015flar\u0131n hizmetine sunuluyor. Yeni kitaplar bakanl\u0131k taraf\u0131ndan g\u00f6nderilmeye ba\u015fland\u0131. Binam\u0131z tamamland\u0131\u011f\u0131nda elimizde bulunan 60 binin \u00fczerine 40 bin yeni kitap ekleyerek, 100 bin kitab\u0131 vatanda\u015flar\u0131m\u0131z\u0131n hizmetine sunaca\u011f\u0131z&#8221; s\u00f6zc\u00fcklerini kulland\u0131.<\/p>\n<p><a href=\"https:\/\/www.samsunhaber.com\" target=\"_blank\" rel=\"noopener\">Kaynak<\/a><\/p>\n","protected":false},"excerpt":{"rendered":"<p>Samsun \u0130l K\u00fclt\u00fcr ve Turizm M\u00fcd\u00fcr\u00fc Adnan \u0130pekdal, yeni merkez k\u00fct\u00fcphanesi ve m\u00fcze in\u015faat\u0131n\u0131n 19 May\u0131s 100. y\u0131l d\u00f6n\u00fcm\u00fc etkinliklerine yeti\u015fece\u011fini ifade etti. Samsun&#8217;da y\u0131llard\u0131r hizmet veren merkez k\u00fct\u00fcphanesi y\u0131k\u0131larak ge\u00e7ici olarak<\/p>\n","protected":false},"author":1,"featured_media":25146,"comment_status":"open","ping_status":"open","sticky":false,"template":"","format":"standard","meta":{"footnotes":""},"categories":[1],"tags":[],"class_list":["post-25145","post","type-post","status-publish","format-standard","has-post-thumbnail","hentry","category-genel"],"_links":{"self":[{"href":"https:\/\/www.bbyhaber.com\/bby\/wp-json\/wp\/v2\/posts\/25145"}],"collection":[{"href":"https:\/\/www.bbyhaber.com\/bby\/wp-json\/wp\/v2\/posts"}],"about":[{"href":"https:\/\/www.bbyhaber.com\/bby\/wp-json\/wp\/v2\/types\/post"}],"author":[{"embeddable":true,"href":"https:\/\/www.bbyhaber.com\/bby\/wp-json\/wp\/v2\/users\/1"}],"replies":[{"embeddable":true,"href":"https:\/\/www.bbyhaber.com\/bby\/wp-json\/wp\/v2\/comments?post=25145"}],"version-history":[{"count":1,"href":"https:\/\/www.bbyhaber.com\/bby\/wp-json\/wp\/v2\/posts\/25145\/revisions"}],"predecessor-version":[{"id":25147,"href":"https:\/\/www.bbyhaber.com\/bby\/wp-json\/wp\/v2\/posts\/25145\/revisions\/25147"}],"wp:featuredmedia":[{"embeddable":true,"href":"https:\/\/www.bbyhaber.com\/bby\/wp-json\/wp\/v2\/media\/25146"}],"wp:attachment":[{"href":"https:\/\/www.bbyhaber.com\/bby\/wp-json\/wp\/v2\/media?parent=25145"}],"wp:term":[{"taxonomy":"category","embeddable":true,"href":"https:\/\/www.bbyhaber.com\/bby\/wp-json\/wp\/v2\/categories?post=25145"},{"taxonomy":"post_tag","embeddable":true,"href":"https:\/\/www.bbyhaber.com\/bby\/wp-json\/wp\/v2\/tags?post=25145"}],"curies":[{"name":"wp","href":"https:\/\/api.w.org\/{rel}","templated":true}]}}