{"id":25140,"date":"2018-09-28T09:00:49","date_gmt":"2018-09-28T06:00:49","guid":{"rendered":"http:\/\/www.bbyhaber.com\/bby\/?p=25140"},"modified":"2018-10-23T09:06:31","modified_gmt":"2018-10-23T06:06:31","slug":"tek-kasimi-kendim-aldim","status":"publish","type":"post","link":"https:\/\/www.bbyhaber.com\/bby\/2018\/09\/28\/tek-kasimi-kendim-aldim","title":{"rendered":"Tek ka\u015f\u0131m\u0131 kendim ald\u0131m!| Cem \u00d6ZEL"},"content":{"rendered":"<p>[avatar user=&#8221;cemozel&#8221; \/]<a href=\"http:\/\/www.bbyhaber.com\/bby\/author\/cemozel\"><br \/>\nCem \u00d6ZEL<\/a><br \/>\n<strong>Kullan\u0131c\u0131 Hizmetleri Y\u00f6neticisi\/Sabanc\u0131 \u00dcniversitesi Bilgi Merkezi<\/strong><\/p>\n<p><a href=\"http:\/\/www.bbyhaber.com\/bby\/wp-content\/uploads\/2018\/09\/tek-kasimi-aldirdim.jpg\"><img loading=\"lazy\" decoding=\"async\" class=\"alignleft size-full wp-image-25141\" src=\"http:\/\/www.bbyhaber.com\/bby\/wp-content\/uploads\/2018\/09\/tek-kasimi-aldirdim.jpg\" alt=\"\" width=\"390\" height=\"180\" \/><\/a>Her alanda oldu\u011fu gibi bizim meslekte de giyim, ku\u015fam\u00a0 ve tarz konusu \u00f6nemli. Belli bir tarz\u0131m\u0131z\u0131n olmas\u0131 ve az da olsa modan\u0131n takip edilmesi bizim i\u00e7in de k\u0131ymetli kriterlerden biri olmal\u0131.\u00a0<!--more--><\/p>\n<p>\u00d6n\u00fcm\u00fczde <strong>Atat\u00fcrk<\/strong> gibi \u015f\u0131k bir ulu \u00f6nder \u00f6rne\u011fi duruyorken biraz da i\u015fin bu y\u00f6n\u00fcne a\u011f\u0131rl\u0131k vermeliyiz diye d\u00fc\u015f\u00fcn\u00fcyorum. <strong>Atat\u00fcrk<\/strong> sadece erkekler i\u00e7in bir idol de\u011fil kad\u0131nlar\u0131m\u0131z i\u00e7in de bir idold\u00fc.<\/p>\n<p>Y\u0131llar itibariyle mesle\u011fimizde g\u00f6zlemledi\u011fim baz\u0131 durumlar\u0131 payla\u015fmak isterim:<\/p>\n<p>Mesela art\u0131k beyaz \u00e7orap giyme durumundan kurtulmal\u0131y\u0131z. Az da olsa g\u00f6r\u00fcyoruz.<\/p>\n<p>K\u0131ravat olay\u0131na da de\u011finmek isterim. &#8220;K\u0131ravat se\u00e7imi, k\u0131yafetimize uymal\u0131&#8221; arg\u00fcman\u0131n\u0131n yan\u0131 s\u0131ra, k\u0131ravat\u0131 takt\u0131\u011f\u0131m\u0131zda g\u00f6mle\u011fimizin son d\u00fc\u011fmesi a\u00e7\u0131k oluyor ya hani, bu nedenle k\u0131ravat sa\u011fa ya da sola kayabiliyor ya, i\u015fte o hi\u00e7 \u00e7ekilir bir g\u00f6r\u00fcnt\u00fc olmuyor. Kar\u015f\u0131n\u0131zdaki ki\u015fiye ne anlat\u0131rsan\u0131z anlat\u0131n, g\u00f6z\u00fcn\u00fcz o k\u0131ravat\u0131n i\u00e7ler ac\u0131s\u0131 durumuna kay\u0131veriyor.<\/p>\n<p>K\u0131ravattan ba\u015fka bir konuya gitmeden yine s\u0131k kar\u015f\u0131la\u015ft\u0131\u011f\u0131m\u0131z bir durum da \u015fu ki, \u00e7izgili g\u00f6mle\u011fin \u00fczerine yine bir \u00e7izgili k\u0131ravat, g\u00f6rsel a\u00e7\u0131dan hi\u00e7 iyi durmuyor. \u0130ki g\u00fcn \u00fcst \u00fcste ayn\u0131 k\u0131ravat\u0131 takmak da k\u00f6t\u00fc bir intiba b\u0131rakabiliyor.<\/p>\n<p>Kemer ve ayakkab\u0131 uyumuna da pek dikkat edildi\u011fi s\u00f6ylenemez.<\/p>\n<p>Kad\u0131n meslekta\u015flar da neden daha \u015f\u0131k olmas\u0131n! B\u00fcy\u00fck toplant\u0131larda, daha \u00e7ok, veritaban\u0131 temsilcilerinin \u015f\u0131kl\u0131\u011f\u0131 g\u00f6ze \u00e7arp\u0131yor. Genelimize yay\u0131lmas\u0131 temennisiyle.<\/p>\n<p>Bu durumun, mesle\u011fimizin pek de\u011finilmeyen; ama bence \u00f6nemli konulardan biri oldu\u011funu d\u00fc\u015f\u00fcn\u00fcyorum.<\/p>\n<p>Y\u00fcz bak\u0131m\u0131 da bir o kadar \u00f6nemli. Yine kendimden \u00f6rnek vereyim. Eskiden \u00e7ok \u00f6nemsemiyordum; ama g\u00f6rd\u00fck\u00e7e farkettim ki, erkeklerdeki tek ka\u015f yerini e\u015f ba\u015fkan misali e\u015f ka\u015fl\u0131l\u0131\u011fa b\u0131rakmal\u0131. Zira ben, <strong>tek ka\u015f\u0131m\u0131 kendim ald\u0131m<\/strong>.<\/p>\n<p>Mesle\u011fimize de uyarlayacak olursak, &#8220;<strong>\u00e7<em>irkin k\u00fct\u00fcphaneci yoktur, bak\u0131ms\u0131z k\u00fct\u00fcphaneci vard\u0131r.<\/em><\/strong>&#8220;<\/p>\n","protected":false},"excerpt":{"rendered":"<p>[avatar user=&#8221;cemozel&#8221; \/] Cem \u00d6ZEL Kullan\u0131c\u0131 Hizmetleri Y\u00f6neticisi\/Sabanc\u0131 \u00dcniversitesi Bilgi Merkezi Her alanda oldu\u011fu gibi bizim meslekte de giyim, ku\u015fam\u00a0 ve tarz konusu \u00f6nemli. Belli bir tarz\u0131m\u0131z\u0131n olmas\u0131 ve az da olsa modan\u0131n takip edilmesi bizim i\u00e7in de k\u0131ymetli kriterlerden biri olmal\u0131.\u00a0<\/p>\n","protected":false},"author":143,"featured_media":25141,"comment_status":"open","ping_status":"open","sticky":false,"template":"","format":"standard","meta":{"footnotes":""},"categories":[1478],"tags":[1460],"class_list":["post-25140","post","type-post","status-publish","format-standard","has-post-thumbnail","hentry","category-cem-ozel","tag-kose-yazarlari"],"_links":{"self":[{"href":"https:\/\/www.bbyhaber.com\/bby\/wp-json\/wp\/v2\/posts\/25140"}],"collection":[{"href":"https:\/\/www.bbyhaber.com\/bby\/wp-json\/wp\/v2\/posts"}],"about":[{"href":"https:\/\/www.bbyhaber.com\/bby\/wp-json\/wp\/v2\/types\/post"}],"author":[{"embeddable":true,"href":"https:\/\/www.bbyhaber.com\/bby\/wp-json\/wp\/v2\/users\/143"}],"replies":[{"embeddable":true,"href":"https:\/\/www.bbyhaber.com\/bby\/wp-json\/wp\/v2\/comments?post=25140"}],"version-history":[{"count":4,"href":"https:\/\/www.bbyhaber.com\/bby\/wp-json\/wp\/v2\/posts\/25140\/revisions"}],"predecessor-version":[{"id":25318,"href":"https:\/\/www.bbyhaber.com\/bby\/wp-json\/wp\/v2\/posts\/25140\/revisions\/25318"}],"wp:featuredmedia":[{"embeddable":true,"href":"https:\/\/www.bbyhaber.com\/bby\/wp-json\/wp\/v2\/media\/25141"}],"wp:attachment":[{"href":"https:\/\/www.bbyhaber.com\/bby\/wp-json\/wp\/v2\/media?parent=25140"}],"wp:term":[{"taxonomy":"category","embeddable":true,"href":"https:\/\/www.bbyhaber.com\/bby\/wp-json\/wp\/v2\/categories?post=25140"},{"taxonomy":"post_tag","embeddable":true,"href":"https:\/\/www.bbyhaber.com\/bby\/wp-json\/wp\/v2\/tags?post=25140"}],"curies":[{"name":"wp","href":"https:\/\/api.w.org\/{rel}","templated":true}]}}