{"id":25132,"date":"2018-09-26T10:44:43","date_gmt":"2018-09-26T07:44:43","guid":{"rendered":"http:\/\/www.bbyhaber.com\/bby\/?p=25132"},"modified":"2018-09-26T10:46:16","modified_gmt":"2018-09-26T07:46:16","slug":"yenisehir-fatma-goztepe-ilce-halk-kutuphanesi-acildi","status":"publish","type":"post","link":"https:\/\/www.bbyhaber.com\/bby\/2018\/09\/26\/yenisehir-fatma-goztepe-ilce-halk-kutuphanesi-acildi","title":{"rendered":"Yeni\u015fehir Fatma G\u00f6ztepe \u0130l\u00e7e Halk K\u00fct\u00fcphanesi a\u00e7\u0131ld\u0131"},"content":{"rendered":"<p><a href=\"http:\/\/www.bbyhaber.com\/bby\/wp-content\/uploads\/2018\/09\/yenisehir-ilce-kutuphane.jpg\"><img loading=\"lazy\" decoding=\"async\" class=\"alignleft size-full wp-image-25133\" src=\"http:\/\/www.bbyhaber.com\/bby\/wp-content\/uploads\/2018\/09\/yenisehir-ilce-kutuphane.jpg\" alt=\"\" width=\"390\" height=\"180\" \/><\/a>Bursa\u2019n\u0131n Yeni\u015fehir il\u00e7esinde \u201c<strong>Yeni\u015fehir Fatma G\u00f6ztepe \u0130l\u00e7e Halk K\u00fct\u00fcphanesi<\/strong>\u201d a\u00e7\u0131l\u0131\u015f t\u00f6reni ger\u00e7ekle\u015ftirildi. Yeni\u015fehir \u0130l\u00e7e Belediyesinin koordinesinde Hay\u0131rsever G\u00f6ztepe Ailesinin katk\u0131lar\u0131yla yapt\u0131r\u0131lan <strong>Fatma G\u00f6ztepe \u0130l\u00e7e Halk K\u00fct\u00fcphanesi<\/strong> Bursa Valisi \u0130zzetin K\u00fc\u00e7\u00fck, B\u00fcy\u00fck\u015fehir Belediye Ba\u015fkan\u0131 Alinur Akta\u015f, TBMM \u0130nsan Haklar\u0131 \u0130nceleme Komisyonu Ba\u015fkan\u0131 Sn. Hakan \u00c7avu\u015fo\u011flu, \u00d6nceki D\u00f6nem \u0130\u00e7i\u015fleri Bakan\u0131 Sn. Efkan Ala, K\u00fclt\u00fcr ve Turizm Bakanl\u0131\u011f\u0131 K\u00fct\u00fcphaneler ve Yay\u0131mlar Genel M\u00fcd\u00fcr\u00fc Sn. Hamdi Tur\u015fucu, \u0130l K\u00fclt\u00fcr ve Turizm M\u00fcd\u00fcr\u00fc Sn. Ahmet Gedik, Bursa \u0130l Halk K\u00fct\u00fcphanesi M\u00fcd\u00fcr\u00fc Sn. \u0130sa Beklevi\u00e7 , parti ba\u015fkanlar\u0131 ve \u00e7ok say\u0131da davetlinin kat\u0131ld\u0131\u011f\u0131 a\u00e7\u0131l\u0131\u015fa TKD Bursa \u015eubesi&#8217;de kat\u0131ld\u0131.<!--more--><\/p>\n<p>Bursa Valisi \u0130zzettin K\u00fc\u00e7\u00fck, TBMM \u0130nsan Haklar\u0131 \u0130nceleme Komisyonu Ba\u015fkan\u0131 Hakan \u00c7avu\u015fo\u011flu ve \u00d6nceki D\u00f6nem \u0130\u00e7i\u015fleri Bakan\u0131 Efkan Ala ile birlikte Yeni\u015fehir Belediyesi Fatma G\u00f6ztepe \u0130l\u00e7e Halk K\u00fct\u00fcphanesi a\u00e7\u0131l\u0131\u015f t\u00f6renine kat\u0131ld\u0131. Bursa protokol\u00fcn\u00fcn yan\u0131 s\u0131ra Hay\u0131rsever G\u00f6ztepe Ailesinin de kat\u0131l\u0131m sa\u011flad\u0131\u011f\u0131 program hay\u0131rsever Mehmet G\u00f6ztepe\u2019nin o\u011flu Sebahattin G\u00f6ztepe\u2019nin selamlama konu\u015fmas\u0131 ile ba\u015flad\u0131. T\u00f6rende konu\u015fan Vali \u0130zzettin K\u00fc\u00e7\u00fck;\u201d Geli\u015fme her\u015feyden \u00f6nce ak\u0131lda ve zihinde ba\u015flar. Bu d\u00fcnyada g\u00f6rd\u00fc\u011f\u00fcm\u00fcz ne kadar iyi, g\u00fczel ve faydal\u0131 \u015fey varsa akl\u0131n, zihnin ve onlar\u0131n ayd\u0131nlatt\u0131\u011f\u0131 ahlak\u0131n eseridir. Ba\u015fka hi\u00e7bir \u015feyin eseri de\u011fildir. Ak\u0131l ise en \u00e7ok ama en \u00e7ok kitapla ayd\u0131nlan\u0131r, harekete ge\u00e7er ve kendini geli\u015ftirir. Ak\u0131llar\u0131n ve zihinlerin geli\u015fmedi\u011fi bir yerde ne kadar yat\u0131r\u0131m yaparsan\u0131z yap\u0131n, hangi tesisi a\u00e7arsan\u0131z a\u00e7\u0131n g\u00f6rece\u011finiz \u015fey sadece ba\u015far\u0131s\u0131zl\u0131k olur. Onun i\u00e7in bu k\u00fct\u00fcphane tabiri caizse b\u00fcy\u00fck ak\u0131llar\u0131n biriktirildi\u011fi, depoland\u0131\u011f\u0131, sakland\u0131\u011f\u0131 yerdir. A\u00e7t\u0131\u011f\u0131m\u0131z yer b\u00fcy\u00fck ak\u0131llar\u0131n sakland\u0131\u011f\u0131 bir hazine sand\u0131\u011f\u0131d\u0131r. B\u00f6yle bir hay\u0131rl\u0131 i\u015fi ger\u00e7ekle\u015ftirdi\u011fi i\u00e7in Mehmet G\u00f6ztepe Bey&#8217;i ve ailesini tebrik ediyorum, te\u015fekk\u00fcr ediyorum. Allah \u00f6m\u00fcrlerine \u00f6m\u00fcr kats\u0131n. Fatma han\u0131mefendiyi de rahmetle y\u00e2d ediyorum. \u0130l\u00e7emize hay\u0131rl\u0131 olsun.\u201ddedi.<\/p>\n<p><a href=\"http:\/\/www.bursa.gov.tr\" target=\"_blank\" rel=\"noopener\">Kaynak<\/a><\/p>\n","protected":false},"excerpt":{"rendered":"<p>Bursa\u2019n\u0131n Yeni\u015fehir il\u00e7esinde \u201cYeni\u015fehir Fatma G\u00f6ztepe \u0130l\u00e7e Halk K\u00fct\u00fcphanesi\u201d a\u00e7\u0131l\u0131\u015f t\u00f6reni ger\u00e7ekle\u015ftirildi. Yeni\u015fehir \u0130l\u00e7e Belediyesinin koordinesinde Hay\u0131rsever G\u00f6ztepe Ailesinin katk\u0131lar\u0131yla yapt\u0131r\u0131lan Fatma G\u00f6ztepe \u0130l\u00e7e Halk K\u00fct\u00fcphanesi Bursa Valisi \u0130zzetin K\u00fc\u00e7\u00fck, B\u00fcy\u00fck\u015fehir Belediye Ba\u015fkan\u0131 Alinur Akta\u015f, TBMM \u0130nsan Haklar\u0131 \u0130nceleme Komisyonu Ba\u015fkan\u0131 Sn. Hakan \u00c7avu\u015fo\u011flu, \u00d6nceki D\u00f6nem \u0130\u00e7i\u015fleri Bakan\u0131 Sn. Efkan Ala, K\u00fclt\u00fcr ve Turizm Bakanl\u0131\u011f\u0131 [&hellip;]<\/p>\n","protected":false},"author":1,"featured_media":25133,"comment_status":"open","ping_status":"open","sticky":false,"template":"","format":"standard","meta":{"footnotes":""},"categories":[1],"tags":[],"class_list":["post-25132","post","type-post","status-publish","format-standard","has-post-thumbnail","hentry","category-genel"],"_links":{"self":[{"href":"https:\/\/www.bbyhaber.com\/bby\/wp-json\/wp\/v2\/posts\/25132"}],"collection":[{"href":"https:\/\/www.bbyhaber.com\/bby\/wp-json\/wp\/v2\/posts"}],"about":[{"href":"https:\/\/www.bbyhaber.com\/bby\/wp-json\/wp\/v2\/types\/post"}],"author":[{"embeddable":true,"href":"https:\/\/www.bbyhaber.com\/bby\/wp-json\/wp\/v2\/users\/1"}],"replies":[{"embeddable":true,"href":"https:\/\/www.bbyhaber.com\/bby\/wp-json\/wp\/v2\/comments?post=25132"}],"version-history":[{"count":2,"href":"https:\/\/www.bbyhaber.com\/bby\/wp-json\/wp\/v2\/posts\/25132\/revisions"}],"predecessor-version":[{"id":25135,"href":"https:\/\/www.bbyhaber.com\/bby\/wp-json\/wp\/v2\/posts\/25132\/revisions\/25135"}],"wp:featuredmedia":[{"embeddable":true,"href":"https:\/\/www.bbyhaber.com\/bby\/wp-json\/wp\/v2\/media\/25133"}],"wp:attachment":[{"href":"https:\/\/www.bbyhaber.com\/bby\/wp-json\/wp\/v2\/media?parent=25132"}],"wp:term":[{"taxonomy":"category","embeddable":true,"href":"https:\/\/www.bbyhaber.com\/bby\/wp-json\/wp\/v2\/categories?post=25132"},{"taxonomy":"post_tag","embeddable":true,"href":"https:\/\/www.bbyhaber.com\/bby\/wp-json\/wp\/v2\/tags?post=25132"}],"curies":[{"name":"wp","href":"https:\/\/api.w.org\/{rel}","templated":true}]}}