{"id":25127,"date":"2018-09-25T15:26:18","date_gmt":"2018-09-25T12:26:18","guid":{"rendered":"http:\/\/www.bbyhaber.com\/bby\/?p=25127"},"modified":"2018-09-25T15:27:37","modified_gmt":"2018-09-25T12:27:37","slug":"cocuk-kutuphaneleri-icin-kosacaklar","status":"publish","type":"post","link":"https:\/\/www.bbyhaber.com\/bby\/2018\/09\/25\/cocuk-kutuphaneleri-icin-kosacaklar","title":{"rendered":"\u00c7ocuk K\u00fct\u00fcphaneleri \u0130\u00e7in Ko\u015facaklar"},"content":{"rendered":"<p><a href=\"http:\/\/www.bbyhaber.com\/bby\/wp-content\/uploads\/2018\/09\/cocuk-kutuphaneleri-icin-kosacaklar.jpg\"><img loading=\"lazy\" decoding=\"async\" class=\"alignleft  wp-image-25128\" src=\"http:\/\/www.bbyhaber.com\/bby\/wp-content\/uploads\/2018\/09\/cocuk-kutuphaneleri-icin-kosacaklar.jpg\" alt=\"\" width=\"211\" height=\"216\" srcset=\"https:\/\/www.bbyhaber.com\/bby\/wp-content\/uploads\/2018\/09\/cocuk-kutuphaneleri-icin-kosacaklar.jpg 646w, https:\/\/www.bbyhaber.com\/bby\/wp-content\/uploads\/2018\/09\/cocuk-kutuphaneleri-icin-kosacaklar-293x300.jpg 293w\" sizes=\"(max-width: 211px) 100vw, 211px\" \/><\/a>K\u00fct\u00fcphane \u00e7al\u0131\u015fanlar\u0131, k\u00fct\u00fcphane dostlar\u0131 ve k\u00fct\u00fcphanecilik e\u011fitimi devam eden \u00f6\u011frencilerden olu\u015fan Fahrenayt 451 isimli futbol tak\u0131m\u0131 oyuncular\u0131 40. \u0130stanbul Maratonununda \u201c<strong>\u00c7ocuk K\u00fct\u00fcphaneleri<\/strong> \u0130\u00e7in Ko\u015fuyoruz!\u201d temas\u0131yla maratona kat\u0131lacak.<!--more--><\/p>\n<p><strong>Fahrenayt 451 oyuncular\u0131n\u0131n a\u00e7\u0131klamas\u0131;<\/strong><\/p>\n<p><em>Bizler; k\u00fct\u00fcphanelerde \u00e7al\u0131\u015f\u0131yoruz, Bilgi ve Belge b\u00f6l\u00fcm\u00fc \u00f6\u011frencileriyiz, ba\u015fka ba\u015fka mesleklerden kitap ve k\u00fct\u00fcphane dostlar\u0131y\u0131z. Bir araya geldik ve bir futbol tak\u0131m\u0131 kurduk. Tak\u0131m\u0131m\u0131z Fahrenayt 451 birbirinden farkl\u0131 kimliklerin bulu\u015fma noktas\u0131.<br \/>\nTak\u0131m\u0131m\u0131z\u0131n her y\u0131l \u00fczerine d\u00fc\u015f\u00fcnd\u00fc\u011f\u00fc bir konsepti oluyor. Bazen K\u00fct\u00fcphane Yasas\u0131na, bazen \u00f6zl\u00fck haklar\u0131na vurgu yap\u0131yoruz.<\/em><\/p>\n<p>Bu y\u0131l ise temam\u0131z\u00a0<strong>\u201c\u00c7ocuk K\u00fct\u00fcphaneleri\u201d<\/strong>\u00a0\u00dclkemizde ve i\u00e7inde ya\u015fad\u0131\u011f\u0131m\u0131z kent olan \u0130stanbul\u2019da \u00e7ocuk k\u00fct\u00fcphanelerinin yetersiz oldu\u011funu biliyoruz. Var olan \u00c7ocuk K\u00fct\u00fcphanelerinin imk\u00e2nlar\u0131n\u0131n zay\u0131f oldu\u011funu biliyoruz. Hi\u00e7 k\u00fct\u00fcphane bulunmayan semtlerin varl\u0131\u011f\u0131na tan\u0131k oluyoruz. \u0130stiyoruz ki her mahallede, s\u00fcrekli artan toplumsal de\u011fi\u015fikliklere yan\u0131t veren ve b\u00fct\u00fcn \u00e7ocuklar\u0131n bilgi, k\u00fclt\u00fcr, oyun ve e\u011flenme gereksinimlerini kar\u015f\u0131layan k\u00fct\u00fcphaneler olsun.<\/p>\n<p><strong>Destek vermek isteyenlere \u00e7a\u011fr\u0131\u2026<\/strong><\/p>\n<p>\u00c7ocuk k\u00fct\u00fcphanelerinin yetersizli\u011fine dikkat \u00e7ekmek i\u00e7in, imk\u00e2n\u0131 olanlar ile 10K ko\u015fusuna kat\u0131l\u0131yoruz.<br \/>\nE\u011fer 10K\u2019ya kat\u0131lmak isteyen k\u00fct\u00fcphane dostlar\u0131m\u0131z varsa, son ba\u015fvuru tarihi 30 Eyl\u00fcl, ka\u00e7\u0131rmay\u0131n!<br \/>\nBunun haricinde, ayr\u0131ca Halk Ko\u015fusu\u2019na da kat\u0131l\u0131yoruz.<\/p>\n<p>\u00d6yleyse gelin birlikte ko\u015fal\u0131m, \u00e7ocuk k\u00fct\u00fcphanelerinin eksikli\u011fine birlikte dikkat \u00e7ekelim\u2026<br \/>\n<a href=\"https:\/\/www.facebook.com\/events\/479187612558189\/\" target=\"_blank\" rel=\"noopener\">Etkinlik lnki https:\/\/www.facebook.com\/events\/479187612558189\/<\/a><\/p>\n<p>Ko\u015fular ile ilgili bilgiler i\u00e7in <a href=\"https:\/\/www.maraton.istanbul\/\" target=\"_blank\" rel=\"noopener\">https:\/\/www.maraton.istanbul\/<\/a><\/p>\n<p><a href=\"http:\/\/www.okumaajansi.com\" target=\"_blank\" rel=\"noopener\">Kaynak<\/a><\/p>\n","protected":false},"excerpt":{"rendered":"<p>K\u00fct\u00fcphane \u00e7al\u0131\u015fanlar\u0131, k\u00fct\u00fcphane dostlar\u0131 ve k\u00fct\u00fcphanecilik e\u011fitimi devam eden \u00f6\u011frencilerden olu\u015fan Fahrenayt 451 isimli futbol tak\u0131m\u0131 oyuncular\u0131 40. \u0130stanbul Maratonununda \u201c\u00c7ocuk K\u00fct\u00fcphaneleri \u0130\u00e7in Ko\u015fuyoruz!\u201d temas\u0131yla maratona kat\u0131lacak.<\/p>\n","protected":false},"author":1,"featured_media":25128,"comment_status":"open","ping_status":"open","sticky":false,"template":"","format":"standard","meta":{"footnotes":""},"categories":[],"tags":[1439,1013],"class_list":["post-25127","post","type-post","status-publish","format-standard","has-post-thumbnail","hentry","tag-cocuk-kutuphaneleri","tag-kutuphaneci-futbol-takimi"],"_links":{"self":[{"href":"https:\/\/www.bbyhaber.com\/bby\/wp-json\/wp\/v2\/posts\/25127"}],"collection":[{"href":"https:\/\/www.bbyhaber.com\/bby\/wp-json\/wp\/v2\/posts"}],"about":[{"href":"https:\/\/www.bbyhaber.com\/bby\/wp-json\/wp\/v2\/types\/post"}],"author":[{"embeddable":true,"href":"https:\/\/www.bbyhaber.com\/bby\/wp-json\/wp\/v2\/users\/1"}],"replies":[{"embeddable":true,"href":"https:\/\/www.bbyhaber.com\/bby\/wp-json\/wp\/v2\/comments?post=25127"}],"version-history":[{"count":3,"href":"https:\/\/www.bbyhaber.com\/bby\/wp-json\/wp\/v2\/posts\/25127\/revisions"}],"predecessor-version":[{"id":25131,"href":"https:\/\/www.bbyhaber.com\/bby\/wp-json\/wp\/v2\/posts\/25127\/revisions\/25131"}],"wp:featuredmedia":[{"embeddable":true,"href":"https:\/\/www.bbyhaber.com\/bby\/wp-json\/wp\/v2\/media\/25128"}],"wp:attachment":[{"href":"https:\/\/www.bbyhaber.com\/bby\/wp-json\/wp\/v2\/media?parent=25127"}],"wp:term":[{"taxonomy":"category","embeddable":true,"href":"https:\/\/www.bbyhaber.com\/bby\/wp-json\/wp\/v2\/categories?post=25127"},{"taxonomy":"post_tag","embeddable":true,"href":"https:\/\/www.bbyhaber.com\/bby\/wp-json\/wp\/v2\/tags?post=25127"}],"curies":[{"name":"wp","href":"https:\/\/api.w.org\/{rel}","templated":true}]}}