{"id":25124,"date":"2018-09-24T10:16:34","date_gmt":"2018-09-24T07:16:34","guid":{"rendered":"http:\/\/www.bbyhaber.com\/bby\/?p=25124"},"modified":"2018-09-24T10:16:34","modified_gmt":"2018-09-24T07:16:34","slug":"belediye-kutuphaneleri-ankara-bolge-semineri-gerceklestirildi","status":"publish","type":"post","link":"https:\/\/www.bbyhaber.com\/bby\/2018\/09\/24\/belediye-kutuphaneleri-ankara-bolge-semineri-gerceklestirildi","title":{"rendered":"Belediye K\u00fct\u00fcphaneleri Ankara B\u00f6lge Semineri Ger\u00e7ekle\u015ftirildi"},"content":{"rendered":"<p><a href=\"http:\/\/www.bbyhaber.com\/bby\/wp-content\/uploads\/2018\/09\/belediye-kutuphaneleri-bolge-semineri.jpg\"><img loading=\"lazy\" decoding=\"async\" class=\"alignleft size-full wp-image-25125\" src=\"http:\/\/www.bbyhaber.com\/bby\/wp-content\/uploads\/2018\/09\/belediye-kutuphaneleri-bolge-semineri.jpg\" alt=\"\" width=\"390\" height=\"180\" \/><\/a>Daha \u00f6nce 11 y\u0131l s\u00fcrd\u00fcrd\u00fc\u011f\u00fcm\u00fcz <a href=\"http:\/\/www.bbyhaber.com\/bby\/tag\/halk-kutuphaneleri-bolge-seminerleri\" target=\"_blank\" rel=\"noopener\">Halk K\u00fct\u00fcphaneleri B\u00f6lge Seminerleri<\/a> deneyimimizi ayn\u0131 payda\u015flarla yeni bir seminer dizisine d\u00f6n\u00fc\u015ft\u00fcrme plan\u0131m\u0131z\u0131n ilk ad\u0131m\u0131n\u0131 atm\u0131\u015f bulunmaktay\u0131z.<\/p>\n<p>T\u00fcrkiye\u2019de son y\u0131llarda g\u00fcndeme gelmeye ba\u015flayan belediye k\u00fct\u00fcphaneleri de en az halk ve okul k\u00fct\u00fcphaneleri kadar, belki daha fazla, ele al\u0131nmas\u0131, de\u011ferlendirilmesi ve tart\u0131\u015f\u0131lmas\u0131 gereken k\u00fct\u00fcphanelerdir. \u0130stisnalar\u0131 d\u0131\u015f\u0131nda ne yaz\u0131k ki yolun daha ba\u015f\u0131nda olduklar\u0131 s\u00f6ylenebilir. Bu nedenle \u00f6zellikle geli\u015fme \u00e7abas\u0131nda olan belediye k\u00fct\u00fcphanelerini hem hareketlendirmek hem de sorunlar\u0131n\u0131 irdeleyerek, onlara yard\u0131mc\u0131 olmak, desteklemek gerekmektedir.<!--more--><\/p>\n<p>Bu yakla\u015f\u0131mla T\u00fcrk K\u00fct\u00fcphaneciler Derne\u011fi, Goethe Institut Ankara ve G\u00fcn\u0131\u015f\u0131\u011f\u0131 Kitapl\u0131\u011f\u0131 i\u015fbirli\u011fi \u00e7er\u00e7evesinde planlanan <strong>Belediye K\u00fct\u00fcphaneleri B\u00f6lge Seminerleri<\/strong> dizisinin ilki 21-22 Eyl\u00fcl 2018 tarihlerinde Ankara Midas Otel\u2019de yap\u0131lm\u0131\u015ft\u0131r. K\u00fct\u00fcphaneci, k\u00fct\u00fcphane \u00e7al\u0131\u015fan\u0131, k\u00fct\u00fcphane m\u00fcd\u00fcr\u00fc\/y\u00f6neticileri, TKD \u015fube ba\u015fkanlar\u0131 ve akademisyenlerden olu\u015fan toplam 50 davetli kat\u0131l\u0131mc\u0131 ile ger\u00e7ekle\u015ftirilen ve T\u00fcrkiye Belediyeler Birli\u011fi ile Marmara Belediyeler Birli\u011fi\u2019nin de davet edildi\u011fi seminerde iki g\u00fcn boyunca belediye k\u00fct\u00fcphanelerine ili\u015fkin \u00e7e\u015fitli bilimsel, mesleki ve uygulama sorunlar\u0131 ele al\u0131nm\u0131\u015ft\u0131r. \u201c<strong>Belediye (halk) k\u00fct\u00fcphanelerinin bug\u00fcn\u00fc ve gelece\u011fi<\/strong>\u201d, \u201c<strong>belediye k\u00fct\u00fcphanelerinde kataloglama-s\u0131n\u0131flama sorunlar\u0131<\/strong>\u201d, \u201c<strong>belediye k\u00fct\u00fcphanelerinde mevzuat sorunlar\u0131<\/strong>\u201d, \u201c<strong>belediye k\u00fct\u00fcphanelerinde edebiyat ve yay\u0131nc\u0131l\u0131k<\/strong>\u201d, \u201c<strong>belediye k\u00fct\u00fcphanelerinde yenilik\u00e7i hizmetler<\/strong>\u201d, \u201c<strong>belediye k\u00fct\u00fcphanelerinde iyi uygulama \u00f6rnekleri<\/strong>\u201d ve \u201c<strong>belediye k\u00fct\u00fcphanelerinde mesleki sorunlar<\/strong>\u201d ba\u015fl\u0131klar\u0131 alt\u0131nda de\u011ferlendirilen konular \u00e7e\u015fitli a\u00e7\u0131lardan tart\u0131\u015f\u0131lm\u0131\u015ft\u0131r.<\/p>\n<p><strong>Belediye K\u00fct\u00fcphaneleri Ankara B\u00f6lge Semineri<\/strong>\u2019ni son derece yararl\u0131 bulan ve a\u011f\u0131rl\u0131kla Ankara ve \u0130\u00e7 Anadolu B\u00f6lgesi illeri belediye k\u00fct\u00fcphanelerinden gelen kat\u0131l\u0131mc\u0131lar, seminerlerin s\u00fcrd\u00fcr\u00fclmesini, seminer s\u00fcresinin uzat\u0131lmas\u0131n\u0131, halk k\u00fct\u00fcphaneleri ile ili\u015fkiler ve benzeri farkl\u0131 konular\u0131n da ele al\u0131nmas\u0131n\u0131 talep etmi\u015flerdir. Ba\u015fta T\u00fcrk K\u00fct\u00fcphaneciler Derne\u011fi olmak \u00fczere seminerin payda\u015f kurulu\u015flar\u0131 Goethe Institut Ankara ve G\u00fcn\u0131\u015f\u0131\u011f\u0131 Kitapl\u0131\u011f\u0131 ile organizasyonda rol alan meslekta\u015flar Belediye K\u00fct\u00fcphaneleri B\u00f6lge Seminerlerini di\u011fer b\u00f6lgelere yayarak s\u00fcrd\u00fcrme konusunda ellerinden gelen \u00e7abay\u0131 g\u00f6stereceklerini bildirmi\u015flerdir.<\/p>\n<p>Hem toplumun bilgilenme hakk\u0131n\u0131 ger\u00e7ekle\u015ftirmede hem de mezun profesyonel k\u00fct\u00fcphanecilere istihdam yaratma konusunda yeni olanaklar sunabilecek belediye k\u00fct\u00fcphaneleri ile ilgili bu seminer etkinli\u011finin mesle\u011fimize katk\u0131 sa\u011flamas\u0131n\u0131 diler, destek ve i\u015fbirlikleri i\u00e7in T\u00fcrk K\u00fct\u00fcphaneciler Derne\u011fi, Ankara Goethe Institut ve G\u00fcn\u0131\u015f\u0131\u011f\u0131 Kitapl\u0131\u011f\u0131\u2019na, seminerde bilgi ve deneyimlerini sunum yaparak bizimle payla\u015fan hocalar\u0131m\u0131za ve meslekta\u015flar\u0131m\u0131za, katk\u0131lar\u0131 i\u00e7in di\u011fer arkada\u015flar\u0131m\u0131za ve g\u00f6n\u00fcll\u00fc BBY B\u00f6l\u00fcm\u00fc \u00f6\u011frencilerimize te\u015fekk\u00fcr ederiz.<\/p>\n<p>Seminer dizimizi di\u011fer b\u00f6lgelere geni\u015fleterek ve geli\u015ftirerek s\u00fcrd\u00fcrebilmeyi umuyoruz.<\/p>\n<p>Sayg\u0131lar\u0131mla,<\/p>\n<p>Prof. Dr. B\u00fclent Y\u0131lmaz<br \/>\nHacettepe \u00dcniversitesi<br \/>\nBilgi ve Belge Y\u00f6netimi B\u00f6l\u00fcm\u00fc<br \/>\n\u00d6\u011fretim \u00dcyesi<\/p>\n","protected":false},"excerpt":{"rendered":"<p>Daha \u00f6nce 11 y\u0131l s\u00fcrd\u00fcrd\u00fc\u011f\u00fcm\u00fcz Halk K\u00fct\u00fcphaneleri B\u00f6lge Seminerleri deneyimimizi ayn\u0131 payda\u015flarla yeni bir seminer dizisine d\u00f6n\u00fc\u015ft\u00fcrme plan\u0131m\u0131z\u0131n ilk ad\u0131m\u0131n\u0131 atm\u0131\u015f bulunmaktay\u0131z. T\u00fcrkiye\u2019de son y\u0131llarda g\u00fcndeme gelmeye ba\u015flayan belediye k\u00fct\u00fcphaneleri de en az halk ve okul k\u00fct\u00fcphaneleri kadar, belki daha fazla, ele al\u0131nmas\u0131, de\u011ferlendirilmesi ve tart\u0131\u015f\u0131lmas\u0131 gereken k\u00fct\u00fcphanelerdir. \u0130stisnalar\u0131 d\u0131\u015f\u0131nda ne yaz\u0131k ki yolun daha [&hellip;]<\/p>\n","protected":false},"author":1,"featured_media":25125,"comment_status":"open","ping_status":"open","sticky":false,"template":"","format":"standard","meta":{"footnotes":""},"categories":[],"tags":[1451,1083],"class_list":["post-25124","post","type-post","status-publish","format-standard","has-post-thumbnail","hentry","tag-belediye-kutuphaneleri","tag-belediye-kutuphaneleri-bolge-seminerleri"],"_links":{"self":[{"href":"https:\/\/www.bbyhaber.com\/bby\/wp-json\/wp\/v2\/posts\/25124"}],"collection":[{"href":"https:\/\/www.bbyhaber.com\/bby\/wp-json\/wp\/v2\/posts"}],"about":[{"href":"https:\/\/www.bbyhaber.com\/bby\/wp-json\/wp\/v2\/types\/post"}],"author":[{"embeddable":true,"href":"https:\/\/www.bbyhaber.com\/bby\/wp-json\/wp\/v2\/users\/1"}],"replies":[{"embeddable":true,"href":"https:\/\/www.bbyhaber.com\/bby\/wp-json\/wp\/v2\/comments?post=25124"}],"version-history":[{"count":1,"href":"https:\/\/www.bbyhaber.com\/bby\/wp-json\/wp\/v2\/posts\/25124\/revisions"}],"predecessor-version":[{"id":25126,"href":"https:\/\/www.bbyhaber.com\/bby\/wp-json\/wp\/v2\/posts\/25124\/revisions\/25126"}],"wp:featuredmedia":[{"embeddable":true,"href":"https:\/\/www.bbyhaber.com\/bby\/wp-json\/wp\/v2\/media\/25125"}],"wp:attachment":[{"href":"https:\/\/www.bbyhaber.com\/bby\/wp-json\/wp\/v2\/media?parent=25124"}],"wp:term":[{"taxonomy":"category","embeddable":true,"href":"https:\/\/www.bbyhaber.com\/bby\/wp-json\/wp\/v2\/categories?post=25124"},{"taxonomy":"post_tag","embeddable":true,"href":"https:\/\/www.bbyhaber.com\/bby\/wp-json\/wp\/v2\/tags?post=25124"}],"curies":[{"name":"wp","href":"https:\/\/api.w.org\/{rel}","templated":true}]}}