{"id":25063,"date":"2018-09-11T15:50:53","date_gmt":"2018-09-11T12:50:53","guid":{"rendered":"http:\/\/www.bbyhaber.com\/bby\/?p=25063"},"modified":"2018-09-12T13:09:14","modified_gmt":"2018-09-12T10:09:14","slug":"bby-mezunlari-kadrolara-dair-ortak-bildiri-yayinladi","status":"publish","type":"post","link":"https:\/\/www.bbyhaber.com\/bby\/2018\/09\/11\/bby-mezunlari-kadrolara-dair-ortak-bildiri-yayinladi","title":{"rendered":"BBY mezunlar\u0131 kadrolara dair ortak bildiri yay\u0131nlad\u0131"},"content":{"rendered":"<p><a href=\"http:\/\/www.bbyhaber.com\/bby\/wp-content\/uploads\/2018\/09\/mezunlar-ortak-bildiri.jpg\"><img loading=\"lazy\" decoding=\"async\" class=\"alignleft size-full wp-image-25064\" src=\"http:\/\/www.bbyhaber.com\/bby\/wp-content\/uploads\/2018\/09\/mezunlar-ortak-bildiri.jpg\" alt=\"\" width=\"390\" height=\"180\" \/><\/a>Ankara, Atat\u00fcrk, \u00c7ank\u0131r\u0131, Hacettepe, \u0130stanbul, Marmara ve Y\u0131ld\u0131r\u0131m Beyaz\u0131t \u00dcniversitelerinden mezun BBY \u00f6\u011frencileri atamalarda ya\u015fanan kadro azl\u0131\u011f\u0131 ve s\u0131k\u0131nt\u0131s\u0131na dair ortak bir bildiri yay\u0131nlad\u0131lar. 45 BBY mezunun ortak g\u00f6r\u00fc\u015f\u00fc olan bu bildirinin i\u00e7eri\u011fi a\u015fa\u011f\u0131daki gibidir:<!--more--><\/p>\n<p>Mesle\u011fimizin gidi\u015fat\u0131na ve b\u00f6l\u00fcm mezunlar\u0131n\u0131n durumuna de\u011finerek kendimizi ve sorunlar\u0131m\u0131z\u0131 sizlere anlatmak istedik. Bizler i\u00e7in ve en \u00f6nemlisi mesle\u011fimizin sorunlar\u0131 i\u00e7in belki bizim d\u00fc\u015f\u00fcncelerimize destek olur ve yol g\u00f6sterirsiniz.<\/p>\n<p>Mesle\u011fimizin en temel sorunu olan liyakat hususunda biz mezunlar olarak tedirginiz. Halk k\u00fct\u00fcphanelerinde k\u00fct\u00fcphaneci olarak \u00e7al\u0131\u015fan bir\u00e7ok ki\u015fi asl\u0131nda b\u00f6l\u00fcm mezunu olmayan ama bizim i\u015fimizi yapan ki\u015filer. Bunun i\u00e7in \u00e7\u00f6z\u00fcm \u00f6nerileri ar\u0131yoruz. Baz\u0131 sosyal mecralardan sesimizi duyurmaya \u00e7al\u0131\u015f\u0131yor fakat yetersiz kal\u0131yoruz. Sadece mezunlar olarak liyakat sorununun alt\u0131ndan kalkabilmemiz pek olas\u0131 g\u00f6z\u00fckm\u00fcyor.<\/p>\n<p>Di\u011fer bir sorunumuz ise kadro. \u00c7ok k\u00fct\u00fcphaneci a\u00e7\u0131\u011f\u0131 var fakat nedense al\u0131mlar\u0131m\u0131z \u00e7ok az. Ayhan Tu\u011flu, twitterda bir tweetinde fazla mezun oldu\u011funu ve en az\u0131ndan ikinci \u00f6\u011fretimlerin kapat\u0131lmas\u0131 gerekti\u011fini dile getirdi. B\u00f6l\u00fcmleri kontrol alt\u0131na almak bir \u00f6nlem olabilir tabiki ama en b\u00fcy\u00fck sorun bu mu? Fazla mezun var da fazla k\u00fct\u00fcphaneci a\u00e7\u0131\u011f\u0131 yok mu? Bir d\u00fc\u015f\u00fcnmeleri gerekmiyor mu bu hususu?<\/p>\n<p>Bir de okul k\u00fct\u00fcphaneleri ile ilgili olan sorunumuz var tabi. Okullarda k\u00fct\u00fcphaneler (yeterli veya yetersiz) mevcut durumda fakat ne yaz\u0131k ki g\u00f6rev alan ki\u015filer BBY mezunu k\u00fct\u00fcphaneciler de\u011fil. K\u00fct\u00fcphane varsa k\u00fct\u00fcphaneci neden yok? Neden bizim i\u015fimizi okul b\u00fcnyesindeki ba\u015fka ki\u015filer \u00fcstlenmekte? Milli E\u011fitim Bakanl\u0131\u011f\u0131 Okul K\u00fct\u00fcphaneleri Y\u00f6netmeli\u011fi\u2019nin birinci b\u00f6l\u00fcm\u00fc tan\u0131mlar k\u0131sm\u0131 madde 4-e\u2019de k\u00fct\u00fcphaneci, \u201clisans d\u00fczeyinde k\u00fct\u00fcphanecilik e\u011fitimi alm\u0131\u015f personel\u201d olarak ifade edilmektedir. Bu a\u00e7\u0131klamaya g\u00f6re biz BBY mezunlar\u0131 okul k\u00fct\u00fcphanelerinde \u00e7al\u0131\u015fma hakk\u0131na sahibiz. Okul K\u00fct\u00fcphanecileri Derne\u011fi neden bu hususta bir \u015feyler yapm\u0131yor?<\/p>\n<p>Son olarak ise bir \u201cg\u00f6n\u00fcll\u00fc\u201d konusu var \u015fu aralar. Belirli illerde ve il\u00e7elerde \u201ck\u00fct\u00fcphane dostu\u201d vb. ad\u0131 alt\u0131nda halk k\u00fct\u00fcphanelerinde baz\u0131 i\u015fleri( raf d\u00fczenleme, barkod, ciltleme, \u00f6d\u00fcn\u00e7 iade, tasnif, ay\u0131klama vb.) yapt\u0131rmak amac\u0131yla g\u00f6n\u00fcll\u00fc ki\u015filer aran\u0131yor. \u0130lanlar bu \u015fekilde ve bu \u00e7al\u0131\u015fma bakanl\u0131\u011f\u0131n onaylad\u0131\u011f\u0131 bir uygulama olmu\u015f. Bu bizi yok saymak olmuyor mu? Biz BBY mezunlar\u0131 ve \u00f6\u011frencileri olarak bu duruma \u00e7ok \u00fcz\u00fcld\u00fck. Bir\u00e7ok mezun ve \u00f6\u011frenci varken b\u00f6yle g\u00f6n\u00fcll\u00fcl\u00fck esasl\u0131 bir proje i\u00e7in en az\u0131ndan \u201cBBY \u00f6\u011frencisi veya mezunu olma\u201d \u015fart\u0131 konulabilirdi diye d\u00fc\u015f\u00fcn\u00fcyoruz. Bu \u015fekilde yani BBY mezunu olmas\u0131 \u015fart\u0131 ile ilan veren sadece Ayd\u0131n Sultanhisar Halk K\u00fct\u00fcphanesi var. Biz mezunlar kadro beklerken, al\u0131mlardan \u00f6nce Halk K\u00fct\u00fcphanelerinde bu yolla bir \u00e7ok d\u00fczenleme ve i\u015flem yap\u0131lmas\u0131n\u0131 pek ho\u015f kar\u015f\u0131layamad\u0131k.<\/p>\n<p>\u015eimdi sizlere, de\u011ferli b\u00fcy\u00fcklerimiz olarak siz meslekta\u015flar\u0131m\u0131za as\u0131l dan\u0131\u015fmak istedi\u011fimiz \u015fu; biz elimizden geleni yapmak istiyoruz fakat sizlerin deste\u011fi olmadan \u00e7ok zor. Bize destek olur musunuz? Yol g\u00f6sterir misiniz?<\/p>\n<p>Kaynak:K\u00fct\u00fcp-L<\/p>\n","protected":false},"excerpt":{"rendered":"<p>Ankara, Atat\u00fcrk, \u00c7ank\u0131r\u0131, Hacettepe, \u0130stanbul, Marmara ve Y\u0131ld\u0131r\u0131m Beyaz\u0131t \u00dcniversitelerinden mezun BBY \u00f6\u011frencileri atamalarda ya\u015fanan kadro azl\u0131\u011f\u0131 ve s\u0131k\u0131nt\u0131s\u0131na dair ortak bir bildiri yay\u0131nlad\u0131lar. 45 BBY mezunun ortak g\u00f6r\u00fc\u015f\u00fc olan bu bildirinin i\u00e7eri\u011fi a\u015fa\u011f\u0131daki gibidir:<\/p>\n","protected":false},"author":1,"featured_media":25064,"comment_status":"open","ping_status":"open","sticky":false,"template":"","format":"standard","meta":{"footnotes":""},"categories":[31],"tags":[1398],"class_list":["post-25063","post","type-post","status-publish","format-standard","has-post-thumbnail","hentry","category-bbykpss","tag-bby-ozluk-haklari"],"_links":{"self":[{"href":"https:\/\/www.bbyhaber.com\/bby\/wp-json\/wp\/v2\/posts\/25063"}],"collection":[{"href":"https:\/\/www.bbyhaber.com\/bby\/wp-json\/wp\/v2\/posts"}],"about":[{"href":"https:\/\/www.bbyhaber.com\/bby\/wp-json\/wp\/v2\/types\/post"}],"author":[{"embeddable":true,"href":"https:\/\/www.bbyhaber.com\/bby\/wp-json\/wp\/v2\/users\/1"}],"replies":[{"embeddable":true,"href":"https:\/\/www.bbyhaber.com\/bby\/wp-json\/wp\/v2\/comments?post=25063"}],"version-history":[{"count":2,"href":"https:\/\/www.bbyhaber.com\/bby\/wp-json\/wp\/v2\/posts\/25063\/revisions"}],"predecessor-version":[{"id":25066,"href":"https:\/\/www.bbyhaber.com\/bby\/wp-json\/wp\/v2\/posts\/25063\/revisions\/25066"}],"wp:featuredmedia":[{"embeddable":true,"href":"https:\/\/www.bbyhaber.com\/bby\/wp-json\/wp\/v2\/media\/25064"}],"wp:attachment":[{"href":"https:\/\/www.bbyhaber.com\/bby\/wp-json\/wp\/v2\/media?parent=25063"}],"wp:term":[{"taxonomy":"category","embeddable":true,"href":"https:\/\/www.bbyhaber.com\/bby\/wp-json\/wp\/v2\/categories?post=25063"},{"taxonomy":"post_tag","embeddable":true,"href":"https:\/\/www.bbyhaber.com\/bby\/wp-json\/wp\/v2\/tags?post=25063"}],"curies":[{"name":"wp","href":"https:\/\/api.w.org\/{rel}","templated":true}]}}