{"id":25042,"date":"2018-09-07T00:59:18","date_gmt":"2018-09-06T21:59:18","guid":{"rendered":"http:\/\/www.bbyhaber.com\/bby\/?p=25042"},"modified":"2018-10-23T09:06:38","modified_gmt":"2018-10-23T06:06:38","slug":"kutuphanecilik-degerli-bir-meslek-mi","status":"publish","type":"post","link":"https:\/\/www.bbyhaber.com\/bby\/2018\/09\/07\/kutuphanecilik-degerli-bir-meslek-mi","title":{"rendered":"K\u00fct\u00fcphanecilik de\u011ferli bir meslek mi? | Cem \u00d6ZEL"},"content":{"rendered":"<p>[avatar user=&#8221;cemozel&#8221; \/]<a href=\"http:\/\/www.bbyhaber.com\/bby\/author\/cemozel\"><br \/>\nCem \u00d6ZEL<\/a><br \/>\n<strong>Kullan\u0131c\u0131 Hizmetleri Y\u00f6neticisi\/Sabanc\u0131 \u00dcniversitesi Bilgi Merkezi<\/strong><\/p>\n<p><a href=\"http:\/\/www.bbyhaber.com\/bby\/wp-content\/uploads\/2018\/09\/kutuphanecilik-degerli-bir-meslek-mi.jpg\"><img loading=\"lazy\" decoding=\"async\" class=\"alignleft size-full wp-image-25043\" src=\"http:\/\/www.bbyhaber.com\/bby\/wp-content\/uploads\/2018\/09\/kutuphanecilik-degerli-bir-meslek-mi.jpg\" alt=\"\" width=\"390\" height=\"180\" \/><\/a>Herkes yapm\u0131\u015f oldu\u011fu i\u015fi, bu d\u00fcnyada en \u00f6nemli i\u015f olarak g\u00f6r\u00fcr.<!--more--><\/p>\n<p>Felsefeciler, kendilerini bilim olarak de\u011fil bilimlerin anas\u0131 olarak g\u00f6r\u00fcr.<\/p>\n<p>Doktor, hastalar\u0131na yukar\u0131dan bakar, en k\u0131ymetli i\u015fi o yap\u0131yormu\u015f gibi. Can kurtar\u0131yor, boru mu?<br \/>\nAld\u0131klar\u0131, hi\u00e7 hesapta yok!<\/p>\n<p>M\u00fchendisler desen, d\u00fcnyay\u0131 onlar kurdu. Di\u011fer i\u015fler, bo\u015f i\u015fler. Sanat\u00e7\u0131lar\u0131n yapt\u0131\u011f\u0131 i\u015f, onlar i\u00e7in faso fiso. Atat\u00fcrk&#8217;\u00fcn sanat\u00e7\u0131lar i\u00e7in s\u00f6yledi\u011fi s\u00f6z akl\u0131ma geliyor da biraz y\u00fcre\u011fim ferahl\u0131yor.<\/p>\n<p>Bir arkada\u015f\u0131m, ameliyathane malzemeleri satan bir firmada \u00e7al\u0131\u015f\u0131yordu. Getir g\u00f6t\u00fcr i\u015flerine bak\u0131yordu. Bir g\u00fcn bana, &#8220;Ben olmasam, bu malzemeleri g\u00f6t\u00fcrmesem ameliyatlar olmaz&#8221; demi\u015fti. \u00c7aresizce, oturdu\u011fum yerde, sessizce g\u00fcld\u00fcm.<\/p>\n<p>\u00dcnl\u00fc bir yazar. Okurlar\u0131 olmadan hi\u00e7bir anlam\u0131 olmayaca\u011f\u0131n\u0131 bile bile onlar\u0131n ilgisinden rahats\u0131z.<\/p>\n<p>Do\u011fu&#8217;da askerlik yapan bir subay, b\u0131rak\u0131n di\u011fer mesleklerle kendini k\u0131yaslamay\u0131, Do\u011fu ve Bat\u0131&#8217;da g\u00f6rev yapanlar olarak bir ayr\u0131ma gidiyor ve Bat\u0131&#8217;da askerlik yapman\u0131n Do\u011fu&#8217;ya g\u00f6re \u00e7ok yavan kald\u0131\u011f\u0131n\u0131 s\u00f6yl\u00fcyor.<\/p>\n<p>B\u00fct\u00fcn \u00fcniversite hocalar\u0131, en \u00e7ok kendi bran\u015flar\u0131n\u0131n \u00f6nemli olduklar\u0131n\u0131 vurguluyorlar.<\/p>\n<p>Bu \u00f6nemi, v\u00fccudumuzun organlar\u0131na da uyguluyorlar. En \u00f6nemli organ kalptir ya da beyindir falan. Niyemi\u015f? Oturdu\u011fun yer daha m\u0131 az \u00f6nemli? Onun i\u015flevi yok mu? Onsuz rahata erebiliyor musun?<\/p>\n<p>Bizim mesle\u011fe de pek \u00f6nem vermezler; ama hi\u00e7 de \u00f6yle de\u011fildir. Yeri gelir hayat kurtar\u0131r, yeri gelir m\u00fcthi\u015f bir bilimsel \u00e7al\u0131\u015fman\u0131n ana karakterlerinden biri olur.<\/p>\n<p>Bir da\u011fda yolunuzu kaybetseniz doktorun mu yoksa o \u00e7evrede ya\u015fayan bir k\u00f6yl\u00fcn\u00fcn m\u00fc, yan\u0131n\u0131zda olmas\u0131n\u0131 isterdiniz?<\/p>\n<p><em><strong>Bence her i\u015f, yerinde a\u011f\u0131rd\u0131r!<\/strong><\/em><\/p>\n","protected":false},"excerpt":{"rendered":"<p>[avatar user=&#8221;cemozel&#8221; \/] Cem \u00d6ZEL Kullan\u0131c\u0131 Hizmetleri Y\u00f6neticisi\/Sabanc\u0131 \u00dcniversitesi Bilgi Merkezi Herkes yapm\u0131\u015f oldu\u011fu i\u015fi, bu d\u00fcnyada en \u00f6nemli i\u015f olarak g\u00f6r\u00fcr.<\/p>\n","protected":false},"author":143,"featured_media":25043,"comment_status":"open","ping_status":"open","sticky":false,"template":"","format":"standard","meta":{"footnotes":""},"categories":[1478],"tags":[1460],"class_list":["post-25042","post","type-post","status-publish","format-standard","has-post-thumbnail","hentry","category-cem-ozel","tag-kose-yazarlari"],"_links":{"self":[{"href":"https:\/\/www.bbyhaber.com\/bby\/wp-json\/wp\/v2\/posts\/25042"}],"collection":[{"href":"https:\/\/www.bbyhaber.com\/bby\/wp-json\/wp\/v2\/posts"}],"about":[{"href":"https:\/\/www.bbyhaber.com\/bby\/wp-json\/wp\/v2\/types\/post"}],"author":[{"embeddable":true,"href":"https:\/\/www.bbyhaber.com\/bby\/wp-json\/wp\/v2\/users\/143"}],"replies":[{"embeddable":true,"href":"https:\/\/www.bbyhaber.com\/bby\/wp-json\/wp\/v2\/comments?post=25042"}],"version-history":[{"count":3,"href":"https:\/\/www.bbyhaber.com\/bby\/wp-json\/wp\/v2\/posts\/25042\/revisions"}],"predecessor-version":[{"id":25320,"href":"https:\/\/www.bbyhaber.com\/bby\/wp-json\/wp\/v2\/posts\/25042\/revisions\/25320"}],"wp:featuredmedia":[{"embeddable":true,"href":"https:\/\/www.bbyhaber.com\/bby\/wp-json\/wp\/v2\/media\/25043"}],"wp:attachment":[{"href":"https:\/\/www.bbyhaber.com\/bby\/wp-json\/wp\/v2\/media?parent=25042"}],"wp:term":[{"taxonomy":"category","embeddable":true,"href":"https:\/\/www.bbyhaber.com\/bby\/wp-json\/wp\/v2\/categories?post=25042"},{"taxonomy":"post_tag","embeddable":true,"href":"https:\/\/www.bbyhaber.com\/bby\/wp-json\/wp\/v2\/tags?post=25042"}],"curies":[{"name":"wp","href":"https:\/\/api.w.org\/{rel}","templated":true}]}}