{"id":24876,"date":"2018-08-10T14:00:58","date_gmt":"2018-08-10T11:00:58","guid":{"rendered":"http:\/\/www.bbyhaber.com\/bby\/?p=24876"},"modified":"2018-10-23T09:10:01","modified_gmt":"2018-10-23T06:10:01","slug":"hedef-100-kitap","status":"publish","type":"post","link":"https:\/\/www.bbyhaber.com\/bby\/2018\/08\/10\/hedef-100-kitap","title":{"rendered":"Hedef 100 kitap! | Cem \u00d6ZEL"},"content":{"rendered":"<p>[avatar user=&#8221;cemozel&#8221; \/]<a href=\"http:\/\/www.bbyhaber.com\/bby\/author\/cemozel\"><br \/>\nCem \u00d6ZEL<\/a><br \/>\n<strong>Kullan\u0131c\u0131 Hizmetleri Y\u00f6neticisi\/Sabanc\u0131 \u00dcniversitesi Bilgi Merkezi<\/strong><\/p>\n<p><img loading=\"lazy\" decoding=\"async\" class=\"alignnone size-medium wp-image-24879\" src=\"http:\/\/www.bbyhaber.com\/bby\/wp-content\/uploads\/2018\/08\/100-300x117.jpg\" alt=\"\" width=\"390\" height=\"180\" \/><\/p>\n<p>Bu y\u0131l kendime s\u00f6z verdim. 100 kitap okuma s\u00f6z\u00fc. Ocak ay\u0131ndan bug\u00fcne geldi\u011fimizde hen\u00fcz 69 tane okumu\u015fum. Kald\u0131 31. Bu okudu\u011fum 69 kitab\u0131n i\u00e7inde ne cevherler vard\u0131 ne cevherler. Kimse &#8220;okuduktan sonra de\u011fi\u015fmedim&#8221; diye demesin. Hani bir laf vard\u0131r. &#8220;Ayn\u0131 nehirde iki kez y\u0131kanmaz&#8221; diye. Neymi\u015f efendim su akar gidermi\u015f de ayn\u0131 suyu bulamazm\u0131\u015f\u0131z. Sanki ayn\u0131 g\u00f6lde iki kere y\u0131kan\u0131yor mu ki insan? G\u00f6l dura\u011fan olsa bile ki\u015finin kendi de\u011fi\u015fmiyor mu? \u0130lk y\u0131kand\u0131\u011f\u0131n senle ikinci kez y\u0131kand\u0131\u011f\u0131n sen aras\u0131nda da\u011flar kadar fark yok mu?<!--more--><\/p>\n<p>\u0130\u015fte bu farklar\u0131 yaratmaya en m\u00fcsait dostlar da, d\u00f6n\u00fcp dola\u015f\u0131p ayn\u0131 yere geliyoruz; ama yine kitaplard\u0131r.<\/p>\n<p>Bazen bir duygu, bazen bir bilgi, nice fikrimizi de\u011fi\u015ftirmez mi, hayata bak\u0131\u015f a\u00e7\u0131m\u0131z, y\u00f6n\u00fcn\u00fc kuzeyden bat\u0131ya ya da do\u011fudan g\u00fcneye \u00e7evirmez mi? Nice \u00f6nyarg\u0131lar sanal balta darbeleriyle par\u00e7alan\u0131p un ufak edilmez mi zihnimizde?<\/p>\n<p>Ah o kitaplar! Hele bir de \u015fansl\u0131ysak, g\u00fczel bir y\u0131lsa bizim i\u00e7in ve \u015fans\u0131m\u0131za \u00e7ok g\u00fczel kitaplarla kar\u015f\u0131la\u015ft\u0131ysak, deymeyin keyfimize.<\/p>\n<p>Ben bu y\u0131l o kitaplarla fazlas\u0131yla kar\u015f\u0131la\u015ft\u0131m. \u00d6ncelikle Buket Uzuner kitaplar\u0131n\u0131n g\u00fczelli\u011fine kap\u0131ld\u0131m. \u00d6yle zevk alarak okudum ki, hazz\u0131n yan\u0131nda pek \u00e7ok da yeni bilgiler edindim.<\/p>\n<p>Nicedir okumay\u0131 arzulay\u0131p da okuyamad\u0131\u011f\u0131m Tutunamayanlar\u2019\u0131 okuyup bitirdim. Kendimi 5 ya\u015f daha olgunla\u015fm\u0131\u015f hissediyorum \u015fimdi.<\/p>\n<p>Bir yazar\u0131n kitab\u0131n\u0131 okudum; ama ne yazar\u0131n ne de kitab\u0131n ad\u0131n\u0131 burada anaca\u011f\u0131m. E bazen \u00e7\u00fcr\u00fck elmalar da yiyece\u011fiz. O \u00e7\u00fcr\u00fck elma tad\u0131ndaki kitaplar, insan\u0131n zaman\u0131n\u0131n asl\u0131nda ne kadar de\u011ferli oldu\u011funu ve h\u0131zla akan \u015fu zaman\u0131n i\u00e7inde se\u00e7ici olman\u0131n ne kadar \u00f6nemli oldu\u011funu bizlere an\u0131msat\u0131yor. K\u00f6t\u00fc kitaplar\u0131 deneyimlemek g\u00fczel kitaplar\u0131n k\u0131ymetini bildirtiyor.<\/p>\n<p>Bu zaman diliminde Fakir Baykurt\u2019la tan\u0131\u015ft\u0131m. Ge\u00e7 oldu; ama temiz oldu. Fakir Baykurt\u2019ta \u00e7ok sevdi\u011fim Orhan Kemal\u2019in tad\u0131n\u0131 ald\u0131m. Di\u011fer kitaplar\u0131n\u0131 da zevkle okuyaca\u011f\u0131m.<\/p>\n<p>Ercan Kesal\u2019\u0131n \u00f6nerdi\u011fi Jean Echenoz imzal\u0131 Ko\u015fmak adl\u0131 kitab\u0131 okurken de bazen farkl\u0131 olman\u0131n ne kadar i\u015fe yarad\u0131\u011f\u0131n\u0131 g\u00f6rd\u00fcm.<\/p>\n<p>Sonra Japon k\u00fclt\u00fcr\u00fcne merak sard\u0131m ve \u00e7ok ho\u015f bir kitap okudum. Japonlar\u0131n ne kadar m\u00fctevaz\u0131 olduklar\u0131n\u0131, k\u00fclt\u00fcrlerini, ki\u015filik yap\u0131lar\u0131n\u0131 oralara gitmeye gerek kalmadan bir g\u00fczel \u00f6\u011frenmi\u015f oldum Neslihan Sa\u011flam imzal\u0131 Duydu\u011fum ve G\u00f6rd\u00fc\u011f\u00fcm Japonya kitab\u0131yla.<\/p>\n<p>Koku adl\u0131 kitab\u0131yla me\u015fhur olan Patrick S\u00fcskind\u2019in G\u00fcvercin&#8217;iyle yeni denizlere yelken a\u00e7t\u0131m. Bir banka bek\u00e7isinin s\u0131rai\u00e7i hayat\u0131n\u0131n nas\u0131l s\u0131rad\u0131\u015f\u0131 oldu\u011funa okurunu \u015fahit etmekle \u00fcst\u00fcne yoktu.<\/p>\n<p>Ceviz b\u00fcy\u00fckl\u00fc\u011f\u00fcndeki bir \u0130nci\u2019nin nas\u0131l ba\u015fa bela olabilece\u011fini Steinbeck amcan\u0131n usta kaleminden tatm\u0131\u015f oldum.<\/p>\n<p>Panait Istrati\u2019nin doyumsuz kitaplar\u0131 da listemin i\u00e7erisinde kendine yer buldu.<\/p>\n<p>Hakan G\u00fcnday&#8217;\u0131n s\u0131rad\u0131\u015f\u0131 romanlar\u0131ndan Malafa adl\u0131 kitab\u0131 da zevkle okudum.<\/p>\n<p>Halil Cibran&#8217;\u0131n Meczup&#8217;u ve Gezgin&#8217;i de ayr\u0131 bir tat verdi.<\/p>\n<p>Elif \u015eafak&#8217;\u0131n hi\u00e7 roman\u0131n\u0131 okumad\u0131m. Belki bir g\u00fcn okurum; ama denemelerinin hepsini okudum. Son \u00e7\u0131kan kitab\u0131 da onlardan biriydi: &#8220;Sanma ki yaln\u0131zs\u0131n.&#8221; Kitaptan anlad\u0131\u011f\u0131m, yaln\u0131zl\u0131k konusunda yaln\u0131z olmad\u0131\u011f\u0131m\u0131z. Herkes biraz yaln\u0131zd\u0131r!<\/p>\n<p>Ali Lidar&#8217;\u0131 Tesirsiz Par\u00e7alar&#8217;da tan\u0131m\u0131\u015ft\u0131m. Di\u011fer denemeleri de bu s\u00fcre\u00e7te kar\u015f\u0131ma \u00e7\u0131kt\u0131. Z Raporu, Yolun Ba\u015f\u0131, Alengirli \u015eiirler ve sevdi\u011fi yazarlar\u0131 anlatt\u0131\u011f\u0131 Ki\u015fisel Edebiyat Atlas\u0131 da tam benim sevdi\u011fim kitaplard\u0131.<\/p>\n<p>Ne zamand\u0131r akl\u0131mda olan Maksim Gorki&#8217;nin Ana&#8217;s\u0131ndan sonra okumay\u0131 istedi\u011fim Benim \u00dcniversitelerim de yine okurken elimden b\u0131rakamad\u0131\u011f\u0131m kitaplardand\u0131.<\/p>\n<p>Almanya&#8217;da gazetecilik yapan Celal \u00d6zcan imzal\u0131 Sava\u015f\u0131 Sabreden Kazan\u0131r adl\u0131 kitapla tan\u0131\u015ft\u0131m. \u0130kinci evlili\u011fini yapmas\u0131na ra\u011fmen hala ikinci kocas\u0131n\u0131n soyad\u0131n\u0131 ta\u015f\u0131yan ve en sevdi\u011fi yemekler aras\u0131nda d\u00f6ner olan Fizik doktoral\u0131 Merkel&#8217;in hayat\u0131n\u0131 ve T\u00fcrkiye ile olan ili\u015fkilerini okudum.<\/p>\n<p>\u0130hsan Oktay Anar\u2019\u0131n Puslu K\u0131talar Atlas\u0131\u2019n\u0131 daha ilk c\u00fcmlesini okuduktan sonra, bana g\u00f6re de\u011fil deyip elden b\u0131rakm\u0131\u015ft\u0131m; ama \u00f6yle bir tavsiye bombard\u0131man\u0131na tutuldum ki, ona da ba\u015flad\u0131m. \u0130yi ki de ba\u015flam\u0131\u015f\u0131m. Bu arada beni okumaya korkutan c\u00fcmlesini de buraya alay\u0131m da korkumun nereden kaynakland\u0131\u011f\u0131n\u0131 g\u00f6stereyim: &#8220;Ulema, c\u00fchela ve ehli dubara; ehli namus, ehli i\u015fret ve erbab-\u0131 livata rivayet ve ilan, hikayet ve beyan&#8230;&#8221;<\/p>\n<p>Sonra yine bir tavsiye \u00fczerine \u201cAh\u015fab\u0131n \u00d6yk\u00fcs\u00fc\u201d adl\u0131 bir kitap okumaya ba\u015flad\u0131m. Kitab\u0131n g\u00fcc\u00fcn\u00fc bu eser sayesinde daha bir net anlad\u0131m. Nice g\u00fczel yaz\u0131lar ancak bir kitab\u0131n kanatlar\u0131 aras\u0131na al\u0131n\u0131rsa daha bir cazip hale geliyor. Bunu da nereden mi \u00e7\u0131kard\u0131m? \u00d6rne\u011fin mizah dergilerinde yaz\u0131lan uzun yaz\u0131lar\u0131 okumay\u0131 pek sevmiyorum. Ya da k\u00f6\u015fe yaz\u0131lar\u0131n\u0131 takip etmekte zorland\u0131\u011f\u0131m bir yazar var diyelim. Bir ba\u015fka \u00f6rnek verecek olursam; Ah\u015fap adl\u0131 bir dergi var ve ilgi alan\u0131ma girmedi\u011fi i\u00e7in teknik bilgiler i\u00e7erebilece\u011fi d\u00fc\u015f\u00fcncesiyle ya da \u00f6nyarg\u0131s\u0131yla uzak dururum; ama bu dergide yer alan baz\u0131 yaz\u0131lar\u0131n Ah\u015fab\u0131n \u00d6yk\u00fcs\u00fc ad\u0131n\u0131 alarak bir kitaba d\u00f6n\u00fc\u015ft\u00fckten sonra ilgimi \u00e7ekme g\u00fcc\u00fc daha fazlad\u0131r. B\u00fct\u00fcn yaz\u0131lar\u0131 toplu halde g\u00f6rmek de olduk\u00e7a avantajl\u0131 olur. \u0130\u015fte bu nedenle yazar\u0131n kaleminden farkl\u0131 renklere bulanan ah\u015fab\u0131 kitapla\u015ft\u0131r\u0131lm\u0131\u015f yaz\u0131larda buldum. Bu kitap sayesinde ah\u015fab\u0131n kokusunu i\u00e7ime \u00e7eke \u00e7eke okudum.<\/p>\n<p>\u0130\u015fte b\u00f6yle. Bu 69 kitab\u0131n hepsine burada de\u011finmem zor olur belki; ama kalan 31&#8217;i de tamamlarsam 100&#8217;l\u00fck bir listeyi sizinle payla\u015fmak isterim.<\/p>\n<p>Son s\u00f6z olarak da \u015funu s\u00f6ylemesem rahat edemem. Ne kadar okudu\u011fumuzdan ziyade neler okudu\u011fumuz daha \u00f6nemli.<\/p>\n<p>&nbsp;<\/p>\n","protected":false},"excerpt":{"rendered":"<p>[avatar user=&#8221;cemozel&#8221; \/] Cem \u00d6ZEL Kullan\u0131c\u0131 Hizmetleri Y\u00f6neticisi\/Sabanc\u0131 \u00dcniversitesi Bilgi Merkezi Bu y\u0131l kendime s\u00f6z verdim. 100 kitap okuma s\u00f6z\u00fc. Ocak ay\u0131ndan bug\u00fcne geldi\u011fimizde hen\u00fcz 69 tane okumu\u015fum. Kald\u0131 31. Bu okudu\u011fum 69 kitab\u0131n i\u00e7inde ne cevherler vard\u0131 ne cevherler. Kimse &#8220;okuduktan sonra de\u011fi\u015fmedim&#8221; diye demesin. Hani bir laf vard\u0131r. &#8220;Ayn\u0131 nehirde iki kez y\u0131kanmaz&#8221; [&hellip;]<\/p>\n","protected":false},"author":143,"featured_media":24879,"comment_status":"open","ping_status":"open","sticky":false,"template":"","format":"standard","meta":{"footnotes":""},"categories":[],"tags":[1460],"class_list":["post-24876","post","type-post","status-publish","format-standard","has-post-thumbnail","hentry","tag-kose-yazarlari"],"_links":{"self":[{"href":"https:\/\/www.bbyhaber.com\/bby\/wp-json\/wp\/v2\/posts\/24876"}],"collection":[{"href":"https:\/\/www.bbyhaber.com\/bby\/wp-json\/wp\/v2\/posts"}],"about":[{"href":"https:\/\/www.bbyhaber.com\/bby\/wp-json\/wp\/v2\/types\/post"}],"author":[{"embeddable":true,"href":"https:\/\/www.bbyhaber.com\/bby\/wp-json\/wp\/v2\/users\/143"}],"replies":[{"embeddable":true,"href":"https:\/\/www.bbyhaber.com\/bby\/wp-json\/wp\/v2\/comments?post=24876"}],"version-history":[{"count":5,"href":"https:\/\/www.bbyhaber.com\/bby\/wp-json\/wp\/v2\/posts\/24876\/revisions"}],"predecessor-version":[{"id":25322,"href":"https:\/\/www.bbyhaber.com\/bby\/wp-json\/wp\/v2\/posts\/24876\/revisions\/25322"}],"wp:featuredmedia":[{"embeddable":true,"href":"https:\/\/www.bbyhaber.com\/bby\/wp-json\/wp\/v2\/media\/24879"}],"wp:attachment":[{"href":"https:\/\/www.bbyhaber.com\/bby\/wp-json\/wp\/v2\/media?parent=24876"}],"wp:term":[{"taxonomy":"category","embeddable":true,"href":"https:\/\/www.bbyhaber.com\/bby\/wp-json\/wp\/v2\/categories?post=24876"},{"taxonomy":"post_tag","embeddable":true,"href":"https:\/\/www.bbyhaber.com\/bby\/wp-json\/wp\/v2\/tags?post=24876"}],"curies":[{"name":"wp","href":"https:\/\/api.w.org\/{rel}","templated":true}]}}