{"id":24849,"date":"2018-08-03T16:43:49","date_gmt":"2018-08-03T13:43:49","guid":{"rendered":"http:\/\/www.bbyhaber.com\/bby\/?p=24849"},"modified":"2018-11-03T16:41:07","modified_gmt":"2018-11-03T13:41:07","slug":"v-ulusal-akademik-kaynak-paylasim-calistayi-01-02-kasim-2018-uludag-universitesi","status":"publish","type":"post","link":"https:\/\/www.bbyhaber.com\/bby\/2018\/08\/03\/v-ulusal-akademik-kaynak-paylasim-calistayi-01-02-kasim-2018-uludag-universitesi","title":{"rendered":"V. Ulusal Akademik Kaynak Payla\u015f\u0131m \u00c7al\u0131\u015ftay\u0131, 01-02 Kas\u0131m 2018, Uluda\u011f \u00dcniversitesi"},"content":{"rendered":"<p><a href=\"http:\/\/www.bbyhaber.com\/bby\/wp-content\/uploads\/2018\/08\/kits2018.jpg\"><img loading=\"lazy\" decoding=\"async\" class=\"alignleft size-full wp-image-24850\" src=\"http:\/\/www.bbyhaber.com\/bby\/wp-content\/uploads\/2018\/08\/kits2018.jpg\" alt=\"\" width=\"390\" height=\"180\" \/><\/a>Anadolu \u00dcniversite K\u00fct\u00fcphaneleri Konsorsiyumu (ANKOS) \u0130\u015fbirli\u011fi Grubu taraf\u0131ndan organize edilen <span style=\"color: #0000ff;\"><strong>V. Ulusal Akademik Kaynak Payla\u015f\u0131m \u00c7al\u0131\u015ftay\u0131, 01-02 Kas\u0131m 2018<\/strong><\/span> tarihleri aras\u0131nda <strong><span style=\"color: #0000ff;\">Uluda\u011f \u00dcniversitesi<\/span><\/strong> ev\u00a0sahipli\u011finde d\u00fczenlenecektir.\u00a0<!--more--><\/p>\n<p>\u00c7al\u0131\u015ftay web sayfas\u0131n\u0131n olu\u015fturulmas\u0131 ba\u015flanm\u0131\u015f ve a\u015fa\u011f\u0131daki adresten eri\u015filebilir durumdad\u0131r.<\/p>\n<p><a href=\"http:\/\/kits.ankos.gen.tr\/calistay\/2018\/\" target=\"_blank\" rel=\"noopener\">http:\/\/kits.ankos.gen.tr\/calistay\/2018\/<\/a><\/p>\n<p>Akademik K\u00fct\u00fcphanelerde, kaynak payla\u015f\u0131m\u0131 ile ilgili personelin kat\u0131l\u0131m\u0131, kurumlararas\u0131 ili\u015fkilerin geli\u015ftirilmesi, mesleki geli\u015fim ve \u00e7al\u0131\u015ftay\u0131n ba\u015far\u0131s\u0131 i\u00e7in \u00e7ok \u00f6nemlidir.<\/p>\n<p>Uluda\u011f \u00dcniversitesinde yap\u0131lacak olan konferansa meslekta\u015flar\u0131m\u0131z\u0131n bildirileriyle kat\u0131lmalar\u0131 \u00f6nemle beklenmektedir.<\/p>\n<p><strong>Bildiri \u00f6zetleri<\/strong> i\u00e7in g\u00f6nderi adresi :<strong>kits@ankos.gen.tr<\/strong><\/p>\n","protected":false},"excerpt":{"rendered":"<p>Anadolu \u00dcniversite K\u00fct\u00fcphaneleri Konsorsiyumu (ANKOS) \u0130\u015fbirli\u011fi Grubu taraf\u0131ndan organize edilen V. Ulusal Akademik Kaynak Payla\u015f\u0131m \u00c7al\u0131\u015ftay\u0131, 01-02 Kas\u0131m 2018 tarihleri aras\u0131nda Uluda\u011f \u00dcniversitesi ev\u00a0sahipli\u011finde d\u00fczenlenecektir.\u00a0<\/p>\n","protected":false},"author":1,"featured_media":24850,"comment_status":"open","ping_status":"open","sticky":false,"template":"","format":"standard","meta":{"footnotes":""},"categories":[],"tags":[1395],"class_list":["post-24849","post","type-post","status-publish","format-standard","has-post-thumbnail","hentry","tag-bby-mesleki-etkinlikler-arsivi"],"_links":{"self":[{"href":"https:\/\/www.bbyhaber.com\/bby\/wp-json\/wp\/v2\/posts\/24849"}],"collection":[{"href":"https:\/\/www.bbyhaber.com\/bby\/wp-json\/wp\/v2\/posts"}],"about":[{"href":"https:\/\/www.bbyhaber.com\/bby\/wp-json\/wp\/v2\/types\/post"}],"author":[{"embeddable":true,"href":"https:\/\/www.bbyhaber.com\/bby\/wp-json\/wp\/v2\/users\/1"}],"replies":[{"embeddable":true,"href":"https:\/\/www.bbyhaber.com\/bby\/wp-json\/wp\/v2\/comments?post=24849"}],"version-history":[{"count":2,"href":"https:\/\/www.bbyhaber.com\/bby\/wp-json\/wp\/v2\/posts\/24849\/revisions"}],"predecessor-version":[{"id":24852,"href":"https:\/\/www.bbyhaber.com\/bby\/wp-json\/wp\/v2\/posts\/24849\/revisions\/24852"}],"wp:featuredmedia":[{"embeddable":true,"href":"https:\/\/www.bbyhaber.com\/bby\/wp-json\/wp\/v2\/media\/24850"}],"wp:attachment":[{"href":"https:\/\/www.bbyhaber.com\/bby\/wp-json\/wp\/v2\/media?parent=24849"}],"wp:term":[{"taxonomy":"category","embeddable":true,"href":"https:\/\/www.bbyhaber.com\/bby\/wp-json\/wp\/v2\/categories?post=24849"},{"taxonomy":"post_tag","embeddable":true,"href":"https:\/\/www.bbyhaber.com\/bby\/wp-json\/wp\/v2\/tags?post=24849"}],"curies":[{"name":"wp","href":"https:\/\/api.w.org\/{rel}","templated":true}]}}