{"id":24838,"date":"2018-08-02T13:37:50","date_gmt":"2018-08-02T10:37:50","guid":{"rendered":"http:\/\/www.bbyhaber.com\/bby\/?p=24838"},"modified":"2019-02-19T17:24:03","modified_gmt":"2019-02-19T14:24:03","slug":"vakif-universitesi-kutuphanelerinin-basili-kitap-koleksiyonu-siralamalari","status":"publish","type":"post","link":"https:\/\/www.bbyhaber.com\/bby\/2018\/08\/02\/vakif-universitesi-kutuphanelerinin-basili-kitap-koleksiyonu-siralamalari","title":{"rendered":"Vak\u0131f \u00dcniversitesi K\u00fct\u00fcphanelerinin bas\u0131l\u0131 kitap koleksiyonu s\u0131ralamalar\u0131"},"content":{"rendered":"<p>Y\u00fcksek\u00f6\u011fretim Kurulunca (Y\u00d6K), T\u00fcrkiye&#8217;deki vak\u0131f y\u00fcksek\u00f6\u011fretim kurumlar\u0131na ili\u015fkin detayl\u0131 bilgiler ilk kez &#8220;Vak\u0131f Y\u00fcksek\u00f6\u011fretim Kurumlar\u0131 2018&#8221; adl\u0131 raporda yay\u0131mland\u0131. Rapora g\u00f6re vak\u0131f \u00fcniversitelerinin k\u00fct\u00fcphane koleksiyonlar\u0131ndaki bas\u0131l\u0131 kitaplara dair veriler de yay\u0131mland\u0131 ve bir s\u0131ralama olu\u015fturuldu. Bas\u0131l\u0131 kitap koleksiyonuna dair s\u0131ralama grafi\u011fi a\u015fa\u011f\u0131daki gibidir:<!--more--><\/p>\n<p><a href=\"http:\/\/www.bbyhaber.com\/bby\/wp-content\/uploads\/2018\/08\/vaki-universiteleri-kutuphaneleri-kitap-sayilari.jpg\"><img loading=\"lazy\" decoding=\"async\" class=\"aligncenter wp-image-24841 size-full\" src=\"http:\/\/www.bbyhaber.com\/bby\/wp-content\/uploads\/2018\/08\/vaki-universiteleri-kutuphaneleri-kitap-sayilari.jpg\" alt=\"\" width=\"390\" height=\"180\" \/><\/a><\/p>\n<p><strong>Raporda Neler Var<\/strong><\/p>\n<p>Raporda, T\u00fcrkiye&#8217;deki t\u00fcm vak\u0131f y\u00fcksek\u00f6\u011fretim kurumlar\u0131n\u0131n \u00f6\u011frenci ve \u00f6\u011fretim \u00fcyesi say\u0131lar\u0131, fak\u00fclte ve MYO say\u0131lar\u0131, k\u00fct\u00fcphane b\u00fcy\u00fckl\u00fckleri, kitap say\u0131lar\u0131, d\u00fcnya s\u0131ralamalar\u0131ndaki yerleri, mezunlar\u0131n\u0131n KPSS\/ALES\/TUS gibi merkezi s\u0131navlardaki ba\u015far\u0131lar\u0131, T\u00dcB\u0130TAK proje b\u00fct\u00e7eleri, \u00f6\u011frenci ba\u015f\u0131 cari giderlerle tam bursluluk oranlar\u0131 gibi bilgilere yer verildi. T\u00fcm bu ba\u015fl\u0131klarda s\u0131ralamalar yap\u0131larak her bir y\u00fcksek\u00f6\u011fretim kurumunun farkl\u0131 alanlarda s\u0131ralamalardaki yerleri, iyi olduklar\u0131 ve hala iyile\u015ftirilmeye a\u00e7\u0131k olan y\u00f6nleri sunuldu. Kitapta ayr\u0131ca Y\u00d6K taraf\u0131ndan yap\u0131lan geli\u015ftirme ve iyile\u015ftirme faaliyetleri, mevzuat \u00e7al\u0131\u015fmalar\u0131 ve son d\u00f6nemlerde say\u0131s\u0131 olduk\u00e7a artan yerinde incelemelere ait g\u00f6rseller de payla\u015f\u0131ld\u0131.<\/p>\n<p>Y\u00d6K Ba\u015fkan\u0131 Prof. Dr. M. A. Yekta Sara\u00e7, raporun sunu\u015f b\u00f6l\u00fcm\u00fcnde yapt\u0131\u011f\u0131 de\u011ferlendirmede, vak\u0131f y\u00fcksek\u00f6\u011fretim kurumlar\u0131n\u0131n \u00fclkenin y\u00fckselen de\u011ferleri oldu\u011funa i\u015faret etti.<\/p>\n<p><strong>Vak\u0131f Y\u00fcksek\u00f6\u011fretim kurumlar\u0131 y\u00fcksek\u00f6\u011fretimimizde \u00f6nemli bir yere sahip<\/strong><\/p>\n<p>Toplumun alg\u0131s\u0131nda derin anlama sahip olan vak\u0131f kavram\u0131na at\u0131fta bulunan vak\u0131f y\u00fcksek\u00f6\u011fretim kurumlar\u0131n\u0131n, y\u00fcksek\u00f6\u011fretim sisteminde \u00f6nemli bir yer tuttu\u011funun alt\u0131n\u0131 \u00e7izen Sara\u00e7, &#8220;Zamanla anayasam\u0131za ve yasalara ayk\u0131r\u0131 \u00f6zel \u00fcniversite kavram\u0131 ile ili\u015fkilendirilmeye m\u00fcsait baz\u0131 uygulamalar bulunsa da vak\u0131f y\u00fcksek\u00f6\u011fretim kurumlar\u0131n\u0131n y\u00fcksek\u00f6\u011fretim sistemine olumlu katk\u0131lar\u0131 ve \u00f6nemi ink\u00e2r edilemez. Vak\u0131f \u00fcniversitelerimizin bilim hayat\u0131m\u0131z\u0131n geli\u015fimine ve y\u00fcksek\u00f6\u011fretime eri\u015fime yarar\u0131 oldu\u011fu kadar art\u0131k uluslararas\u0131 ba\u015far\u0131lara da imza atmakta ve \u00fclkemizin g\u00f6r\u00fcn\u00fcrl\u00fc\u011f\u00fcn\u00fc de desteklemektedir.&#8221; de\u011ferlendirmesini yapt\u0131.<\/p>\n<p><strong>Yeni Y\u00d6K&#8217;ten Yeni D\u00fczenlemeler<\/strong><\/p>\n<p>Raporun giri\u015f b\u00f6l\u00fcm\u00fcnde, Vak\u0131f Y\u00fcksek\u00f6\u011fretim Kurumlar\u0131 Koordinasyon Komisyonu Y\u00fcr\u00fct\u00fcc\u00fcs\u00fc Prof. Dr. Zeliha Ko\u00e7ak Tufan&#8217;\u0131n Birimin faaliyetleri, son d\u00f6nemlerde yap\u0131lan yeni d\u00fczenlemeler, denetlemeler, yerinde incelemeler, kurum ziyaretleri ayr\u0131ca mevzuat de\u011fi\u015fiklikleri ile ilgili \u00e7al\u0131\u015fmalar, iyile\u015ftirme ve geli\u015ftirme faaliyetleri hakk\u0131nda bilgilendirmeleri yer ald\u0131.<\/p>\n<p><strong>Alan\u0131nda \u0130lk rapor niteli\u011finde<\/strong><\/p>\n<p>Y\u00d6K taraf\u0131ndan haz\u0131rlanan, kapsam ve y\u00f6ntem itibar\u0131yla alan\u0131nda bir ilk niteli\u011findeki raporda, vak\u0131f y\u00fcksek\u00f6\u011fretim kurumlar\u0131n\u0131n akademik, mali ve idari a\u00e7\u0131lardan durumlar\u0131na grafik ve tablolar kullan\u0131larak yer verildi.<\/p>\n<p><strong>Gelecek y\u0131l Devlet \u00dcniversiteleri i\u00e7inde rapor haz\u0131rlanmas\u0131 planlan\u0131yor<\/strong><\/p>\n<p>Bundan sonra kitab\u0131n her y\u0131l yeni bilgiler ile g\u00fcncellenece\u011fine, sistemin g\u00fc\u00e7l\u00fc ve zay\u0131f y\u00f6nlerinin ortaya konaca\u011f\u0131na de\u011finen Ba\u015fkan Sara\u00e7, ayn\u0131 de\u011ferlendirmelerin \u00f6n\u00fcm\u00fczdeki y\u0131l devlet \u00fcniversiteler i\u00e7in de yapmay\u0131 planlad\u0131klar\u0131n\u0131 belirtti.<\/p>\n<p>Sara\u00e7, Yeni Y\u00d6K olarak, devlet ve vak\u0131f y\u00fcksek\u00f6\u011fretim kurumlar\u0131 ile hep birlikte bilim hayat\u0131nda s\u00fcrekli iyile\u015fme ve kalite yolculu\u011funda ilerleme kaydedeceklerine inand\u0131\u011f\u0131n\u0131 belirtti.<\/p>\n<p>&#8220;Vak\u0131f Y\u00fcksek\u00f6\u011fretim Kurumlar\u0131 2018&#8221; raporu&#8217;na ula\u015fmak i\u00e7in\u00a0<a href=\"https:\/\/www.yok.gov.tr\/Documents\/Yayinlar\/Yayinlarimiz\/vakif_yuksekogretim_2018.pdf\" target=\"_blank\" rel=\"noopener\"><u><strong>t\u0131klay\u0131n\u0131z<\/strong><\/u><\/a>.<\/p>\n","protected":false},"excerpt":{"rendered":"<p>Y\u00fcksek\u00f6\u011fretim Kurulunca (Y\u00d6K), T\u00fcrkiye&#8217;deki vak\u0131f y\u00fcksek\u00f6\u011fretim kurumlar\u0131na ili\u015fkin detayl\u0131 bilgiler ilk kez &#8220;Vak\u0131f Y\u00fcksek\u00f6\u011fretim Kurumlar\u0131 2018&#8221; adl\u0131 raporda yay\u0131mland\u0131. Rapora g\u00f6re vak\u0131f \u00fcniversitelerinin k\u00fct\u00fcphane koleksiyonlar\u0131ndaki bas\u0131l\u0131 kitaplara dair veriler de yay\u0131mland\u0131 ve bir s\u0131ralama olu\u015fturuldu. Bas\u0131l\u0131 kitap koleksiyonuna dair s\u0131ralama grafi\u011fi a\u015fa\u011f\u0131daki gibidir:<\/p>\n","protected":false},"author":1,"featured_media":24841,"comment_status":"open","ping_status":"open","sticky":false,"template":"","format":"standard","meta":{"footnotes":""},"categories":[],"tags":[1437],"class_list":["post-24838","post","type-post","status-publish","format-standard","has-post-thumbnail","hentry","tag-univ-arastirma-kutuphaneleri"],"_links":{"self":[{"href":"https:\/\/www.bbyhaber.com\/bby\/wp-json\/wp\/v2\/posts\/24838"}],"collection":[{"href":"https:\/\/www.bbyhaber.com\/bby\/wp-json\/wp\/v2\/posts"}],"about":[{"href":"https:\/\/www.bbyhaber.com\/bby\/wp-json\/wp\/v2\/types\/post"}],"author":[{"embeddable":true,"href":"https:\/\/www.bbyhaber.com\/bby\/wp-json\/wp\/v2\/users\/1"}],"replies":[{"embeddable":true,"href":"https:\/\/www.bbyhaber.com\/bby\/wp-json\/wp\/v2\/comments?post=24838"}],"version-history":[{"count":2,"href":"https:\/\/www.bbyhaber.com\/bby\/wp-json\/wp\/v2\/posts\/24838\/revisions"}],"predecessor-version":[{"id":26121,"href":"https:\/\/www.bbyhaber.com\/bby\/wp-json\/wp\/v2\/posts\/24838\/revisions\/26121"}],"wp:featuredmedia":[{"embeddable":true,"href":"https:\/\/www.bbyhaber.com\/bby\/wp-json\/wp\/v2\/media\/24841"}],"wp:attachment":[{"href":"https:\/\/www.bbyhaber.com\/bby\/wp-json\/wp\/v2\/media?parent=24838"}],"wp:term":[{"taxonomy":"category","embeddable":true,"href":"https:\/\/www.bbyhaber.com\/bby\/wp-json\/wp\/v2\/categories?post=24838"},{"taxonomy":"post_tag","embeddable":true,"href":"https:\/\/www.bbyhaber.com\/bby\/wp-json\/wp\/v2\/tags?post=24838"}],"curies":[{"name":"wp","href":"https:\/\/api.w.org\/{rel}","templated":true}]}}