{"id":24830,"date":"2018-08-01T16:19:11","date_gmt":"2018-08-01T13:19:11","guid":{"rendered":"http:\/\/www.bbyhaber.com\/bby\/?p=24830"},"modified":"2018-08-01T16:20:53","modified_gmt":"2018-08-01T13:20:53","slug":"almanyada-devasa-bir-halk-kutuphanesi-bulundu","status":"publish","type":"post","link":"https:\/\/www.bbyhaber.com\/bby\/2018\/08\/01\/almanyada-devasa-bir-halk-kutuphanesi-bulundu","title":{"rendered":"Almanya\u2019da devasa bir halk k\u00fct\u00fcphanesi bulundu"},"content":{"rendered":"<p><a href=\"http:\/\/www.bbyhaber.com\/bby\/wp-content\/uploads\/2018\/08\/almanyada-devasa-bir-halk-kutuphanesi-bulundu.jpg\"><img loading=\"lazy\" decoding=\"async\" class=\"alignleft size-full wp-image-24831\" src=\"http:\/\/www.bbyhaber.com\/bby\/wp-content\/uploads\/2018\/08\/almanyada-devasa-bir-halk-kutuphanesi-bulundu.jpg\" alt=\"\" width=\"390\" height=\"180\" \/><\/a>Almanya\u2019n\u0131n K\u00f6ln kentinde yakla\u015f\u0131k 2 bin y\u0131l \u00f6ncesine ait oldu\u011fu ve yakla\u015f\u0131k 20 bin par\u015f\u00f6mene ev sahipli\u011fi yapt\u0131\u011f\u0131 tahmin edilen halk k\u00fct\u00fcphanesi bulundu. K\u00f6ln\u2019de bulunan Roma-Cermen M\u00fczesi\u2019nden Dr. Dirk Schmitz, \u201cDuvarlardaki oyuklar\u0131n ne i\u015fe yarad\u0131\u011f\u0131n\u0131 anlamam\u0131z olduk\u00e7a zaman ald\u0131. Oyuklar\u0131n \u00e7ok k\u00fc\u00e7\u00fck olmas\u0131ndan dolay\u0131 k\u00fc\u00e7\u00fck heykellerin yerle\u015ftirilemeyece\u011fini anlad\u0131k ve buna benzer oyuklar\u0131n <strong>Efes K\u00fct\u00fcphanesi<\/strong>\u2019nde de oldu\u011funun fark\u0131na vard\u0131k\u201d dedi.<!--more--><\/p>\n<p>Guardian\u2019da yer alan habere g\u00f6re k\u00fct\u00fcphanenin ne kadar par\u015f\u00f6mene ev sahipli\u011fi yapt\u0131\u011f\u0131na dair somut bilgileri olmad\u0131\u011f\u0131n\u0131 s\u00f6yleyen Dr. Schmitz, \u201c117 y\u0131l\u0131nda in\u015fa edilen Efes K\u00fct\u00fcphanesi\u2019nden nispeten k\u00fc\u00e7\u00fck olsa da yakla\u015f\u0131k olarak 20.000 par\u015f\u00f6mene ev sahipli\u011fi yapt\u0131\u011f\u0131n\u0131 d\u00fc\u015f\u00fcn\u00fcyoruz\u201d diye ekledi.<\/p>\n<p>Dr. Schmitz yap\u0131n\u0131n k\u00fct\u00fcphane oldu\u011funa kanaat getirilmesinin en \u00f6nemli nedenin duvarlardaki k\u00fc\u00e7\u00fck h\u00fccreler oldu\u011funu da dile getirdi ve \u015f\u00f6yle devam etti:<\/p>\n<p>\u201cBina halk k\u00fct\u00fcphanesi olarak kullan\u0131lm\u0131\u015f olabilir. \u00c7\u00fcnk\u00fc yap\u0131 tam da K\u00f6ln\u2019\u00fcn merkezinde bulunan pazarda. Bina \u00e7ok kaliteli ve sa\u011flam materyallerle in\u015fa edilmi\u015f ve kent merkezinde in\u015fa edilen b\u00f6ylesi yap\u0131lar kamuya a\u00e7\u0131k yap\u0131lard\u0131r.\u201d<\/p>\n<p>K\u00fct\u00fcphanenin duvarlar\u0131, kent merkezinde bulunan bir katedralin zeminin alt\u0131nda oldu\u011fu 2017 y\u0131l\u0131nda ortaya \u00e7\u0131kar\u0131lm\u0131\u015ft\u0131.<\/p>\n<p>Almanya\u2019n\u0131n en eski \u015fehirlerinden biri olan K\u00f6ln, 50 y\u0131l\u0131nda Romal\u0131lar taraf\u0131ndan \u201cColonia\u201d (Kolonya) ismi verilerek in\u015fa edilmi\u015fti.<\/p>\n<p><a href=\"http:\/\/gazetekarinca.com\" target=\"_blank\" rel=\"noopener\">Kaynak<\/a><\/p>\n","protected":false},"excerpt":{"rendered":"<p>Almanya\u2019n\u0131n K\u00f6ln kentinde yakla\u015f\u0131k 2 bin y\u0131l \u00f6ncesine ait oldu\u011fu ve yakla\u015f\u0131k 20 bin par\u015f\u00f6mene ev sahipli\u011fi yapt\u0131\u011f\u0131 tahmin edilen halk k\u00fct\u00fcphanesi bulundu. K\u00f6ln\u2019de bulunan Roma-Cermen M\u00fczesi\u2019nden Dr. Dirk Schmitz, \u201cDuvarlardaki oyuklar\u0131n ne i\u015fe yarad\u0131\u011f\u0131n\u0131 anlamam\u0131z olduk\u00e7a zaman ald\u0131. Oyuklar\u0131n \u00e7ok k\u00fc\u00e7\u00fck olmas\u0131ndan dolay\u0131 k\u00fc\u00e7\u00fck heykellerin yerle\u015ftirilemeyece\u011fini anlad\u0131k ve buna benzer oyuklar\u0131n Efes K\u00fct\u00fcphanesi\u2019nde de [&hellip;]<\/p>\n","protected":false},"author":1,"featured_media":24831,"comment_status":"open","ping_status":"open","sticky":false,"template":"","format":"standard","meta":{"footnotes":""},"categories":[1],"tags":[862,1410],"class_list":["post-24830","post","type-post","status-publish","format-standard","has-post-thumbnail","hentry","category-genel","tag-efes-celsus-kutuphanesi","tag-uluslararasi-kutuphane-haberleri"],"_links":{"self":[{"href":"https:\/\/www.bbyhaber.com\/bby\/wp-json\/wp\/v2\/posts\/24830"}],"collection":[{"href":"https:\/\/www.bbyhaber.com\/bby\/wp-json\/wp\/v2\/posts"}],"about":[{"href":"https:\/\/www.bbyhaber.com\/bby\/wp-json\/wp\/v2\/types\/post"}],"author":[{"embeddable":true,"href":"https:\/\/www.bbyhaber.com\/bby\/wp-json\/wp\/v2\/users\/1"}],"replies":[{"embeddable":true,"href":"https:\/\/www.bbyhaber.com\/bby\/wp-json\/wp\/v2\/comments?post=24830"}],"version-history":[{"count":1,"href":"https:\/\/www.bbyhaber.com\/bby\/wp-json\/wp\/v2\/posts\/24830\/revisions"}],"predecessor-version":[{"id":24832,"href":"https:\/\/www.bbyhaber.com\/bby\/wp-json\/wp\/v2\/posts\/24830\/revisions\/24832"}],"wp:featuredmedia":[{"embeddable":true,"href":"https:\/\/www.bbyhaber.com\/bby\/wp-json\/wp\/v2\/media\/24831"}],"wp:attachment":[{"href":"https:\/\/www.bbyhaber.com\/bby\/wp-json\/wp\/v2\/media?parent=24830"}],"wp:term":[{"taxonomy":"category","embeddable":true,"href":"https:\/\/www.bbyhaber.com\/bby\/wp-json\/wp\/v2\/categories?post=24830"},{"taxonomy":"post_tag","embeddable":true,"href":"https:\/\/www.bbyhaber.com\/bby\/wp-json\/wp\/v2\/tags?post=24830"}],"curies":[{"name":"wp","href":"https:\/\/api.w.org\/{rel}","templated":true}]}}